{"id":3718,"date":"2016-11-21T11:54:27","date_gmt":"2016-11-21T16:54:27","guid":{"rendered":"http:\/\/memoire.mile-end.qc.ca\/?p=3718"},"modified":"2016-12-02T00:29:13","modified_gmt":"2016-12-02T05:29:13","slug":"lancement-de-la-carte-interactive-du-mile-end","status":"publish","type":"post","link":"http:\/\/memoire.mile-end.qc.ca\/en\/lancement-de-la-carte-interactive-du-mile-end\/","title":{"rendered":"Unveiling of the interactive historical map of Mile End"},"content":{"rendered":"<p><div id=\"attachment_3720\" style=\"width: 610px\" class=\"wp-caption alignnone\"><img aria-describedby=\"caption-attachment-3720\" loading=\"lazy\" class=\"size-medium wp-image-3720\" src=\"http:\/\/memoire.mile-end.qc.ca\/wp-content\/uploads\/Rialto-circa-1931-600x420.jpg\" alt=\"Th\u00e9\u00e2tre Rialto, 1er avril 1936, Archives de la Ville de Montr\u00e9al\" width=\"600\" height=\"420\" srcset=\"http:\/\/memoire.mile-end.qc.ca\/wp-content\/uploads\/Rialto-circa-1931-600x420.jpg 600w, http:\/\/memoire.mile-end.qc.ca\/wp-content\/uploads\/Rialto-circa-1931.jpg 603w\" sizes=\"(max-width: 600px) 100vw, 600px\" \/><p id=\"caption-attachment-3720\" class=\"wp-caption-text\">Rialto Theatre, 1 April 1936, <a href=\"https:\/\/archivesdemontreal.ica-atom.org\/theatre-rialto-avenue-du-parc-1er-avril-1936\">Archives de la Ville de Montr\u00e9al<\/a><\/p><\/div><\/p>\n<p>We&#8217;ve added a new feature to our web site: a <a href=\"http:\/\/memoire.mile-end.qc.ca\/carte\/\">map<\/a> linking to histories of about 30 important sites in the neighbourhood. Click on a pin on the map to discover the backstory of these places that have contributed to the identity of Mile End.<\/p>\n<p>The launch will take place at one of the sites included on our map, the Rialto Theatre. The event will begin with a presentation of the building&#8217;s history by architect <strong>Nathalie Tremblay<\/strong>, followed by a tour in the presence of owner\u00a0<strong>Ezio Carosielli<\/strong>, responsible for the outstanding restoration of the theatre.<\/p>\n<p><strong>Thursday 1 December 2016, starting at 5 pm<br \/>\n<\/strong>Th\u00e9\u00e2tre Rialto<br \/>\n5711 avenue du Parc<\/p>\n<p>There will be a cash bar, and snacks provide free of charge.<\/p>\n<p>Free admission.<\/p>\n<hr \/>\n<p>This project is supported financially\u00a0by the minist\u00e8re de la Culture et des Communications du Qu\u00e9bec and by\u00a0the Ville de Montr\u00e9al through\u00a0the Entente sur le d\u00e9veloppement culturel de Montr\u00e9al.<\/p>\n<table>\n<tbody>\n<tr>\n<td><img loading=\"lazy\" class=\"size-full wp-image-3913 alignright\" src=\"http:\/\/memoire.mile-end.qc.ca\/wp-content\/uploads\/logo-montreal-60.png\" alt=\"logo-montreal-60\" width=\"237\" height=\"60\" \/><\/td>\n<td><img loading=\"lazy\" class=\"size-full wp-image-3914 alignleft\" src=\"http:\/\/memoire.mile-end.qc.ca\/wp-content\/uploads\/quebw3.png\" alt=\"quebw3\" width=\"199\" height=\"60\" \/><\/td>\n<\/tr>\n<\/tbody>\n<\/table>\n<p>A portion\u00a0of the research was supported by the Laboratoire d&#8217;histoire et de patrimoine de Montr\u00e9al at Universit\u00e9 du Qu\u00e9bec \u00e0 Montr\u00e9al.<br \/>\n<img loading=\"lazy\" class=\"aligncenter size-full wp-image-3921\" src=\"http:\/\/memoire.mile-end.qc.ca\/wp-content\/uploads\/logo-uqam-lhpm-couleur-petit.png\" alt=\"logo-uqam-lhpm-couleur-petit\" width=\"404\" height=\"103\" \/><\/p>","protected":false},"excerpt":{"rendered":"<p>We&#8217;ve added a new feature to our web site: a map linking to histories of about 30 important sites in the neighbourhood. Click on a pin on the map to discover the backstory of these places that have contributed to the identity of Mile End. The launch will take place at one of the sites [&hellip;]<\/p>\n","protected":false},"author":5,"featured_media":3936,"comment_status":"open","ping_status":"open","sticky":false,"template":"","format":"standard","meta":[],"categories":[1,3],"tags":[],"_links":{"self":[{"href":"http:\/\/memoire.mile-end.qc.ca\/en\/wp-json\/wp\/v2\/posts\/3718"}],"collection":[{"href":"http:\/\/memoire.mile-end.qc.ca\/en\/wp-json\/wp\/v2\/posts"}],"about":[{"href":"http:\/\/memoire.mile-end.qc.ca\/en\/wp-json\/wp\/v2\/types\/post"}],"author":[{"embeddable":true,"href":"http:\/\/memoire.mile-end.qc.ca\/en\/wp-json\/wp\/v2\/users\/5"}],"replies":[{"embeddable":true,"href":"http:\/\/memoire.mile-end.qc.ca\/en\/wp-json\/wp\/v2\/comments?post=3718"}],"version-history":[{"count":10,"href":"http:\/\/memoire.mile-end.qc.ca\/en\/wp-json\/wp\/v2\/posts\/3718\/revisions"}],"predecessor-version":[{"id":3931,"href":"http:\/\/memoire.mile-end.qc.ca\/en\/wp-json\/wp\/v2\/posts\/3718\/revisions\/3931"}],"wp:featuredmedia":[{"embeddable":true,"href":"http:\/\/memoire.mile-end.qc.ca\/en\/wp-json\/wp\/v2\/media\/3936"}],"wp:attachment":[{"href":"http:\/\/memoire.mile-end.qc.ca\/en\/wp-json\/wp\/v2\/media?parent=3718"}],"wp:term":[{"taxonomy":"category","embeddable":true,"href":"http:\/\/memoire.mile-end.qc.ca\/en\/wp-json\/wp\/v2\/categories?post=3718"},{"taxonomy":"post_tag","embeddable":true,"href":"http:\/\/memoire.mile-end.qc.ca\/en\/wp-json\/wp\/v2\/tags?post=3718"}],"curies":[{"name":"wp","href":"https:\/\/api.w.org\/{rel}","templated":true}]}}