{"id":4876,"date":"2019-01-20T20:39:35","date_gmt":"2019-01-21T01:39:35","guid":{"rendered":"https:\/\/memoire.mile-end.qc.ca\/?p=4876"},"modified":"2019-01-28T17:15:30","modified_gmt":"2019-01-28T22:15:30","slug":"conference-levolution-des-commerces-du-mile-end","status":"publish","type":"post","link":"http:\/\/memoire.mile-end.qc.ca\/en\/conference-levolution-des-commerces-du-mile-end\/","title":{"rendered":"Talk: The evolution of Mile End retail"},"content":{"rendered":"<p><strong>The <a href=\"https:\/\/citoyensmileend.com\/\">Comit\u00e9 des citoyens du Mile End<\/a>, <a href=\"http:\/\/mile-end.com\">Association des gens d&#8217;affaires du Mile End<\/a>, and Mile End Memories are conducting a survey about residents&#8217; opinions on and needs for retail shops. <a href=\"https:\/\/www.surveymonkey.com\/r\/Mile-End_stores\">Click here to participate<\/a><\/strong><\/p>\n<hr \/>\n<div id=\"attachment_4877\" style=\"width: 970px\" class=\"wp-caption alignnone\"><img aria-describedby=\"caption-attachment-4877\" loading=\"lazy\" class=\"size-full wp-image-4877\" src=\"http:\/\/memoire.mile-end.qc.ca\/wp-content\/uploads\/image.png\" alt=\"Th\u00e9\u00e2tre Rialto et commerces, ann\u00e9es 1970\" width=\"960\" height=\"278\" srcset=\"http:\/\/memoire.mile-end.qc.ca\/wp-content\/uploads\/image.png 960w, http:\/\/memoire.mile-end.qc.ca\/wp-content\/uploads\/image-600x174.png 600w, http:\/\/memoire.mile-end.qc.ca\/wp-content\/uploads\/image-768x222.png 768w\" sizes=\"(max-width: 960px) 100vw, 960px\" \/><p id=\"caption-attachment-4877\" class=\"wp-caption-text\">Rialto Theatre and shops, 1974. Archives de la Ville de Montr\u00e9al, R3086-2_5711-8989-00<\/p><\/div>\n<p>As with good neighbours, we&#8217;re never happy when a well-loved neighborhood business has to close. Sometimes it seems they are too quickly forced away by high rents, or that the neighborhood is changing too fast for comfort. This talk will try to provide some historic perspective on the changing face of Mile End businesses.<\/p>\n<p>Also, to accompany the latest newsletter of the Soci\u00e9t\u00e9 d&#8217;histoire du Plateau on places that have been in business for a very long time, we will discuss a few Mile End examples.<\/p>\n<p>Speaker: Justin Bur, Ph.D. candidate in urban studies, UQAM, Member of Mile End Memories.<\/p>\n<p><strong>Presentation in French, bilingual discussion period<\/strong><\/p>\n<p><strong>Mordecai-Richler Library, 5434 Park Avenue<\/strong><br \/>\n<strong>Sunday, January 27, 2019, 2 pm<\/strong><\/p>\n<p>Free entry, no reservation required.<\/p>","protected":false},"excerpt":{"rendered":"<p>The Comit\u00e9 des citoyens du Mile End, Association des gens d&#8217;affaires du Mile End, and Mile End Memories are conducting a survey about residents&#8217; opinions on and needs for retail shops. Click here to participate As with good neighbours, we&#8217;re never happy when a well-loved neighborhood business has to close. Sometimes it seems they are [&hellip;]<\/p>\n","protected":false},"author":3,"featured_media":0,"comment_status":"open","ping_status":"open","sticky":false,"template":"","format":"standard","meta":[],"categories":[1,3],"tags":[],"_links":{"self":[{"href":"http:\/\/memoire.mile-end.qc.ca\/en\/wp-json\/wp\/v2\/posts\/4876"}],"collection":[{"href":"http:\/\/memoire.mile-end.qc.ca\/en\/wp-json\/wp\/v2\/posts"}],"about":[{"href":"http:\/\/memoire.mile-end.qc.ca\/en\/wp-json\/wp\/v2\/types\/post"}],"author":[{"embeddable":true,"href":"http:\/\/memoire.mile-end.qc.ca\/en\/wp-json\/wp\/v2\/users\/3"}],"replies":[{"embeddable":true,"href":"http:\/\/memoire.mile-end.qc.ca\/en\/wp-json\/wp\/v2\/comments?post=4876"}],"version-history":[{"count":3,"href":"http:\/\/memoire.mile-end.qc.ca\/en\/wp-json\/wp\/v2\/posts\/4876\/revisions"}],"predecessor-version":[{"id":4898,"href":"http:\/\/memoire.mile-end.qc.ca\/en\/wp-json\/wp\/v2\/posts\/4876\/revisions\/4898"}],"wp:attachment":[{"href":"http:\/\/memoire.mile-end.qc.ca\/en\/wp-json\/wp\/v2\/media?parent=4876"}],"wp:term":[{"taxonomy":"category","embeddable":true,"href":"http:\/\/memoire.mile-end.qc.ca\/en\/wp-json\/wp\/v2\/categories?post=4876"},{"taxonomy":"post_tag","embeddable":true,"href":"http:\/\/memoire.mile-end.qc.ca\/en\/wp-json\/wp\/v2\/tags?post=4876"}],"curies":[{"name":"wp","href":"https:\/\/api.w.org\/{rel}","templated":true}]}}