{"id":5142,"date":"2019-10-05T22:20:25","date_gmt":"2019-10-06T02:20:25","guid":{"rendered":"http:\/\/memoire.mile-end.qc.ca\/?p=5142"},"modified":"2019-10-05T22:20:25","modified_gmt":"2019-10-06T02:20:25","slug":"conference-les-archives-familiales","status":"publish","type":"post","link":"http:\/\/memoire.mile-end.qc.ca\/en\/conference-les-archives-familiales\/","title":{"rendered":"Presentation &#8211; Family Archives"},"content":{"rendered":"<p><\/p>\n<h3>Family archives:\u00a0their contributions to history and challenges of conservation<\/h3>\n<p><strong>in French<\/strong><\/p>\n<p><strong><img loading=\"lazy\" class=\"alignnone size-medium wp-image-5143\" src=\"http:\/\/memoire.mile-end.qc.ca\/wp-content\/uploads\/67938135_10157548127754168_688218674678464512_o-600x398.jpg\" alt=\"\" width=\"600\" height=\"398\" srcset=\"http:\/\/memoire.mile-end.qc.ca\/wp-content\/uploads\/67938135_10157548127754168_688218674678464512_o-600x398.jpg 600w, http:\/\/memoire.mile-end.qc.ca\/wp-content\/uploads\/67938135_10157548127754168_688218674678464512_o-768x510.jpg 768w, http:\/\/memoire.mile-end.qc.ca\/wp-content\/uploads\/67938135_10157548127754168_688218674678464512_o-1024x680.jpg 1024w, http:\/\/memoire.mile-end.qc.ca\/wp-content\/uploads\/67938135_10157548127754168_688218674678464512_o.jpg 2048w\" sizes=\"(max-width: 600px) 100vw, 600px\" \/><\/strong><\/p>\n<p><strong>Sunday 6 October 2019, 2 pm<\/strong><br \/>\n<a href=\"https:\/\/www.facebook.com\/pages\/Biblioth%C3%A8que-Mordecai-Richler\/864570873592470\" target=\"_blank\" rel=\"noopener\">Biblioth\u00e8que Mordecai-Richler<\/a><br \/>\n5434 Park Avenue<\/p>\n<p>**\u00a0Please note that the multipurpose room upstairs, where the activity takes place, will be open as usual. Only the adult section of the library, downstairs, is closed. **<\/p>\n<p>This presentation will be given by historian Andr\u00e9e L\u00e9vesque, member of the group Archives Passe-M\u00e9moire. She will talk about the importance and richness of written documents that are a testimony to the everyday life of ordinary people and how they contribute to understanding our history. She will also present some of the challenges related to their conservation, particularly during this era of Communications 2.0.<\/p>\n<p>The presentation will be in French, with a bilingual Q&amp;A period afterward.<\/p>\n<p>No registration required<\/p>","protected":false},"excerpt":{"rendered":"<p>Family archives:\u00a0their contributions to history and challenges of conservation in French Sunday 6 October 2019, 2 pm Biblioth\u00e8que Mordecai-Richler 5434 Park Avenue **\u00a0Please note that the multipurpose room upstairs, where the activity takes place, will be open as usual. Only the adult section of the library, downstairs, is closed. ** This presentation will be given [&hellip;]<\/p>\n","protected":false},"author":2,"featured_media":0,"comment_status":"open","ping_status":"open","sticky":false,"template":"","format":"standard","meta":[],"categories":[1,3],"tags":[],"_links":{"self":[{"href":"http:\/\/memoire.mile-end.qc.ca\/en\/wp-json\/wp\/v2\/posts\/5142"}],"collection":[{"href":"http:\/\/memoire.mile-end.qc.ca\/en\/wp-json\/wp\/v2\/posts"}],"about":[{"href":"http:\/\/memoire.mile-end.qc.ca\/en\/wp-json\/wp\/v2\/types\/post"}],"author":[{"embeddable":true,"href":"http:\/\/memoire.mile-end.qc.ca\/en\/wp-json\/wp\/v2\/users\/2"}],"replies":[{"embeddable":true,"href":"http:\/\/memoire.mile-end.qc.ca\/en\/wp-json\/wp\/v2\/comments?post=5142"}],"version-history":[{"count":1,"href":"http:\/\/memoire.mile-end.qc.ca\/en\/wp-json\/wp\/v2\/posts\/5142\/revisions"}],"predecessor-version":[{"id":5144,"href":"http:\/\/memoire.mile-end.qc.ca\/en\/wp-json\/wp\/v2\/posts\/5142\/revisions\/5144"}],"wp:attachment":[{"href":"http:\/\/memoire.mile-end.qc.ca\/en\/wp-json\/wp\/v2\/media?parent=5142"}],"wp:term":[{"taxonomy":"category","embeddable":true,"href":"http:\/\/memoire.mile-end.qc.ca\/en\/wp-json\/wp\/v2\/categories?post=5142"},{"taxonomy":"post_tag","embeddable":true,"href":"http:\/\/memoire.mile-end.qc.ca\/en\/wp-json\/wp\/v2\/tags?post=5142"}],"curies":[{"name":"wp","href":"https:\/\/api.w.org\/{rel}","templated":true}]}}