{"id":6481,"date":"2024-06-22T17:42:38","date_gmt":"2024-06-22T21:42:38","guid":{"rendered":"http:\/\/memoire.mile-end.qc.ca\/?p=6481"},"modified":"2024-07-13T17:49:31","modified_gmt":"2024-07-13T21:49:31","slug":"murale-les-portes-du-temps","status":"publish","type":"post","link":"http:\/\/memoire.mile-end.qc.ca\/en\/murale-les-portes-du-temps\/","title":{"rendered":"Mural Les portes du temps"},"content":{"rendered":"<p><\/p>\n<div class=\"et_pb_row et_pb_row_1\">\n<div class=\"et_pb_column et_pb_column_1_2 et_pb_column_1 et_pb_css_mix_blend_mode_passthrough\">\n<div class=\"et_pb_module et_pb_text et_pb_text_1 et_pb_text_align_justified et_pb_bg_layout_light\">\n<div class=\"et_pb_text_inner\">\n<p>In collaboration with <a href=\"http:\/\/memoire.mile-end.qc.ca\"><em>Mile End Memories<\/em><\/a>, the <a href=\"https:\/\/laurierouest.com\"><em>SDC Laurier West<\/em><\/a>, the <a href=\"https:\/\/montreal.ca\"><em>City of Montr\u00e9al<\/em><\/a> and the boutique <a href=\"https:\/\/ombresetcouleurs.ca\"><em>Ombres et couleurs<\/em> \u2013 <em>Benjamin Moore<\/em><\/a>, the mural <strong><em>Les Portes du Temps<\/em><\/strong> was created by artists <a href=\"https:\/\/www.ankhone.com\">AnkhOne<\/a> &amp; <a href=\"https:\/\/www.nicoleboyce.ca\">Nicole Boyce<\/a> in spring 2024. The mural stems from an artistic and symbolic concept. As such, it invites visitors to step through an imaginary doorway to explore different eras in the history of the Mile End district.<\/p>\n<p><strong>Follow our artists : <\/strong><a href=\"https:\/\/www.instagram.com\/ankh_one\/\">@ankh_one<\/a> &amp; <a href=\"https:\/\/www.instagram.com\/nicoleboyce_art\/\">@nicoleboyce_art<\/a><\/p>\n<div id=\"attachment_6488\" style=\"width: 610px\" class=\"wp-caption alignnone\"><a href=\"http:\/\/memoire.mile-end.qc.ca\/wp-content\/uploads\/Artistesportesdutps.jpg\"><img aria-describedby=\"caption-attachment-6488\" loading=\"lazy\" class=\"size-medium wp-image-6488\" src=\"http:\/\/memoire.mile-end.qc.ca\/wp-content\/uploads\/Artistesportesdutps-600x400.jpg\" alt=\"AnkhOne &amp; Nicole Boyce\" width=\"600\" height=\"400\" srcset=\"http:\/\/memoire.mile-end.qc.ca\/wp-content\/uploads\/Artistesportesdutps-600x400.jpg 600w, http:\/\/memoire.mile-end.qc.ca\/wp-content\/uploads\/Artistesportesdutps-1024x682.jpg 1024w, http:\/\/memoire.mile-end.qc.ca\/wp-content\/uploads\/Artistesportesdutps-768x512.jpg 768w, http:\/\/memoire.mile-end.qc.ca\/wp-content\/uploads\/Artistesportesdutps-1536x1024.jpg 1536w, http:\/\/memoire.mile-end.qc.ca\/wp-content\/uploads\/Artistesportesdutps.jpg 2000w\" sizes=\"(max-width: 600px) 100vw, 600px\" \/><\/a><p id=\"caption-attachment-6488\" class=\"wp-caption-text\">AnkhOne &amp; Nicole Boyce<\/p><\/div>\n<\/div>\n<\/div>\n<\/div>\n<\/div>\n<div class=\"et_pb_row et_pb_row_2\">\n<div class=\"et_pb_column et_pb_column_4_4 et_pb_column_3 et_pb_css_mix_blend_mode_passthrough et-last-child\">\n<div class=\"et_pb_module et_pb_text et_pb_text_3 et_pb_text_align_justified et_pb_bg_layout_light\">\n<div class=\"et_pb_text_inner\">\n<h2><strong>THEMES AND MOTIFS<\/strong><\/h2>\n<p><em>Les Portes du Temps<\/em> explores the theme of past and future through a captivating interplay of light, color and symbolism. Indeed, on the left-hand wall are iconic historical photographs and an elderly figure. These elements evoke a sense of reflection and nostalgia about the past, represented by a deliberate absence of light and color.<\/p>\n<\/div>\n<\/div>\n<div class=\"et_pb_module et_pb_text et_pb_text_4 et_pb_text_align_left et_pb_bg_layout_light\">\n<div class=\"et_pb_text_inner\">\n<div id=\"attachment_6487\" style=\"width: 2010px\" class=\"wp-caption alignnone\"><a href=\"http:\/\/memoire.mile-end.qc.ca\/wp-content\/uploads\/Murale-passeEDIT.jpg\"><img aria-describedby=\"caption-attachment-6487\" loading=\"lazy\" class=\"wp-image-6487 size-full\" src=\"http:\/\/memoire.mile-end.qc.ca\/wp-content\/uploads\/Murale-passeEDIT.jpg\" alt=\"Pass\u00e9 du Mile End sur le mur du Lio Fratelli\" width=\"2000\" height=\"1000\" srcset=\"http:\/\/memoire.mile-end.qc.ca\/wp-content\/uploads\/Murale-passeEDIT.jpg 2000w, http:\/\/memoire.mile-end.qc.ca\/wp-content\/uploads\/Murale-passeEDIT-600x300.jpg 600w, http:\/\/memoire.mile-end.qc.ca\/wp-content\/uploads\/Murale-passeEDIT-1024x512.jpg 1024w, http:\/\/memoire.mile-end.qc.ca\/wp-content\/uploads\/Murale-passeEDIT-768x384.jpg 768w, http:\/\/memoire.mile-end.qc.ca\/wp-content\/uploads\/Murale-passeEDIT-1536x768.jpg 1536w\" sizes=\"(max-width: 2000px) 100vw, 2000px\" \/><\/a><p id=\"caption-attachment-6487\" class=\"wp-caption-text\"><em>Mile End\u2019s past on the wall of Lio Fratelli<\/em><\/p><\/div>\n<\/div>\n<\/div>\n<div class=\"et_pb_module et_pb_text et_pb_text_5 et_pb_text_align_justified et_pb_bg_layout_light\">\n<div class=\"et_pb_text_inner\">\n<div class=\"flex-shrink-0 flex flex-col relative items-end\">\n<div class=\"pt-0.5 juice:pt-0\">\n<div class=\"gizmo-bot-avatar flex h-6 w-6 items-center justify-center overflow-hidden rounded-full juice:h-8 juice:w-8\">\n<div><\/div>\n<div class=\"relative p-1 rounded-sm flex items-center justify-center bg-token-main-surface-primary text-token-text-primary h-8 w-8\">As the eye moves to the right, the gradual introduction of vibrant hues and images symbolizes the present and the future. Flowers and hands embody resilience, beauty and the journey of life, linked by a unifying central motif. In this way, the interplay of light, color and symbolism aims to inspire contemplation of the passage of time. At the same time, it instills a hopeful anticipation for the future of the Mile End community.<\/div>\n<\/div>\n<\/div>\n<\/div>\n<\/div>\n<\/div>\n<div class=\"et_pb_module et_pb_text et_pb_text_6 et_pb_text_align_left et_pb_bg_layout_light\">\n<div class=\"et_pb_text_inner\">\n<div id=\"attachment_6486\" style=\"width: 2010px\" class=\"wp-caption alignnone\"><a href=\"http:\/\/memoire.mile-end.qc.ca\/wp-content\/uploads\/Murale-futurEDIT.jpg\"><img aria-describedby=\"caption-attachment-6486\" loading=\"lazy\" class=\"wp-image-6486 size-full\" src=\"http:\/\/memoire.mile-end.qc.ca\/wp-content\/uploads\/Murale-futurEDIT.jpg\" alt=\"Futur du Mile End sur le mur du Optical Center\" width=\"2000\" height=\"1000\" srcset=\"http:\/\/memoire.mile-end.qc.ca\/wp-content\/uploads\/Murale-futurEDIT.jpg 2000w, http:\/\/memoire.mile-end.qc.ca\/wp-content\/uploads\/Murale-futurEDIT-600x300.jpg 600w, http:\/\/memoire.mile-end.qc.ca\/wp-content\/uploads\/Murale-futurEDIT-1024x512.jpg 1024w, http:\/\/memoire.mile-end.qc.ca\/wp-content\/uploads\/Murale-futurEDIT-768x384.jpg 768w, http:\/\/memoire.mile-end.qc.ca\/wp-content\/uploads\/Murale-futurEDIT-1536x768.jpg 1536w\" sizes=\"(max-width: 2000px) 100vw, 2000px\" \/><\/a><p id=\"caption-attachment-6486\" class=\"wp-caption-text\"><em>Mile End\u2019s future on the wall of the Optical Center<\/em><\/p><\/div>\n<\/div>\n<\/div>\n<\/div>\n<\/div>\n<div class=\"et_pb_row et_pb_row_3\">\n<div class=\"et_pb_column et_pb_column_3_5 et_pb_column_4 et_pb_css_mix_blend_mode_passthrough\">\n<div class=\"et_pb_module et_pb_text et_pb_text_7 et_pb_text_align_justified et_pb_bg_layout_light\">\n<div class=\"et_pb_text_inner\">\n<h2><strong>CONTEXT<\/strong><\/h2>\n<div class=\"et_pb_module et_pb_text et_pb_text_7  et_pb_text_align_justified et_pb_bg_layout_light\">\n<div class=\"et_pb_text_inner\">\n<p>We\u2019re at the intersection of Saint-Urbain and Laurier Ouest, a strategic crossroads that opens onto iconic neighborhood streets and landmarks which has always been a witness to its history and the passage of time. People of diverse ethnic, linguistic and religious backgrounds share the pleasure of living here.<\/p>\n<\/div>\n<\/div>\n<\/div>\n<\/div>\n<div class=\"et_pb_module et_pb_text et_pb_text_8 et_pb_text_align_justified et_pb_bg_layout_light\">\n<div class=\"et_pb_text_inner\">\n<div id=\"attachment_6485\" style=\"width: 610px\" class=\"wp-caption alignnone\"><a href=\"http:\/\/memoire.mile-end.qc.ca\/wp-content\/uploads\/ARTISTES-2.jpg\"><img aria-describedby=\"caption-attachment-6485\" loading=\"lazy\" class=\"size-medium wp-image-6485\" src=\"http:\/\/memoire.mile-end.qc.ca\/wp-content\/uploads\/ARTISTES-2-600x480.jpg\" alt=\"Les artistes \u00e0 l\u2019\u0153uvre lors de la deuxi\u00e8me \u00e9dition du Mile End en F\u00eate\" width=\"600\" height=\"480\" srcset=\"http:\/\/memoire.mile-end.qc.ca\/wp-content\/uploads\/ARTISTES-2-600x480.jpg 600w, http:\/\/memoire.mile-end.qc.ca\/wp-content\/uploads\/ARTISTES-2-1024x819.jpg 1024w, http:\/\/memoire.mile-end.qc.ca\/wp-content\/uploads\/ARTISTES-2-768x614.jpg 768w, http:\/\/memoire.mile-end.qc.ca\/wp-content\/uploads\/ARTISTES-2-1536x1229.jpg 1536w, http:\/\/memoire.mile-end.qc.ca\/wp-content\/uploads\/ARTISTES-2.jpg 2000w\" sizes=\"(max-width: 600px) 100vw, 600px\" \/><\/a><p id=\"caption-attachment-6485\" class=\"wp-caption-text\"><em>Artists at work during the second edition of Mile End en F\u00eate<\/em><\/p><\/div>\n<\/div>\n<\/div>\n<\/div>\n<div class=\"et_pb_column et_pb_column_2_5 et_pb_column_5 et_pb_css_mix_blend_mode_passthrough et-last-child\">\n<div class=\"et_pb_module et_pb_text et_pb_text_9 et_pb_text_align_left et_pb_bg_layout_light\">\n<div><\/div>\n<div class=\"et_pb_text_inner\">This project was made possible thanks to financial support from the City of Montreal through the <a href=\"https:\/\/ville.montreal.qc.ca\/murales\/programme-art-mural\">Programme d&#8217;art mural<\/a>. <em>SDC Laurier West<\/em> is a non-profit organization whose mission is to promote the avenue as a commercial destination.<em> Mile End Memories <\/em>is the neighborhood\u2019s historical society. It provides the public with keys to the past, as well as tools to anchor the present and build the future.<\/div>\n<div><\/div>\n<div class=\"et_pb_text_inner\">\n<div id=\"attachment_6484\" style=\"width: 610px\" class=\"wp-caption alignnone\"><a href=\"http:\/\/memoire.mile-end.qc.ca\/wp-content\/uploads\/INAUGURATION-2.jpg\"><img aria-describedby=\"caption-attachment-6484\" loading=\"lazy\" class=\"size-medium wp-image-6484\" src=\"http:\/\/memoire.mile-end.qc.ca\/wp-content\/uploads\/INAUGURATION-2-600x400.jpg\" alt=\"L\u2019inauguration a eu lieu le 20 juin dernier au Optical Center\" width=\"600\" height=\"400\" srcset=\"http:\/\/memoire.mile-end.qc.ca\/wp-content\/uploads\/INAUGURATION-2-600x400.jpg 600w, http:\/\/memoire.mile-end.qc.ca\/wp-content\/uploads\/INAUGURATION-2-1024x683.jpg 1024w, http:\/\/memoire.mile-end.qc.ca\/wp-content\/uploads\/INAUGURATION-2-768x512.jpg 768w, http:\/\/memoire.mile-end.qc.ca\/wp-content\/uploads\/INAUGURATION-2.jpg 1500w\" sizes=\"(max-width: 600px) 100vw, 600px\" \/><\/a><p id=\"caption-attachment-6484\" class=\"wp-caption-text\"><em>The inauguration took place on June 20 at the Optical Center.<\/em><\/p><\/div>\n<\/div>\n<\/div>\n<\/div>\n<\/div>\n<div class=\"et_pb_row et_pb_row_4\">\n<div class=\"et_pb_column et_pb_column_4_4 et_pb_column_6 et_pb_css_mix_blend_mode_passthrough et-last-child\">\n<div class=\"et_pb_module et_pb_text et_pb_text_10 et_pb_text_align_left et_pb_bg_layout_light\">\n<div class=\"et_pb_text_inner\">\n<p><strong>Acknowledgements<\/strong>: M\u00e9lanie Leavitt, Joshua Wolfe &amp; Nathalie Tremblay (M\u00e9moire du Mile End), Marie Sterlin &amp; Marie Plourde (Conseill\u00e8res du district du Mile End), G\u00e9rard Castonguay (Ombres &amp; Couleurs), Elisabeth Coelho (Lio Fratelli), Gabriel Dallaire (SDC Laurier Ouest), \u00c9tienne Groleau (Benjamin Moore), Roxanna Ionas (AGAME), Mika\u00ebl Carriau \/ AnkhOne, Nicole Boyce (artistes), Thibault, Tanguay et Samuel (Optical Center).<\/p>\n<\/div>\n<\/div>\n<\/div>\n<\/div>\n<div class=\"et_pb_row et_pb_row_5\">\n<div class=\"et_pb_column et_pb_column_4_4 et_pb_column_7 et_pb_css_mix_blend_mode_passthrough et-last-child\">\n<div class=\"et_pb_module et_pb_text et_pb_text_11 et_pb_text_align_left et_pb_bg_layout_light\">\n<div class=\"et_pb_text_inner\">\n<h4><strong>With the support of:<\/strong><\/h4>\n<p><a href=\"http:\/\/memoire.mile-end.qc.ca\/wp-content\/uploads\/LOGOS-MURALEPORTE.png\"><img loading=\"lazy\" class=\"alignnone wp-image-6483 size-full\" src=\"http:\/\/memoire.mile-end.qc.ca\/wp-content\/uploads\/LOGOS-MURALEPORTE.png\" alt=\"\" width=\"1417\" height=\"208\" srcset=\"http:\/\/memoire.mile-end.qc.ca\/wp-content\/uploads\/LOGOS-MURALEPORTE.png 1417w, http:\/\/memoire.mile-end.qc.ca\/wp-content\/uploads\/LOGOS-MURALEPORTE-600x88.png 600w, http:\/\/memoire.mile-end.qc.ca\/wp-content\/uploads\/LOGOS-MURALEPORTE-1024x150.png 1024w, http:\/\/memoire.mile-end.qc.ca\/wp-content\/uploads\/LOGOS-MURALEPORTE-768x113.png 768w\" sizes=\"(max-width: 1417px) 100vw, 1417px\" \/><\/a><\/p>\n<\/div>\n<\/div>\n<\/div>\n<\/div>\n<p><\/p>","protected":false},"excerpt":{"rendered":"<p>In collaboration with Mile End Memories, the SDC Laurier West, the City of Montr\u00e9al and the boutique Ombres et couleurs \u2013 Benjamin Moore, the mural Les Portes du Temps was created by artists AnkhOne &amp; Nicole Boyce in spring 2024. The mural stems from an artistic and symbolic concept. As such, it invites visitors to [&hellip;]<\/p>\n","protected":false},"author":3,"featured_media":0,"comment_status":"open","ping_status":"open","sticky":false,"template":"","format":"standard","meta":[],"categories":[2,1],"tags":[],"_links":{"self":[{"href":"http:\/\/memoire.mile-end.qc.ca\/en\/wp-json\/wp\/v2\/posts\/6481"}],"collection":[{"href":"http:\/\/memoire.mile-end.qc.ca\/en\/wp-json\/wp\/v2\/posts"}],"about":[{"href":"http:\/\/memoire.mile-end.qc.ca\/en\/wp-json\/wp\/v2\/types\/post"}],"author":[{"embeddable":true,"href":"http:\/\/memoire.mile-end.qc.ca\/en\/wp-json\/wp\/v2\/users\/3"}],"replies":[{"embeddable":true,"href":"http:\/\/memoire.mile-end.qc.ca\/en\/wp-json\/wp\/v2\/comments?post=6481"}],"version-history":[{"count":3,"href":"http:\/\/memoire.mile-end.qc.ca\/en\/wp-json\/wp\/v2\/posts\/6481\/revisions"}],"predecessor-version":[{"id":6490,"href":"http:\/\/memoire.mile-end.qc.ca\/en\/wp-json\/wp\/v2\/posts\/6481\/revisions\/6490"}],"wp:attachment":[{"href":"http:\/\/memoire.mile-end.qc.ca\/en\/wp-json\/wp\/v2\/media?parent=6481"}],"wp:term":[{"taxonomy":"category","embeddable":true,"href":"http:\/\/memoire.mile-end.qc.ca\/en\/wp-json\/wp\/v2\/categories?post=6481"},{"taxonomy":"post_tag","embeddable":true,"href":"http:\/\/memoire.mile-end.qc.ca\/en\/wp-json\/wp\/v2\/tags?post=6481"}],"curies":[{"name":"wp","href":"https:\/\/api.w.org\/{rel}","templated":true}]}}