{"id":6685,"date":"2025-06-12T11:18:47","date_gmt":"2025-06-12T15:18:47","guid":{"rendered":"http:\/\/memoire.mile-end.qc.ca\/?p=6685"},"modified":"2025-06-12T11:20:38","modified_gmt":"2025-06-12T15:20:38","slug":"avant-le-champ-des-possibles-les-mutations-dune-friche-industrielle-2","status":"publish","type":"post","link":"http:\/\/memoire.mile-end.qc.ca\/en\/avant-le-champ-des-possibles-les-mutations-dune-friche-industrielle-2\/","title":{"rendered":"Before the Champ des Possibles: The transformation of an industrial wasteland"},"content":{"rendered":"<p><strong><em>Free walking tour<\/em><\/strong><\/p>\n<p><em><strong>in collaboration with Amis du Champ des Possibles<\/strong><\/em><\/p>\n<p><strong>Sunday, June 22, 1:30 p.m.<\/strong><\/p>\n<div id=\"attachment_6541\" style=\"width: 1034px\" class=\"wp-caption alignnone\"><a href=\"http:\/\/memoire.mile-end.qc.ca\/wp-content\/uploads\/2009_Champ_3_Marke_Ambard-copie-1.jpg\"><img aria-describedby=\"caption-attachment-6541\" loading=\"lazy\" class=\"wp-image-6541 size-large\" src=\"http:\/\/memoire.mile-end.qc.ca\/wp-content\/uploads\/2009_Champ_3_Marke_Ambard-copie-1-1024x406.jpg\" alt=\"\" width=\"1024\" height=\"406\" srcset=\"http:\/\/memoire.mile-end.qc.ca\/wp-content\/uploads\/2009_Champ_3_Marke_Ambard-copie-1-1024x406.jpg 1024w, http:\/\/memoire.mile-end.qc.ca\/wp-content\/uploads\/2009_Champ_3_Marke_Ambard-copie-1-600x238.jpg 600w, http:\/\/memoire.mile-end.qc.ca\/wp-content\/uploads\/2009_Champ_3_Marke_Ambard-copie-1-768x305.jpg 768w, http:\/\/memoire.mile-end.qc.ca\/wp-content\/uploads\/2009_Champ_3_Marke_Ambard-copie-1.jpg 1200w\" sizes=\"(max-width: 1024px) 100vw, 1024px\" \/><\/a><p id=\"caption-attachment-6541\" class=\"wp-caption-text\">Le Champ des Possibles en 2009. Photo de Marke Ambard.<\/p><\/div>\n<p>Initially a forest of cedar trees, next a stone quarry, a dump, and then a railway yard. Discover the history of the Champ des Possibles.<\/p>\n<p>The site currently occupied by the Champ des Possibles has a rich and varied history. It is closely linked to that of the linear park across the C.P. railway tracks, the De Carri\u00e8res multi-purpose trail. This trail was meant to be the first link in a green corridor, extending over 100 kilometres. Although the grand project did not come to fruition, several grassroots initiatives have been implemented on both sides of the tracks. This walking tour will provide an update on the ongoing transformations of the post-industrial brownfield sites along the railway corridor and discuss many of the challenges that remain.<\/p>\n<p><strong>Melanie Leavitt\u00a0<\/strong>is a member of the Board of Directors of Mile End Memories. This tour is based on research by historian Yves Desjardins, author of Histoire du Mile End, and Justin Bur, also a member of the board of Mile End Memories. Further information on the history of the Champ des Possibles is available on the organization\u2019s website. Duration of the visit: 90 minutes. Limited number of places: <a href=\"https:\/\/www.eventbrite.ca\/e\/1393028338259?aff=oddtdtcreator\" target=\"_blank\" rel=\"noopener\">reservation via Eventbrite<\/a>. Une version fran\u00e7aise de cette visite commencera \u00e0 13h00.<\/p>\n<p>Departure point:\u00a0<strong>De\u00a0Gasp\u00e9 Avenue de Gasp\u00e9 &amp; All\u00e9e Saint-Viateur, Montreal, QC H2T 2A3<\/strong><\/p>\n<p>A voluntary contribution to support our activities will be appreciated.<\/p>","protected":false},"excerpt":{"rendered":"<p>Free walking tour in collaboration with Amis du Champ des Possibles Sunday, June 22, 1:30 p.m. Initially a forest of cedar trees, next a stone quarry, a dump, and then a railway yard. Discover the history of the Champ des Possibles. The site currently occupied by the Champ des Possibles has a rich and varied [&hellip;]<\/p>\n","protected":false},"author":3,"featured_media":0,"comment_status":"open","ping_status":"open","sticky":false,"template":"","format":"standard","meta":[],"categories":[1],"tags":[],"_links":{"self":[{"href":"http:\/\/memoire.mile-end.qc.ca\/en\/wp-json\/wp\/v2\/posts\/6685"}],"collection":[{"href":"http:\/\/memoire.mile-end.qc.ca\/en\/wp-json\/wp\/v2\/posts"}],"about":[{"href":"http:\/\/memoire.mile-end.qc.ca\/en\/wp-json\/wp\/v2\/types\/post"}],"author":[{"embeddable":true,"href":"http:\/\/memoire.mile-end.qc.ca\/en\/wp-json\/wp\/v2\/users\/3"}],"replies":[{"embeddable":true,"href":"http:\/\/memoire.mile-end.qc.ca\/en\/wp-json\/wp\/v2\/comments?post=6685"}],"version-history":[{"count":2,"href":"http:\/\/memoire.mile-end.qc.ca\/en\/wp-json\/wp\/v2\/posts\/6685\/revisions"}],"predecessor-version":[{"id":6687,"href":"http:\/\/memoire.mile-end.qc.ca\/en\/wp-json\/wp\/v2\/posts\/6685\/revisions\/6687"}],"wp:attachment":[{"href":"http:\/\/memoire.mile-end.qc.ca\/en\/wp-json\/wp\/v2\/media?parent=6685"}],"wp:term":[{"taxonomy":"category","embeddable":true,"href":"http:\/\/memoire.mile-end.qc.ca\/en\/wp-json\/wp\/v2\/categories?post=6685"},{"taxonomy":"post_tag","embeddable":true,"href":"http:\/\/memoire.mile-end.qc.ca\/en\/wp-json\/wp\/v2\/tags?post=6685"}],"curies":[{"name":"wp","href":"https:\/\/api.w.org\/{rel}","templated":true}]}}