{"id":6695,"date":"2025-08-11T09:25:11","date_gmt":"2025-08-11T13:25:11","guid":{"rendered":"http:\/\/memoire.mile-end.qc.ca\/?p=6695"},"modified":"2025-08-31T16:35:03","modified_gmt":"2025-08-31T20:35:03","slug":"eglise-saint-enfant-jesus-visite-et-conference-journees-du-patrimoine-religieux","status":"publish","type":"post","link":"http:\/\/memoire.mile-end.qc.ca\/en\/eglise-saint-enfant-jesus-visite-et-conference-journees-du-patrimoine-religieux\/","title":{"rendered":"(Fran\u00e7ais) \u00c9glise Saint-Enfant-J\u00e9sus \u2013 visite et conf\u00e9rence \u2013\u00a0Journ\u00e9es du patrimoine religieux"},"content":{"rendered":"<p class=\"qtranxs-available-languages-message qtranxs-available-languages-message-en\">Sorry, this entry is only available in <a href=\"http:\/\/memoire.mile-end.qc.ca\/fr\/wp-json\/wp\/v2\/posts\/6695\" class=\"qtranxs-available-language-link qtranxs-available-language-link-fr\" title=\"Fran\u00e7ais\">French<\/a>.<\/p>","protected":false},"excerpt":{"rendered":"<p>Sorry, this entry is only available in French.<\/p>\n","protected":false},"author":3,"featured_media":0,"comment_status":"open","ping_status":"open","sticky":false,"template":"","format":"standard","meta":[],"categories":[1,3,5],"tags":[],"_links":{"self":[{"href":"http:\/\/memoire.mile-end.qc.ca\/en\/wp-json\/wp\/v2\/posts\/6695"}],"collection":[{"href":"http:\/\/memoire.mile-end.qc.ca\/en\/wp-json\/wp\/v2\/posts"}],"about":[{"href":"http:\/\/memoire.mile-end.qc.ca\/en\/wp-json\/wp\/v2\/types\/post"}],"author":[{"embeddable":true,"href":"http:\/\/memoire.mile-end.qc.ca\/en\/wp-json\/wp\/v2\/users\/3"}],"replies":[{"embeddable":true,"href":"http:\/\/memoire.mile-end.qc.ca\/en\/wp-json\/wp\/v2\/comments?post=6695"}],"version-history":[{"count":4,"href":"http:\/\/memoire.mile-end.qc.ca\/en\/wp-json\/wp\/v2\/posts\/6695\/revisions"}],"predecessor-version":[{"id":6709,"href":"http:\/\/memoire.mile-end.qc.ca\/en\/wp-json\/wp\/v2\/posts\/6695\/revisions\/6709"}],"wp:attachment":[{"href":"http:\/\/memoire.mile-end.qc.ca\/en\/wp-json\/wp\/v2\/media?parent=6695"}],"wp:term":[{"taxonomy":"category","embeddable":true,"href":"http:\/\/memoire.mile-end.qc.ca\/en\/wp-json\/wp\/v2\/categories?post=6695"},{"taxonomy":"post_tag","embeddable":true,"href":"http:\/\/memoire.mile-end.qc.ca\/en\/wp-json\/wp\/v2\/tags?post=6695"}],"curies":[{"name":"wp","href":"https:\/\/api.w.org\/{rel}","templated":true}]}}