{"id":6850,"date":"2026-08-22T22:11:06","date_gmt":"2026-08-23T02:11:06","guid":{"rendered":"http:\/\/memoire.mile-end.qc.ca\/fr\/?p=6850"},"modified":"2026-08-22T22:17:05","modified_gmt":"2026-08-23T02:17:05","slug":"eglise-saint-enfant-jesus-visite-lors-des-journees-du-patrimoine-religieux","status":"publish","type":"post","link":"http:\/\/memoire.mile-end.qc.ca\/en\/francais-eglise-saint-enfant-jesus-visite-lors-des-journees-du-patrimoine-religieux\/","title":{"rendered":"(Fran\u00e7ais) \u00c9glise Saint-Enfant-J\u00e9sus \u2013 visite lors des Journ\u00e9es du patrimoine religieux"},"content":{"rendered":"<p class=\"qtranxs-available-languages-message qtranxs-available-languages-message-en\">Sorry, this entry is only available in <a href=\"http:\/\/memoire.mile-end.qc.ca\/fr\/wp-json\/wp\/v2\/posts\/6850\" class=\"qtranxs-available-language-link qtranxs-available-language-link-fr\" title=\"Fran\u00e7ais\">French<\/a>.<\/p>","protected":false},"excerpt":{"rendered":"<p>Sorry, this entry is only available in French.<\/p>\n","protected":false},"author":2,"featured_media":6696,"comment_status":"open","ping_status":"open","sticky":false,"template":"","format":"standard","meta":[],"categories":[1,5],"tags":[],"_links":{"self":[{"href":"http:\/\/memoire.mile-end.qc.ca\/en\/wp-json\/wp\/v2\/posts\/6850"}],"collection":[{"href":"http:\/\/memoire.mile-end.qc.ca\/en\/wp-json\/wp\/v2\/posts"}],"about":[{"href":"http:\/\/memoire.mile-end.qc.ca\/en\/wp-json\/wp\/v2\/types\/post"}],"author":[{"embeddable":true,"href":"http:\/\/memoire.mile-end.qc.ca\/en\/wp-json\/wp\/v2\/users\/2"}],"replies":[{"embeddable":true,"href":"http:\/\/memoire.mile-end.qc.ca\/en\/wp-json\/wp\/v2\/comments?post=6850"}],"version-history":[{"count":3,"href":"http:\/\/memoire.mile-end.qc.ca\/en\/wp-json\/wp\/v2\/posts\/6850\/revisions"}],"predecessor-version":[{"id":6853,"href":"http:\/\/memoire.mile-end.qc.ca\/en\/wp-json\/wp\/v2\/posts\/6850\/revisions\/6853"}],"wp:featuredmedia":[{"embeddable":true,"href":"http:\/\/memoire.mile-end.qc.ca\/en\/wp-json\/wp\/v2\/media\/6696"}],"wp:attachment":[{"href":"http:\/\/memoire.mile-end.qc.ca\/en\/wp-json\/wp\/v2\/media?parent=6850"}],"wp:term":[{"taxonomy":"category","embeddable":true,"href":"http:\/\/memoire.mile-end.qc.ca\/en\/wp-json\/wp\/v2\/categories?post=6850"},{"taxonomy":"post_tag","embeddable":true,"href":"http:\/\/memoire.mile-end.qc.ca\/en\/wp-json\/wp\/v2\/tags?post=6850"}],"curies":[{"name":"wp","href":"https:\/\/api.w.org\/{rel}","templated":true}]}}