{"id":36,"count":13,"description":"Des portraits de quelques personnes qui ont marqu\u00e9 le quartier derni\u00e8rement. De l'histoire r\u00e9cente et plus personnelle.","link":"http:\/\/memoire.mile-end.qc.ca\/fr\/category\/portraits-du-quartier\/","name":"Portraits du quartier","slug":"portraits-du-quartier","taxonomy":"category","parent":0,"meta":[],"_links":{"self":[{"href":"http:\/\/memoire.mile-end.qc.ca\/fr\/wp-json\/wp\/v2\/categories\/36"}],"collection":[{"href":"http:\/\/memoire.mile-end.qc.ca\/fr\/wp-json\/wp\/v2\/categories"}],"about":[{"href":"http:\/\/memoire.mile-end.qc.ca\/fr\/wp-json\/wp\/v2\/taxonomies\/category"}],"wp:post_type":[{"href":"http:\/\/memoire.mile-end.qc.ca\/fr\/wp-json\/wp\/v2\/posts?categories=36"}],"curies":[{"name":"wp","href":"https:\/\/api.w.org\/{rel}","templated":true}]}}