{"id":120,"date":"2009-08-04T09:30:12","date_gmt":"2009-08-04T13:30:12","guid":{"rendered":"http:\/\/www.mile-end.qc.ca\/?p=120"},"modified":"2013-12-27T22:00:56","modified_gmt":"2013-12-28T03:00:56","slug":"visite-ajoutee-au-programme-dimanche-9-aout-2009","status":"publish","type":"post","link":"http:\/\/memoire.mile-end.qc.ca\/fr\/visite-ajoutee-au-programme-dimanche-9-aout-2009\/","title":{"rendered":"Visite ajout\u00e9e au programme, dimanche 9 ao\u00fbt 2009"},"content":{"rendered":"<p><em>Visite \u00e0 pied\u00a0:<br \/>\n<strong>Les plantes m\u00e9dicinales et comestibles du Mile End<\/strong><\/em><\/p>\n<p><strong><em>Lana Kim McGeary, herboriste<\/em><\/strong><\/p>\n<p>Les organismes\u00a0<strong><em>M\u00e9moire du Mile End*<\/em> <\/strong>et\u00a0<strong><em>Slow Food Montr\u00e9al** <\/em><\/strong>vous invitent \u00e0 d\u00e9couvrir et \u00e0 identifier les plantes m\u00e9dicinales et comestibles qu\u2019on trouve dans les rues, les ruelles, les terrains vagues et les jardins du quartier Mile End.<\/p>\n<p><em>Date et heure\u00a0:<\/em> <strong>dimanche 9 ao\u00fbt 2009, 11 h 00 \u00e0 13 h 00 (beau temps, mauvais temps)<\/strong><\/p>\n<p><em>D\u00e9part\u00a0:<\/em> <strong>devant l\u2019\u00e9glise Saint-Enfant-J\u00e9sus<\/strong>, rue Saint-Dominique entre le boulevard Saint-Joseph et l\u2019avenue Laurier (autobus 55 ou 51, ou m\u00e9tro Laurier)<\/p>\n<p><em>Langues\u00a0:<\/em> en fran\u00e7ais avec discussion et questions en fran\u00e7ais et en anglais<\/p>\n<p><em>Co\u00fbt\u00a0: <\/em>12 $ par personne<\/p>\n<p><em>R\u00e9servations\u00a0: <\/em>Aucune r\u00e9servation n\u2019est requise.<strong> <\/strong><\/p>\n<p>Cette activit\u00e9 est organis\u00e9e par Janis Zubalik et Sylvie Audouin de\u00a0<strong><em>M\u00e9moire du Mile End*<\/em><\/strong>, en collaboration avec David Szanto de\u00a0<strong><em>Slow Food Montr\u00e9al**.<\/em><\/strong><\/p>\n<p><em>*\u00a0<strong>M\u00e9moire du Mile End<\/strong><\/em> (<a href=\"http:\/\/memoire.mile-end.qc.ca\/\">www.mile-end.qc.ca<\/a>) est un organisme \u00e0 but non lucratif d\u00e9di\u00e9 au patrimoine, \u00e0 l\u2019histoire et \u00e0 la culture du quartier Mile End. <a href=\"calendrier\/\" target=\"_self\">Voir le programme estival.<\/a><\/p>\n<p>**\u00a0<strong><em>Slowfood Montr\u00e9al<\/em><\/strong> (<a href=\"http:\/\/www.slowfoodquebec\/\">www.slowfoodquebec<\/a>) est une association \u00e9co-gastronomique \u00e0 but non lucratif fond\u00e9e pour enrayer la disparition de la biodiversit\u00e9 et des traditions gastronomiques locales, pour soutenir la relation producteur-consommateur, et pour promouvoir l\u2019\u00e9ducation au go\u00fbt.<\/p>","protected":false},"excerpt":{"rendered":"<p>Visite \u00e0 pied\u00a0: Les plantes m\u00e9dicinales et comestibles du Mile End Lana Kim McGeary, herboriste Les organismes\u00a0M\u00e9moire du Mile End* et\u00a0Slow Food Montr\u00e9al** vous invitent \u00e0 d\u00e9couvrir et \u00e0 identifier les plantes m\u00e9dicinales et comestibles qu\u2019on trouve dans les rues, les ruelles, les terrains vagues et les jardins du quartier Mile End. Date et heure\u00a0: [&hellip;]<\/p>\n","protected":false},"author":4,"featured_media":0,"comment_status":"closed","ping_status":"open","sticky":false,"template":"","format":"standard","meta":[],"categories":[5],"tags":[],"_links":{"self":[{"href":"http:\/\/memoire.mile-end.qc.ca\/fr\/wp-json\/wp\/v2\/posts\/120"}],"collection":[{"href":"http:\/\/memoire.mile-end.qc.ca\/fr\/wp-json\/wp\/v2\/posts"}],"about":[{"href":"http:\/\/memoire.mile-end.qc.ca\/fr\/wp-json\/wp\/v2\/types\/post"}],"author":[{"embeddable":true,"href":"http:\/\/memoire.mile-end.qc.ca\/fr\/wp-json\/wp\/v2\/users\/4"}],"replies":[{"embeddable":true,"href":"http:\/\/memoire.mile-end.qc.ca\/fr\/wp-json\/wp\/v2\/comments?post=120"}],"version-history":[{"count":1,"href":"http:\/\/memoire.mile-end.qc.ca\/fr\/wp-json\/wp\/v2\/posts\/120\/revisions"}],"predecessor-version":[{"id":2333,"href":"http:\/\/memoire.mile-end.qc.ca\/fr\/wp-json\/wp\/v2\/posts\/120\/revisions\/2333"}],"wp:attachment":[{"href":"http:\/\/memoire.mile-end.qc.ca\/fr\/wp-json\/wp\/v2\/media?parent=120"}],"wp:term":[{"taxonomy":"category","embeddable":true,"href":"http:\/\/memoire.mile-end.qc.ca\/fr\/wp-json\/wp\/v2\/categories?post=120"},{"taxonomy":"post_tag","embeddable":true,"href":"http:\/\/memoire.mile-end.qc.ca\/fr\/wp-json\/wp\/v2\/tags?post=120"}],"curies":[{"name":"wp","href":"https:\/\/api.w.org\/{rel}","templated":true}]}}