{"id":166,"date":"2009-08-20T22:30:18","date_gmt":"2009-08-21T02:30:18","guid":{"rendered":"http:\/\/www.mile-end.qc.ca\/?p=166"},"modified":"2013-12-27T21:59:42","modified_gmt":"2013-12-28T02:59:42","slug":"les-voix-de-la-main-milendoise-le-boulevard-saint-laurent-de-mont-royal-a-van-horne","status":"publish","type":"post","link":"http:\/\/memoire.mile-end.qc.ca\/fr\/les-voix-de-la-main-milendoise-le-boulevard-saint-laurent-de-mont-royal-a-van-horne\/","title":{"rendered":"Les Voix de la Main milendoise : le boulevard Saint-Laurent de Mont-Royal \u00e0 Van Horne"},"content":{"rendered":"<p><\/p>\n<p align=\"center\"><em><strong>Les Voix de la <\/strong><\/em><strong>Main<em> <\/em><em>milendoise<\/em><em> <\/em><em>:<\/em><em> le boulevard Saint-Laurent de Mont-Royal \u00e0 Van Horne<\/em><\/strong><strong><em> <\/em><\/strong><\/p>\n<p align=\"center\"><strong>(Visite \u00e0 pied, en fran\u00e7ais avec interventions en anglais,<br \/>\nen collaboration avec\u00a0<em>Les Amis du boulevard Saint-Laurent<\/em>)<\/strong><\/p>\n<p align=\"center\">\n<p><strong>Venez apprendre les histoires des politiciens municipaux et propri\u00e9taires qui ont contribu\u00e9 \u00e0 la construction et la transformation de la section du boulevard Saint-Laurent qui faisait partie de la municipalit\u00e9 autonome de Saint-Louis au tournant du 20<sup>e<\/sup> si\u00e8cle. Vous aurez \u00e9galement l\u2019occasion d\u2019\u00e9couter les histoires des entrepreneurs, des commer\u00e7ants et des r\u00e9sidants repr\u00e9sentant plusieurs communaut\u00e9s culturelles qui ont travaill\u00e9 et v\u00e9cu sur la\u00a0<em>Main milendoise <\/em>au fil du temps.<\/strong><\/p>\n<p>&nbsp;<\/p>\n<p><strong><em>Date\u00a0et heure : <\/em><\/strong><strong>dimanche 30 ao\u00fbt 2009, de 14\u00a0h\u00a000 \u00e0 17\u00a0h\u00a000<\/strong><strong> <\/strong><\/p>\n<p><em>D\u00e9part\u00a0: <\/em>angle sud-ouest du boulevard Saint-Laurent et de l&#8217;avenue du Mont-Royal (m\u00e9tro Mont-Royal, autobus 11, 97, 55)<\/p>\n<p><em>Fin\u00a0: <\/em>angle du boulevard Saint-Laurent et de l\u2019avenue Van Horne (autobus 55, m\u00e9tro Rosemont)<\/p>\n<p><em>Prix\u00a0: <\/em>12 $ (10 $ pour les membres des Amis du boulevard Saint-Laurent)<\/p>\n<p><em>R\u00e9servations\u00a0:<\/em> aucune r\u00e9servation n\u2019est requise<\/p>\n<p><em>Renseignements :<\/em> <a href=\"http:\/\/www.amisboulevardstlaurent.com\/\">www.amisboulevardstlaurent.com<\/a> \/\u00a0<a href=\"http:\/\/memoire.mile-end.qc.ca\/\">www.mile-end.qc.ca<\/a><\/p>\n<p><strong><em>M\u00e9moire du Mile End<\/em><\/strong><strong> <\/strong>est un organisme \u00e0 but non lucratif d\u00e9di\u00e9 au patrimoine, \u00e0 l\u2019histoire et \u00e0 la culture du quartier Mile End.<\/p>","protected":false},"excerpt":{"rendered":"<p>Les Voix de la Main milendoise : le boulevard Saint-Laurent de Mont-Royal \u00e0 Van Horne (Visite \u00e0 pied, en fran\u00e7ais avec interventions en anglais, en collaboration avec\u00a0Les Amis du boulevard Saint-Laurent) Venez apprendre les histoires des politiciens municipaux et propri\u00e9taires qui ont contribu\u00e9 \u00e0 la construction et la transformation de la section du boulevard Saint-Laurent [&hellip;]<\/p>\n","protected":false},"author":4,"featured_media":0,"comment_status":"closed","ping_status":"open","sticky":false,"template":"","format":"standard","meta":[],"categories":[5],"tags":[],"_links":{"self":[{"href":"http:\/\/memoire.mile-end.qc.ca\/fr\/wp-json\/wp\/v2\/posts\/166"}],"collection":[{"href":"http:\/\/memoire.mile-end.qc.ca\/fr\/wp-json\/wp\/v2\/posts"}],"about":[{"href":"http:\/\/memoire.mile-end.qc.ca\/fr\/wp-json\/wp\/v2\/types\/post"}],"author":[{"embeddable":true,"href":"http:\/\/memoire.mile-end.qc.ca\/fr\/wp-json\/wp\/v2\/users\/4"}],"replies":[{"embeddable":true,"href":"http:\/\/memoire.mile-end.qc.ca\/fr\/wp-json\/wp\/v2\/comments?post=166"}],"version-history":[{"count":1,"href":"http:\/\/memoire.mile-end.qc.ca\/fr\/wp-json\/wp\/v2\/posts\/166\/revisions"}],"predecessor-version":[{"id":2332,"href":"http:\/\/memoire.mile-end.qc.ca\/fr\/wp-json\/wp\/v2\/posts\/166\/revisions\/2332"}],"wp:attachment":[{"href":"http:\/\/memoire.mile-end.qc.ca\/fr\/wp-json\/wp\/v2\/media?parent=166"}],"wp:term":[{"taxonomy":"category","embeddable":true,"href":"http:\/\/memoire.mile-end.qc.ca\/fr\/wp-json\/wp\/v2\/categories?post=166"},{"taxonomy":"post_tag","embeddable":true,"href":"http:\/\/memoire.mile-end.qc.ca\/fr\/wp-json\/wp\/v2\/tags?post=166"}],"curies":[{"name":"wp","href":"https:\/\/api.w.org\/{rel}","templated":true}]}}