{"id":179,"date":"2009-09-04T11:30:28","date_gmt":"2009-09-04T15:30:28","guid":{"rendered":"http:\/\/www.mile-end.qc.ca\/?p=179"},"modified":"2013-12-27T21:57:44","modified_gmt":"2013-12-28T02:57:44","slug":"le-patrimoine-residentiel-du-mile-end","status":"publish","type":"post","link":"http:\/\/memoire.mile-end.qc.ca\/fr\/le-patrimoine-residentiel-du-mile-end\/","title":{"rendered":"Le patrimoine r\u00e9sidentiel du Mile End"},"content":{"rendered":"<p>VISITE \u00c0 PIED\u00a0EN FRAN\u00c7AIS :<br \/>\n<strong>LE PATRIMOINE RESIDENTIEL DU MILE END<br \/>\n<em>Susan Bronson, architecte et historienne<\/em><\/strong><\/p>\n<p><a href=\"http:\/\/memoire.mile-end.qc.ca\/wp-content\/uploads\/MME-affiche.09091213.patres.pdf\" target=\"_blank\">T\u00e9l\u00e9charger l&#8217;affiche en format PDF<\/a><\/p>\n<p>L\u2019organisme\u00a0<em>M\u00e9moire du Mile End* <\/em>vous invite \u00e0 nous accompagner dans une promenade \u00e0 travers les rues et ruelles du Mile End. La visite se centrera sur les maisons en rang\u00e9e\u00a0: les circonstances qui ont influenc\u00e9 leur design et leur construction, les changements qu\u2019elles ont subis au cours du dernier si\u00e8cle et les d\u00e9fis de conservation qu\u2019elles pr\u00e9sentent aujourd\u2019hui. Seront \u00e9galement explor\u00e9es les autres typologies r\u00e9sidentielles du quartier\u00a0: les maisons de ville, les immeubles r\u00e9sidentiels, les couvents et les b\u00e2timents industriels et commerciaux transform\u00e9s.<\/p>\n<p>&nbsp;<\/p>\n<p><em>Date et heure\u00a0:<\/em> <strong>dimanche 13 septembre 2009, de 14 h 00 \u00e0 16 h 30 (beau temps, mauvais temps)<\/strong><\/p>\n<p><em>D\u00e9part\u00a0:<\/em> \u00c9glise Saint-Enfant-J\u00e9sus, 5039, rue Saint-Dominique (entre Saint-Joseph et\u00a0 Laurier, m\u00e9tro Laurier, autobus 51, 55)<br \/>\n<em>Co\u00fbt\u00a0: <\/em>12 $ \/ personne<\/p>\n<p><em>Renseignements (aucune r\u00e9servation requise)\u00a0:<\/em> 514-849-9543<\/p>\n<p><em>* M\u00e9moire du Mile End <\/em>est un organisme \u00e0 but non lucratif d\u00e9vou\u00e9 au patrimoine, \u00e0 l\u2019histoire et \u00e0 la culture du quartier Mile End.<\/p>","protected":false},"excerpt":{"rendered":"<p>VISITE \u00c0 PIED\u00a0EN FRAN\u00c7AIS : LE PATRIMOINE RESIDENTIEL DU MILE END Susan Bronson, architecte et historienne T\u00e9l\u00e9charger l&#8217;affiche en format PDF L\u2019organisme\u00a0M\u00e9moire du Mile End* vous invite \u00e0 nous accompagner dans une promenade \u00e0 travers les rues et ruelles du Mile End. La visite se centrera sur les maisons en rang\u00e9e\u00a0: les circonstances qui ont [&hellip;]<\/p>\n","protected":false},"author":4,"featured_media":0,"comment_status":"closed","ping_status":"open","sticky":false,"template":"","format":"standard","meta":[],"categories":[5],"tags":[],"_links":{"self":[{"href":"http:\/\/memoire.mile-end.qc.ca\/fr\/wp-json\/wp\/v2\/posts\/179"}],"collection":[{"href":"http:\/\/memoire.mile-end.qc.ca\/fr\/wp-json\/wp\/v2\/posts"}],"about":[{"href":"http:\/\/memoire.mile-end.qc.ca\/fr\/wp-json\/wp\/v2\/types\/post"}],"author":[{"embeddable":true,"href":"http:\/\/memoire.mile-end.qc.ca\/fr\/wp-json\/wp\/v2\/users\/4"}],"replies":[{"embeddable":true,"href":"http:\/\/memoire.mile-end.qc.ca\/fr\/wp-json\/wp\/v2\/comments?post=179"}],"version-history":[{"count":2,"href":"http:\/\/memoire.mile-end.qc.ca\/fr\/wp-json\/wp\/v2\/posts\/179\/revisions"}],"predecessor-version":[{"id":2330,"href":"http:\/\/memoire.mile-end.qc.ca\/fr\/wp-json\/wp\/v2\/posts\/179\/revisions\/2330"}],"wp:attachment":[{"href":"http:\/\/memoire.mile-end.qc.ca\/fr\/wp-json\/wp\/v2\/media?parent=179"}],"wp:term":[{"taxonomy":"category","embeddable":true,"href":"http:\/\/memoire.mile-end.qc.ca\/fr\/wp-json\/wp\/v2\/categories?post=179"},{"taxonomy":"post_tag","embeddable":true,"href":"http:\/\/memoire.mile-end.qc.ca\/fr\/wp-json\/wp\/v2\/tags?post=179"}],"curies":[{"name":"wp","href":"https:\/\/api.w.org\/{rel}","templated":true}]}}