{"id":223,"date":"2009-09-23T13:13:20","date_gmt":"2009-09-23T17:13:20","guid":{"rendered":"http:\/\/www.mile-end.qc.ca\/?p=223"},"modified":"2013-12-27T21:56:21","modified_gmt":"2013-12-28T02:56:21","slug":"decouvrez-le-secteur-saint-viateur-est","status":"publish","type":"post","link":"http:\/\/memoire.mile-end.qc.ca\/fr\/decouvrez-le-secteur-saint-viateur-est\/","title":{"rendered":"D\u00e9couvrez le secteur Saint-Viateur Est"},"content":{"rendered":"<p><strong><em>VENEZ NOUS JOINDRE CETTE FIN DE SEMAINE POUR D\u00c9COUVRIR ET C\u00c9L\u00c9BRER LA DIVERSIT\u00c9 DU PATRIMOINE DU SECTEUR SAINT-VIATEUR EST DU MILE END <span style=\"font-weight: normal;\">(D\u00c9LIMIT\u00c9 PAR LE BOULEVARD SAINT-LAURENT, LA VOIE FERR\u00c9E PR\u00c8S DE L\u2019AVENUE VAN HORNE, LA RUE SAINT-DENIS ET L\u2019AVENUE LAURIER)<\/span><\/em><em>, AVEC SES M\u00c9GASTRUCTURES, SA VOIE FERR\u00c9E, SON \u00ab\u00a0CHAMP DES POSSIBLES\u00a0\u00bb, SES MAISONS EN RANG\u00c9E, SON COUVENT CLO\u00ceTR\u00c9 ET SA \u00ab\u00a0MAIN\u00a0\u00bb\u00a0:<\/em><\/strong><\/p>\n<p><em>\u00a0<\/em><\/p>\n<hr \/>\n<p><em>Dans le cadre du <\/em><strong><em>\u00ab\u00a0Mile End \u00e0 ciel ouvert\u00a0\u00bb des Journ\u00e9es de la Culture 2009<\/em><\/strong><em>,<br \/>\n<span style=\"font-style: normal;\"><em>en collaboration avec le Comit\u00e9 des citoyens du Mile End et Les Amis du boulevard Saint-Laurent, <\/em><strong><em>M\u00e9moire du Mile End*<\/em><\/strong><em> vous offre\u00a0:<\/em><\/span><\/em><\/p>\n<p>DES MINI-VISITES \u00c0 PIED\u00a0EN FRAN\u00c7AIS ET EN ANGLAIS :<\/p>\n<p><strong>LA CULTURE ET LE PATRIMOINE DU SECTEUR SAINT-VIATEUR EST DU MILE END <\/strong><\/p>\n<p><strong><em>Susan Bronson, architecte et historienne, Jos\u00e9e Laplace, doctorante en \u00e9tudes urbaines, et Justin Bur, M.Urb.<\/em><\/strong><\/p>\n<p><em>Date et heures\u00a0:<\/em><strong> samedi 26 septembre 2009, 14 h 00 et 17 h 00 en fran\u00e7ais, 13 h 00 et 16 h en anglais <\/strong>(beau temps, mauvais temps)<br \/>\n<em>D\u00e9part\u00a0:<\/em> angle des rues Saint-Viateur Est et Saint-Dominique<br \/>\n<em>Co\u00fbt\u00a0:<\/em> Gratuit<br \/>\n<em>Renseignements (aucune r\u00e9servation n\u2019est requise) : <\/em>514-849-9543<\/p>\n<p><strong>Veuillez noter que la rue Saint-Viateur Est sera ferm\u00e9e et qu\u2019un menu extraordinaire d\u2019activit\u00e9s sp\u00e9ciales sera offert \u00e0 travers le secteur. Voir <\/strong><a href=\"http:\/\/www.journeesdelaculture.qc.ca\/mile-end-a-ciel-ouvert\/\"><strong>http:\/\/www.journeesdelaculture.qc.ca\/mile-end-a-ciel-ouvert\/<\/strong><\/a><strong> pour plus de renseignements.<\/strong><\/p>\n<p><em>\u00a0<\/em><\/p>\n<hr \/>\n<p><strong><em>ET, POUR CEUX ET CELLES QUI PR\u00c9F\u00c9RAIT UN APER\u00c7U PLUS D\u00c9TAILL\u00c9 DU SECTEUR\u00a0:<\/em><\/strong><\/p>\n<p>&nbsp;<\/p>\n<p><em>Dans le cadre de <\/em><strong><em>l\u2019Op\u00e9ration patrimoine architectural de Montr\u00e9al 2009<\/em><\/strong><em>,<br \/>\nen collaboration avec le Comit\u00e9 des citoyens du Mile End et Les Amis du boulevard Saint-Laurent,<br \/>\n<span style=\"font-style: normal;\"><strong><em>M\u00e9moire du Mile End<\/em><\/strong><em>* vous offre\u00a0:<\/em><\/span><\/em><\/p>\n<p>DES VISITES \u00c0 PIED\u00a0EN FRAN\u00c7AIS ET EN ANGLAIS :<\/p>\n<p><strong>LE SECTEUR SAINT-VIATEUR EST DU MILE END<\/strong><\/p>\n<p><strong><em>Susan Bronson, architecte et historienne, Jos\u00e9e Laplace, doctorante en \u00e9tudes urbaines, et Justin Bur, M.Urb.<\/em><\/strong><\/p>\n<p><em>Date et heure\u00a0:<\/em> <strong>dimanche 27 septembre 2009, 14 h 00 \u00e0 16 h 30<\/strong> (beau temps, mauvais temps)<br \/>\n<em>D\u00e9part\u00a0:<\/em> \u00e9glise Saint-Enfant-J\u00e9sus, 5039, rue Saint-Dominique (entre Saint-Joseph et\u00a0 Laurier, m\u00e9tro Laurier, autobus 51, 55)<br \/>\n<em>Co\u00fbt\u00a0:<\/em> gratuit<br \/>\n<em>Renseignements (aucune r\u00e9servation n\u2019est requise) : <\/em>514-849-9543<\/p>\n<p><em>\u00a0<\/em><\/p>\n<hr \/>\n<p><em>* <\/em><strong><em>M\u00e9moire du Mile End<\/em><\/strong><em> <\/em>est un organisme \u00e0 but non lucratif d\u00e9vou\u00e9 au patrimoine, \u00e0 l\u2019histoire et \u00e0 la culture du quartier Mile End.<\/p>","protected":false},"excerpt":{"rendered":"<p>VENEZ NOUS JOINDRE CETTE FIN DE SEMAINE POUR D\u00c9COUVRIR ET C\u00c9L\u00c9BRER LA DIVERSIT\u00c9 DU PATRIMOINE DU SECTEUR SAINT-VIATEUR EST DU MILE END (D\u00c9LIMIT\u00c9 PAR LE BOULEVARD SAINT-LAURENT, LA VOIE FERR\u00c9E PR\u00c8S DE L\u2019AVENUE VAN HORNE, LA RUE SAINT-DENIS ET L\u2019AVENUE LAURIER), AVEC SES M\u00c9GASTRUCTURES, SA VOIE FERR\u00c9E, SON \u00ab\u00a0CHAMP DES POSSIBLES\u00a0\u00bb, SES MAISONS EN RANG\u00c9E, [&hellip;]<\/p>\n","protected":false},"author":4,"featured_media":0,"comment_status":"closed","ping_status":"open","sticky":false,"template":"","format":"standard","meta":[],"categories":[5],"tags":[],"_links":{"self":[{"href":"http:\/\/memoire.mile-end.qc.ca\/fr\/wp-json\/wp\/v2\/posts\/223"}],"collection":[{"href":"http:\/\/memoire.mile-end.qc.ca\/fr\/wp-json\/wp\/v2\/posts"}],"about":[{"href":"http:\/\/memoire.mile-end.qc.ca\/fr\/wp-json\/wp\/v2\/types\/post"}],"author":[{"embeddable":true,"href":"http:\/\/memoire.mile-end.qc.ca\/fr\/wp-json\/wp\/v2\/users\/4"}],"replies":[{"embeddable":true,"href":"http:\/\/memoire.mile-end.qc.ca\/fr\/wp-json\/wp\/v2\/comments?post=223"}],"version-history":[{"count":1,"href":"http:\/\/memoire.mile-end.qc.ca\/fr\/wp-json\/wp\/v2\/posts\/223\/revisions"}],"predecessor-version":[{"id":2328,"href":"http:\/\/memoire.mile-end.qc.ca\/fr\/wp-json\/wp\/v2\/posts\/223\/revisions\/2328"}],"wp:attachment":[{"href":"http:\/\/memoire.mile-end.qc.ca\/fr\/wp-json\/wp\/v2\/media?parent=223"}],"wp:term":[{"taxonomy":"category","embeddable":true,"href":"http:\/\/memoire.mile-end.qc.ca\/fr\/wp-json\/wp\/v2\/categories?post=223"},{"taxonomy":"post_tag","embeddable":true,"href":"http:\/\/memoire.mile-end.qc.ca\/fr\/wp-json\/wp\/v2\/tags?post=223"}],"curies":[{"name":"wp","href":"https:\/\/api.w.org\/{rel}","templated":true}]}}