{"id":2604,"date":"2014-02-27T10:25:14","date_gmt":"2014-02-27T15:25:14","guid":{"rendered":"http:\/\/memoire.mile-end.qc.ca\/?p=2604&#038;lang=fr"},"modified":"2014-03-08T21:17:38","modified_gmt":"2014-03-09T03:17:38","slug":"conference-ici-un-souvenir-patsy-van-roost","status":"publish","type":"post","link":"http:\/\/memoire.mile-end.qc.ca\/fr\/conference-ici-un-souvenir-patsy-van-roost\/","title":{"rendered":"Conf\u00e9rence: ICI un souvenir \u2013 Patsy Van Roost"},"content":{"rendered":"<p>Patsy Van Roost est une artiste multidisciplinaire qui a d\u00e9velopp\u00e9 une forme d\u2019art public dont le succ\u00e8s tient \u00e0 la participation active des r\u00e9sidents du quartier. Surnomm\u00e9e \u00abla f\u00e9e du Mile End\u00bb, Patsy a r\u00e9cemment lanc\u00e9 <a href=\"http:\/\/patsyvanroost.com\/\">une s\u00e9rie d\u2019initiatives<\/a>, telles \u00abLa petite fille aux alumettes\u00bb, \u00abLa mer dans le Mile End\u00bb, \u00abVous \u00eates ici\u00bb, ou encore \u00ab<a href=\"https:\/\/www.facebook.com\/events\/544478405667171\/\">L\u00e0 o\u00f9 l\u2019amour coule<\/a>\u00bb.<\/p>\n<p>L\u2019automne dernier, avec l\u2019appui de l\u2019arrondissement, elle a cr\u00e9\u00e9 \u00abICI un souvenir\u00bb. M\u00e9moire du Mile End s\u2019est associ\u00e9 \u00e0 ce projet qui visait justement \u00e0 recueillir la m\u00e9moire associ\u00e9e \u00e0 des lieux du Plateau Mont-Royal.<\/p>\n<p>Venez donc rencontrer Patsy \u00e0 la biblioth\u00e8que du Mile End \u00e0 14h00 le 9 mars prochain. Elle vous racontera la gen\u00e8se et l\u2019\u00e9volution de ses projets \u00abd\u2019art participatif\u00bb qui contribuent \u00e0 renforcer le sentiment d\u2019appartenance communautaire dans le quartier. Vous pourrez \u00e9changer avec elle sur ses projets, pass\u00e9s, pr\u00e9sents et futurs! Et nous d\u00e9voilerons, \u00e0 cette occasion, comment M\u00e9moire du Mile End et Patsy entendent <a title=\"ICI un souvenir\" href=\"http:\/\/memoire.mile-end.qc.ca\/?p=2617&amp;lang=fr\">conserver la m\u00e9moire<\/a> d\u2019\u00abICI un souvenir\u00bb.<\/p>\n<p><a href=\"http:\/\/memoire.mile-end.qc.ca\/wp-content\/uploads\/Patsy-UJPO.jpg\"><img loading=\"lazy\" class=\"alignnone size-medium wp-image-2605\" alt=\"Patsy -  UJPO\" src=\"http:\/\/memoire.mile-end.qc.ca\/wp-content\/uploads\/Patsy-UJPO-525x600.jpg\" width=\"525\" height=\"600\" srcset=\"http:\/\/memoire.mile-end.qc.ca\/wp-content\/uploads\/Patsy-UJPO-525x600.jpg 525w, http:\/\/memoire.mile-end.qc.ca\/wp-content\/uploads\/Patsy-UJPO-897x1024.jpg 897w, http:\/\/memoire.mile-end.qc.ca\/wp-content\/uploads\/Patsy-UJPO.jpg 1480w\" sizes=\"(max-width: 525px) 100vw, 525px\" \/><\/a><\/p>\n<p><b>Dimanche 9 mars 2014,<br \/>\nde 14\u00a0h \u00e0 16\u00a0h<\/b><\/p>\n<p><b>Biblioth\u00e8que du Mile End<br \/>\n5434 avenue du Parc, Montr\u00e9al\u00a0<\/b>(au sud de Saint-Viateur \u2013 autobus 80)<\/p>\n<p><b>Gratuit<\/b><\/p>\n<p><b>Conf\u00e9rence en fran\u00e7ais,\u00a0<\/b>discussion en fran\u00e7ais et en anglais<\/p>","protected":false},"excerpt":{"rendered":"<p>Patsy Van Roost est une artiste multidisciplinaire qui a d\u00e9velopp\u00e9 une forme d\u2019art public dont le succ\u00e8s tient \u00e0 la participation active des r\u00e9sidents du quartier. Surnomm\u00e9e \u00abla f\u00e9e du Mile End\u00bb, Patsy a r\u00e9cemment lanc\u00e9 une s\u00e9rie d\u2019initiatives, telles \u00abLa petite fille aux alumettes\u00bb, \u00abLa mer dans le Mile End\u00bb, \u00abVous \u00eates ici\u00bb, ou [&hellip;]<\/p>\n","protected":false},"author":5,"featured_media":0,"comment_status":"open","ping_status":"closed","sticky":false,"template":"","format":"standard","meta":[],"categories":[1,3],"tags":[],"_links":{"self":[{"href":"http:\/\/memoire.mile-end.qc.ca\/fr\/wp-json\/wp\/v2\/posts\/2604"}],"collection":[{"href":"http:\/\/memoire.mile-end.qc.ca\/fr\/wp-json\/wp\/v2\/posts"}],"about":[{"href":"http:\/\/memoire.mile-end.qc.ca\/fr\/wp-json\/wp\/v2\/types\/post"}],"author":[{"embeddable":true,"href":"http:\/\/memoire.mile-end.qc.ca\/fr\/wp-json\/wp\/v2\/users\/5"}],"replies":[{"embeddable":true,"href":"http:\/\/memoire.mile-end.qc.ca\/fr\/wp-json\/wp\/v2\/comments?post=2604"}],"version-history":[{"count":5,"href":"http:\/\/memoire.mile-end.qc.ca\/fr\/wp-json\/wp\/v2\/posts\/2604\/revisions"}],"predecessor-version":[{"id":2628,"href":"http:\/\/memoire.mile-end.qc.ca\/fr\/wp-json\/wp\/v2\/posts\/2604\/revisions\/2628"}],"wp:attachment":[{"href":"http:\/\/memoire.mile-end.qc.ca\/fr\/wp-json\/wp\/v2\/media?parent=2604"}],"wp:term":[{"taxonomy":"category","embeddable":true,"href":"http:\/\/memoire.mile-end.qc.ca\/fr\/wp-json\/wp\/v2\/categories?post=2604"},{"taxonomy":"post_tag","embeddable":true,"href":"http:\/\/memoire.mile-end.qc.ca\/fr\/wp-json\/wp\/v2\/tags?post=2604"}],"curies":[{"name":"wp","href":"https:\/\/api.w.org\/{rel}","templated":true}]}}