{"id":2811,"date":"2014-04-23T14:28:15","date_gmt":"2014-04-23T18:28:15","guid":{"rendered":"http:\/\/memoire.mile-end.qc.ca\/?p=2811&#038;lang=fr"},"modified":"2018-11-29T16:11:48","modified_gmt":"2018-11-29T21:11:48","slug":"la-famille-beaubien","status":"publish","type":"post","link":"http:\/\/memoire.mile-end.qc.ca\/fr\/la-famille-beaubien\/","title":{"rendered":"4.1\u00a0: La famille Beaubien"},"content":{"rendered":"<p><\/p>\n<h2><span style=\"font-size: 24pt;\">Chapitre 4 &#8211; La famille Beaubien<\/span><\/h2>\n<p class=\"soustitre\">Premi\u00e8re partie : Pierre Beaubien, m\u00e9decin et grand propri\u00e9taire foncier<\/p>\n<p>La carte \u00abVillages of C\u00f4te St. Louis, St. Louis du Mile End, Outremont and C\u00f4te des Neiges\u00bb, publi\u00e9e dans l&#8217;atlas Hopkins en 1879<a name=\"foot_loc_2811_1\" class=\"annie_footnoteRef annie_custom\" title=\"BAnQ, Atlas Hopkins, 1879, pp. 90-91. En ligne\u00a0: http:\/\/services.banq.qc.ca\/sdx\/cep\/document.xsp?id=0000174244\" href=\"http:\/\/memoire.mile-end.qc.ca\/fr\/la-famille-beaubien\/#foot_text_2811_1\">1<\/a>montre bien que les Bagg ont, imm\u00e9diatement \u00e0 l&#8217;est du chemin Saint-Laurent, des voisins qui sont eux aussi de grands propri\u00e9taires terriens : les Beaubien. Si la famille Bagg fait partie de l&#8217;establishment anglophone, on peut en dire autant de la famille Beaubien du c\u00f4t\u00e9 de la bourgeoisie canadienne-fran\u00e7aise d&#8217;alors. Tout comme les Bagg, trois g\u00e9n\u00e9rations de Beaubien \u2013 Pierre, Louis et Charles \u2013 contribueront par leurs actions \u00e0 modeler le visage actuel du Plateau Mont-Royal. La famille jouera \u00e9galement un r\u00f4le essentiel dans la cr\u00e9ation et le d\u00e9veloppement d&#8217;Outremont, enclavant ainsi d&#8217;une certaine fa\u00e7on, le domaine adjacent de la famille Bagg. On peut avancer que les r\u00e9seaux financiers des deux familles, s&#8217;appuyant sur leurs groupes ethniques respectifs, contribueront \u00e9galement au d\u00e9veloppement diff\u00e9renci\u00e9 des territoires situ\u00e9s \u00e0 l&#8217;est et l&#8217;ouest du chemin Saint-Laurent, renfor\u00e7ant le caract\u00e8re frontalier de ce dernier.<\/p>\n<p>La famille Bagg poss\u00e8de, \u00e0 l&#8217;ouest de Saint-Laurent, des terres qui resteront essentiellement consacr\u00e9es \u00e0 l&#8217;agriculture et \u00e0 la vill\u00e9giature jusqu&#8217;\u00e0 la fin du 19<sup>e<\/sup> si\u00e8cle; ainsi, les fermes \u00abMile End\u00bb et \u00abBlack Gate\u00bb ne commenceront \u00e0 \u00eatre loties qu&#8217;apr\u00e8s 1890.<a name=\"foot_loc_2811_2\" class=\"annie_footnoteRef annie_custom\" title=\"La fronti\u00e8re entre les deux fermes correspondait, grosso modo, \u00e0 l&#8217;actuelle avenue Fairmount.\" href=\"http:\/\/memoire.mile-end.qc.ca\/fr\/la-famille-beaubien\/#foot_text_2811_2\">2<\/a><\/p>\n<p>Du c\u00f4t\u00e9 est par contre, la famille Beaubien intervient dans un territoire o\u00f9 se trouve d\u00e9j\u00e0 un village, qui se scindera en trois municipalit\u00e9s distinctes : l&#8217;ancien hameau de la tannerie des B\u00e9lair est devenu officiellement C\u00f4te-Saint-Louis en 1846, comme nous l&#8217;avons vu dans le chapitre 2. Deux autres villages en \u00e9mergeront\u00a0: Saint-Jean Baptiste en 1861 et Saint-Louis du Mile End, en 1878. Dans ce dernier cas, l&#8217;action de la famille Beaubien fut d\u00e9cisive.<\/p>\n<p><span style=\"color: #3c5610; font-family: Century Schoolbook; font-size: 12pt;\"><em>Pierre Beaubien, m\u00e9decin et grand propri\u00e9taire foncier<br \/>\n<\/em><\/span><\/p>\n<p>Le premier Beaubien, Pierre (1796-1881), est m\u00e9decin et politicien : dipl\u00f4m\u00e9 de la Sorbonne, il fut un des fondateurs de l&#8217;\u00e9cole francophone de m\u00e9decine de Montr\u00e9al s&#8217;opposant ainsi aux m\u00e9decins de McGill qui voulaient conserver leur monopole.<a name=\"foot_loc_2811_3\" class=\"annie_footnoteRef annie_custom\" title=\"\nJacques Bernier, \u00abPierre Beaubien\u00bb, Dictionnaire biographique du Canada\u00a0: http:\/\/www.biographi.ca\/fr\/bio\/beaubien_pierre_11F.html. \" href=\"http:\/\/memoire.mile-end.qc.ca\/fr\/la-famille-beaubien\/#foot_text_2811_3\">3<\/a> Mais c&#8217;est son activit\u00e9 de promoteur foncier qui nous int\u00e9resse ici : au milieu du 19e si\u00e8cle, il est parmi les plus grands propri\u00e9taires de Montr\u00e9al, et poss\u00e8de de vastes terres \u00e0 C\u00f4te-Sainte-Catherine, C\u00f4te-Saint-Louis et C\u00f4te-des-Neiges, l\u00e0 se trouve l&#8217;actuel cimeti\u00e8re catholique.<\/p>\n<p>Pierre Beaubien acquiert une premi\u00e8re partie de ses terres en 1842. Le 23 juillet 1842, un partage met fin \u00e0 une querelle entre les h\u00e9ritiers d&#8217;une des plus vastes fortunes canadienne-fran\u00e7aises du 18e si\u00e8cle, celle de Pierre Foretier et de son \u00e9pouse, Th\u00e9r\u00e8se Legrand. Ce partage met \u00e9galement un terme \u00e0 la plus longue saga judiciaire de l&#8217;histoire du Canada \u00e0 cette \u00e9poque; les nombreuses poursuites avaient compl\u00e8tement bloqu\u00e9 le d\u00e9veloppement des terres poss\u00e9d\u00e9es par le couple.<a name=\"foot_loc_2811_4\" class=\"annie_footnoteRef annie_custom\" title=\" Joanne Burgess, \u00abPierre Foretier\u00bb, Dictionnaire biographique du Canada, http:\/\/www.biographi.ca\/fr\/bio\/foretier_pierre_5F.html.\" href=\"http:\/\/memoire.mile-end.qc.ca\/fr\/la-famille-beaubien\/#foot_text_2811_4\">4<\/a><\/p>\n<p>Le docteur Beaubien, qui avait achet\u00e9 les droits d&#8217;un des h\u00e9ritiers, re\u00e7oit alors le cinqui\u00e8me de la succession. Cette part correspond essentiellement \u00e0 deux vastes propri\u00e9t\u00e9s\u00a0: la \u00abterre de Sainte-Catherine\u00bb \u2013 au c\u0153ur de ce qui deviendra la municipalit\u00e9 d&#8217;Outremont \u2013 et la \u00abterre des carri\u00e8res\u00bb, situ\u00e9e au nord de l&#8217;ancien fief Closse.<a name=\"foot_loc_2811_5\" class=\"annie_footnoteRef annie_custom\" title=\"BAnQ, Actes du notaire Jean-Joseph Girouard,\u00a0Partage de la succession de feu dame Th\u00e9r\u00e8se Legrand, \u00e9pouse de Pierre Foretier, Esq. 28 juillet 1842, no 162, p. 58-59.\" href=\"http:\/\/memoire.mile-end.qc.ca\/fr\/la-famille-beaubien\/#foot_text_2811_5\">5<\/a><\/p>\n<p>La \u00abterre des carri\u00e8res\u00bb est une longue bande \u00e9troite\u00a0du coteau Saint-Louis : ses limites actuelles correspondent au sud, \u00e0 l&#8217;avenue du Mont-Royal; au nord, \u00e0 la rue de Castelnau; \u00e0 l&#8217;ouest, au boulevard Saint-Laurent; et \u00e0 l&#8217;est, \u00e0 l&#8217;avenue Coloniale. Deux ans plus tard, en 1844, Pierre Beaubien \u00e9largit son territoire lorsqu&#8217;il s&#8217;associe \u00e0 deux autres politiciens, Louis-Hippolyte Lafontaine, futur premier ministre du Canada et Joseph Bourret, alors maire de Montr\u00e9al, pour faire l&#8217;acquisition de l&#8217;arri\u00e8re-fief La Gaucheti\u00e8re adjacent, dont la fronti\u00e8re est correspond l&#8217;actuelle <span lang=\"FR-CA\">avenue de l\u2019H\u00f4tel-de-Ville<\/span>.<a name=\"foot_loc_2811_6\" class=\"annie_footnoteRef annie_custom\" title=\"BAnQ, Actes du notaire Jean-Joseph Girouard, Foi &amp; hommage pour le fief Lagaucheti\u00e8re, relevant du s\u00e9minaire de l&#8217;ile de Montr\u00e9al, 15 mai 1844.\" href=\"http:\/\/memoire.mile-end.qc.ca\/fr\/la-famille-beaubien\/#foot_text_2811_6\">6<\/a><span lang=\"FR-CA\">\u00a0Pierre Beaubien compl\u00e8te ses acquisitions au Mile End en 1845, lorsqu\u2019une bande de terrain qui va jusqu\u2019\u00e0 l\u2019actuelle avenue Henri-Julien et qui appartenait \u00e0 Jacob Wurtele est vendue aux ench\u00e8res.<\/span><\/p>\n<div id=\"attachment_2863\" style=\"width: 296px\" class=\"wp-caption alignnone\"><a href=\"http:\/\/memoire.mile-end.qc.ca\/wp-content\/uploads\/Pierre-Beaubien.png\"><img aria-describedby=\"caption-attachment-2863\" loading=\"lazy\" class=\"size-full wp-image-2863\" src=\"http:\/\/memoire.mile-end.qc.ca\/wp-content\/uploads\/Pierre-Beaubien.png\" alt=\"Pierre Beaubien (photo extraite des Notes historiques sur l'institution des sourds-muets).\" width=\"286\" height=\"356\" \/><\/a><p id=\"caption-attachment-2863\" class=\"wp-caption-text\">Pierre Beaubien (photo extraite des Notes historiques sur l&#8217;institution des sourds-muets).<\/p><\/div>\n<p>Apr\u00e8s la p\u00e9riode troubl\u00e9e qui a culmin\u00e9 avec les r\u00e9bellions de 1837-38, Montr\u00e9al, devenue capitale du Canada, est de nouveau en pleine croissance. En 1844, le sup\u00e9rieur des Sulpiciens d\u00e9crit la sc\u00e8ne ainsi \u00e0 un confr\u00e8re parisien : \u00abIl y a fureur de construction en ce moment\u00a0: un seul particulier demandait derni\u00e8rement des ouvriers pour b\u00e2tir sur un m\u00eame terrain, 62 maisons de deux \u00e9tages en briques. On me dit que plus de 700 maisons ont \u00e9t\u00e9 depuis le printemps ou sont maintenant en construction.\u00bb<a name=\"foot_loc_2811_7\" class=\"annie_footnoteRef annie_custom\" title=\"Cit\u00e9 par Jean-Claude Robert, Atlas historique de Montr\u00e9al, Libre expression, 1992, p. 90.\" href=\"http:\/\/memoire.mile-end.qc.ca\/fr\/la-famille-beaubien\/#foot_text_2811_7\">7<\/a><span style=\"color: black; font-family: Century Schoolbook; font-size: 16pt;\"><br \/>\n<\/span><\/p>\n<p>Les promoteurs sont donc de plus en plus nombreux \u00e0 esp\u00e9rer que les faubourgs de la ville vont escalader la C\u00f4te-\u00e0-Baron, concr\u00e9tisant ainsi le r\u00eave de John Clark qui avait pr\u00e9vu, d\u00e8s 1825, des lotissements urbains sur ses terres entre les actuelles rues Duluth et Mont-Royal. Et, effectivement, au cours des d\u00e9cennies suivantes, plusieurs projets qui ont contribu\u00e9 \u00e0 donner son visage actuel au sud du Plateau Mont-Royal seront mis en chantier : on passe alors de l&#8217;\u00e9poque des maisons villageoises, surtout construites en bois le long des chemins de communication, aux lotissements planifi\u00e9s, quadrill\u00e9s r\u00e9guli\u00e8rement par des rues et des maisons de briques en rang\u00e9es construites en s\u00e9rie.<a name=\"foot_loc_2811_8\" class=\"annie_footnoteRef annie_custom\" title=\"Selon un document r\u00e9dig\u00e9 le 4 avril 1950 par l&#8217;ancien archiviste en chef de la ville de Montr\u00e9al, Conrad Archambault, le premier projet de lotissement urbain au nord de la rue Sherbrooke, du c\u00f4t\u00e9 est de Saint-Laurent, remonte \u00e0 1834. Les h\u00e9ritiers du notaire Jean-Marie Cadieux de Courville font alors faire un arpentage de la \u00abpropri\u00e9t\u00e9 Cadieux\u00bb. Cette propri\u00e9t\u00e9 est situ\u00e9e entre les actuelles rues Sherbrooke, Mont-Royal, Coloniale et H\u00f4tel-de-Ville, \u00e0 l&#8217;int\u00e9rieur du fief La Gaucheti\u00e8re. M\u00eame si plusieurs des noms de rues qui sont alors trac\u00e9es existent toujours, les difficult\u00e9s li\u00e9es \u00e0 la succession de Pierre Foretier font en sorte que tout le d\u00e9veloppement dans le secteur est bloqu\u00e9 jusqu&#8217;en 1842. Le projet le plus ambitieux sera celui du lotissement de la ferme Comte, situ\u00e9e plus \u00e0 l&#8217;est, \u00e0 partir de 1872 : pr\u00e8s de 1300 lots seront alors mis en vente.\" href=\"http:\/\/memoire.mile-end.qc.ca\/fr\/la-famille-beaubien\/#foot_text_2811_8\">8<\/a><\/p>\n<p><span style=\"color: #3c5610; font-family: Century Schoolbook; font-size: 12pt;\"><em>Monseigneur Ignace Bourget et le docteur Pierre Beaubien<br \/>\n<\/em><\/span><\/p>\n<p>En 1844, toutefois, rien ne laisse pr\u00e9sager que les terres acquises par le docteur Beaubien au nord de l&#8217;actuelle avenue Mont-Royal sont appel\u00e9es \u00e0 s&#8217;urbaniser \u00e0 court terme. Le secteur est alors quasi-d\u00e9sert et en plus, peu propice \u00e0 l&#8217;agriculture\u00a0: le sol est peu profond, rocailleux et parsem\u00e9 de mar\u00e9cages. La principale activit\u00e9 qui y est pratiqu\u00e9e est l&#8217;extraction de la pierre; une carri\u00e8re se trouve alors entre les actuelles rues Laurier, Coloniale, Henri-Julien et Saint-Joseph. Le minuscule hameau qui h\u00e9berge les ouvriers de la carri\u00e8re sera d&#8217;ailleurs connu sous le nom de \u00abPierreville\u00bb; les carri\u00e8res les plus importantes sont cependant situ\u00e9es plus \u00e0 l&#8217;est \u2013 notamment \u00e0 l&#8217;emplacement de l&#8217;actuel parc Laurier \u2013 et c&#8217;est l\u00e0 que se trouve le principal noyau villageois. On retrouve cette description des lieux dans un livre publi\u00e9 en 1900\u00a0:<\/p>\n<blockquote class=\"citation\"><p>L\u00e0 se trouvaient d&#8217;immenses carri\u00e8res de pierre, dont l&#8217;exploitation devenait tr\u00e8s profitable, \u00e0 mesure que se d\u00e9veloppaient les progr\u00e8s de la construction dans la cit\u00e9, et fournissait la subsistance \u00e0 un nombre consid\u00e9rable d&#8217;ouvriers, de charretiers et de man\u0153uvres qui, naturellement, s&#8217;\u00e9taient \u00e9tablis sur les lieux m\u00eames o\u00f9 s&#8217;exer\u00e7ait leur industrie.<\/p><\/blockquote>\n<blockquote class=\"citation\"><p>Les deux centres principaux, o\u00f9 se poursuivaient ces op\u00e9rations, avaient pris le nom de Coteau Saint-Louis et de Pierreville, respectivement. Pour ce dernier endroit, le nom de bapt\u00eame de M. le Dr Pierre Beaubien, possesseur de la plus grande partie des terrains sur lesquels grandissait le florissant hameau, avait compt\u00e9 pour beaucoup dans sa d\u00e9signation. Pierreville porta aussi le nom populaire de Mile End, \u00e0 cause d&#8217;un rond de course, jadis fameux, qui se trouvait l\u00e0, juste \u00e0 un mille des limites de Montr\u00e9al. Cette appellation resta longtemps attach\u00e9e \u00e0 la municipalit\u00e9 civile, puis \u00e0 la paroisse religieuse, mais l&#8217;usage commence \u00e0 peine \u00e0 s&#8217;en perdre.<a name=\"foot_loc_2811_9\" class=\"annie_footnoteRef annie_custom\" title=\"Gaspard Dauth,\u00a0Le dioc\u00e8se de Montr\u00e9al \u00e0 la fin du XIXe si\u00e8cle,\u00a0Eus\u00e8be S\u00e9n\u00e9cal et Cie. 1900, p. 219.\" href=\"http:\/\/memoire.mile-end.qc.ca\/fr\/la-famille-beaubien\/#foot_text_2811_9\">9<\/a><\/p>\n<div id=\"attachment_2859\" style=\"width: 571px\" class=\"wp-caption alignnone\"><a href=\"http:\/\/memoire.mile-end.qc.ca\/wp-content\/uploads\/chapitre-Beaubien-1.png\"><img aria-describedby=\"caption-attachment-2859\" loading=\"lazy\" class=\"size-full wp-image-2859\" src=\"http:\/\/memoire.mile-end.qc.ca\/wp-content\/uploads\/chapitre-Beaubien-1.png\" alt=\"La carri\u00e8re de \u00abPierreville\u00bb en 1869. H.S. Sitwell et W.F.D. Jervois, Fortification Surveys. Contoured Plan of Montreal &amp; Environs, 1871 (extrait), biblioth\u00e8que et archives Canada. Les \u00e9difices de pierre, en rose, au milieu, correspondent \u00e0 l\u2019institut des sourds-muets et \u00e0 l\u2019\u00e9glise de l\u2019Enfant-J\u00e9sus, sur les lots que le Dr. Beaubien donne \u00e0 Mgr Bourget en 1848.\" width=\"561\" height=\"406\" \/><\/a><p id=\"caption-attachment-2859\" class=\"wp-caption-text\">La carri\u00e8re de \u00abPierreville\u00bb en 1869. H.S. Sitwell et W.F.D. Jervois, <em>Fortification Surveys. Contoured Plan of Montreal &amp; Environs,<\/em> 1871 (extrait), Biblioth\u00e8que et archives Canada. Les \u00e9difices de pierre, en rose, au milieu, correspondent \u00e0 l\u2019institut des sourds-muets et \u00e0 l\u2019\u00e9glise de l\u2019Enfant-J\u00e9sus, sur les lots que le Dr. Beaubien donne \u00e0 Mgr Bourget en 1848.<\/p><\/div><\/blockquote>\n<p>La famille Beaubien va mettre en \u0153uvre toute une strat\u00e9gie pour mettre en valeur ce territoire, strat\u00e9gie qui, comme on le verra, s&#8217;\u00e9tendra sur trois g\u00e9n\u00e9rations et plus de 80 ans. Ce plan de d\u00e9veloppement urbain repose sur deux axes\u00a0: la formation d&#8217;un ensemble institutionnel paroissial et l&#8217;implantation d&#8217;une gare. Nous reviendrons sur la gare, qui sera l&#8217;\u0153uvre, \u00e0 partir de 1869, de Louis Beaubien (1837-1915), le fils de Pierre; examinons d&#8217;abord le noyau institutionnel.<\/p>\n<p>\u00c0 cette \u00e9poque, la paroisse de Montr\u00e9al, administr\u00e9e par les Sulpiciens, est un vaste territoire qui englobe tout le Plateau Mont-Royal actuel et bien plus encore. Malgr\u00e9 l&#8217;expansion urbaine, ses fronti\u00e8res n&#8217;ont pas \u00e9t\u00e9 revues depuis 1721. L&#8217;une des cons\u00e9quences \u2013 pour les travailleurs des carri\u00e8res notamment \u2013 c&#8217;est qu&#8217;il faut se rendre \u00e0 la seule \u00e9glise paroissiale, celle de Notre-Dame, pour l&#8217;ensemble des obligations religieuses (bapt\u00eames, mariages, fun\u00e9railles)\u00a0: \u00e0 une \u00e9poque o\u00f9 les d\u00e9placements se font surtout \u00e0 pied, la distance \u00e0 franchir est consid\u00e9rable et n&#8217;est certainement pas de nature \u00e0 favoriser la ferveur religieuse.<\/p>\n<p>L&#8217;\u00e9v\u00eaque de Montr\u00e9al, Mgr Ignace Bourget, est conscient du probl\u00e8me. Il a aussi pris la mesure \u2013 lorsqu&#8217;il \u00e9tait secr\u00e9taire de son pr\u00e9d\u00e9cesseur, Mgr Lartigue \u2013 des r\u00e9ticences des Sulpiciens \u00e0 morceler leur immense paroisse, craignant ainsi de diluer leur pouvoir. Or, Bourget veut rapprocher l&#8217;\u00e9glise de ses fid\u00e8les et il d\u00e9sire encadrer plus \u00e9troitement les milliers de paysans canadiens qui viennent s&#8217;\u00e9tablir en ville \u00e0 la recherche de travail. Pour l&#8217;\u00e9v\u00eaque, la paroisse appara\u00eet alors comme le meilleur outil d&#8217;int\u00e9gration \u00e0 la ville\u00a0: Bourget veut lui confier, selon l&#8217;historien Jean-Claude Robert, \u00abun r\u00f4le dynamique de m\u00e9diation entre la ville et la campagne, facilitant l&#8217;urbanisation des ruraux canadiens-fran\u00e7ais et leur acculturation en ville.\u00bb<a name=\"foot_loc_2811_10\" class=\"annie_footnoteRef annie_custom\" title=\"Jean-Claude Robert, \u00abCatholicisme et urbanisation au Canada fran\u00e7ais, 19e et 20e si\u00e8cle\u00bb, dans\u00a0Pour une histoire sociale des villes, Philippe Audr\u00e8re, dir. Presses Universitaires de Rennes, 2006, p. 417.\" href=\"http:\/\/memoire.mile-end.qc.ca\/fr\/la-famille-beaubien\/#foot_text_2811_10\">10<\/a><\/p>\n<p>Une telle d\u00e9marche passe donc par le morcellement de la paroisse de Montr\u00e9al et sa r\u00e9organisation en des unit\u00e9s plus petites qui correspondent aux nouvelles banlieues. La farouche opposition des Sulpiciens rendra cependant le processus long et complexe\u00a0:<\/p>\n<blockquote class=\"citation\"><p>Deux conceptions de l&#8217;encadrement religieux et de la territorialit\u00e9 urbaine s&#8217;affrontaient. Les Sulpiciens, plus spiritualistes et tenants d&#8217;une religion aust\u00e8re, voulaient conserver une paroisse au territoire d\u00e9mesur\u00e9, tandis que l&#8217;\u00e9v\u00eaque, gagn\u00e9 \u00e0 la pi\u00e9t\u00e9 romaine et aux grandes manifestations religieuses, voyait la paroisse comme un instrument privil\u00e9gi\u00e9 de maillage du territoire urbain pour assurer un encadrement serr\u00e9 des populations catholiques. Il cherchait au contraire \u00e0 favoriser les unit\u00e9s plus petites, permettant une meilleure interaction entre le clerg\u00e9 et les fid\u00e8les.<a name=\"foot_loc_2811_11\" class=\"annie_footnoteRef annie_custom\" title=\" Ibid. p. 418\" href=\"http:\/\/memoire.mile-end.qc.ca\/fr\/la-famille-beaubien\/#foot_text_2811_11\">11<\/a><\/p><\/blockquote>\n<p>Toujours selon Jean-Claude Robert, c&#8217;est vers 1846 que Mgr Bourget d\u00e9cide de d\u00e9membrer la paroisse de Montr\u00e9al, soit deux ans apr\u00e8s que Pierre Beaubien ait compl\u00e9t\u00e9 ses acquisitions dans le Mile End. Le 3 novembre 1849, ce dernier fait don \u00e0 l&#8217;\u00e9v\u00eaque d&#8217;une s\u00e9rie de lots adjacents \u00e0 la carri\u00e8re situ\u00e9e au c\u0153ur de ses propri\u00e9t\u00e9s pour y installer un \u00e9tablissement religieux\u00a0:<\/p>\n<blockquote class=\"citation\"><p>En 1849, m. le docteur Pierre Beaubien, p\u00e8re de l&#8217;actuel ministre de l&#8217;agriculture pour la province de Qu\u00e9bec, que nous consid\u00e9rons \u00e0 bon droit comme l&#8217;un de nos bienfaiteurs insignes et d\u00e9vou\u00e9s, ayant offert un terrain au Coteau Saint-Louis pour y fonder un \u00e9tablissement religieux, Mgr Bourget eut d\u00e8s lors la pens\u00e9e d&#8217;y construire une maison pour y fixer l&#8217;institut des sourds-muets.<\/p><\/blockquote>\n<blockquote class=\"citation\"><p>[Gr\u00e2ce \u00e0 une souscription, la construction commen\u00e7a en septembre et] &#8230;quatre mois plus tard on fut \u00e9tonn\u00e9 d&#8217;apercevoir au milieu d&#8217;une carri\u00e8re, sur un terrain inculte, un grand \u00e9difice en pierre, \u00e9lev\u00e9 comme par enchantement.<a name=\"foot_loc_2811_12\" class=\"annie_footnoteRef annie_custom\" title=\"Anonyme,\u00a0Notes historiques sur l&#8217;institution catholique des sourds-muets pour la province de Qu\u00e9bec,\u00a0Mile-End, Imprimerie de l&#8217;institution des sourds-muets, 1893, p. 9-10.\" href=\"http:\/\/memoire.mile-end.qc.ca\/fr\/la-famille-beaubien\/#foot_text_2811_12\">12<\/a><\/p><\/blockquote>\n<p>En fait, dans sa lutte contre les Sulpiciens, Mgr Bourget utilise un peu partout la m\u00eame strat\u00e9gie\u00a0: il s&#8217;allie \u00e0 des notables locaux \u2013 pour qui l&#8217;\u00e9tablissement d&#8217;une \u00e9glise constitue un moyen s\u00fbr de donner plus de valeur \u00e0 leur propri\u00e9t\u00e9s adjacentes \u2013 et cr\u00e9\u00e9e, ou fait venir de France, des communaut\u00e9s religieuses qui lui sont enti\u00e8rement d\u00e9vou\u00e9es et qui g\u00e8reront les nouvelles paroisses et institutions. Les paroisses deviennent ainsi les noyaux de nouvelles communaut\u00e9s domin\u00e9es par l&#8217;\u00e9glise\u00a0:<\/p>\n<blockquote class=\"citation\"><p>La grande id\u00e9e d&#8217;Ignace Bourget aura \u00e9t\u00e9 d&#8217;aller au-del\u00e0 du spirituel et du culturel et de faire de la paroisse une institution de nature tout autant sociale que religieuse, par les services qu&#8217;elle offre dans plusieurs domaines, comme la sant\u00e9, la lutte contre la pauvret\u00e9, par son souci d&#8217;encadrer l&#8217;\u00e9ducation, la culture, ainsi que les loisirs. (\u2026)<\/p><\/blockquote>\n<blockquote class=\"citation\"><p>Et surtout, cette parcellisation de la ville a suscit\u00e9 l&#8217;\u00e9mergence et le renforcement d&#8217;une notabilit\u00e9 de paroisse qui contribuera \u00e0 cr\u00e9er un fort sentiment local d&#8217;appartenance. En fait, avec le cur\u00e9 et les notables paroissiaux, se cr\u00e9ent des cadres sociaux qui permettent d&#8217;acculturer les Canadiens fran\u00e7ais \u00e0 la ville, en utilisant une institution traditionnelle et famili\u00e8re, la paroisse.<a name=\"foot_loc_2811_13\" class=\"annie_footnoteRef annie_custom\" title=\"Jean-Claude Robert, op. cit., p. 418-419.\" href=\"http:\/\/memoire.mile-end.qc.ca\/fr\/la-famille-beaubien\/#foot_text_2811_13\">13<\/a><span style=\"font-size: 16pt;\"><br \/>\n<\/span><\/p>\n<div id=\"attachment_2861\" style=\"width: 270px\" class=\"wp-caption alignnone\"><a href=\"http:\/\/memoire.mile-end.qc.ca\/wp-content\/uploads\/Bourget.png\"><img aria-describedby=\"caption-attachment-2861\" loading=\"lazy\" class=\"size-full wp-image-2861\" src=\"http:\/\/memoire.mile-end.qc.ca\/wp-content\/uploads\/Bourget.png\" alt=\"Mgr Ignace Bourget (Biblioth\u00e8que et Archives Canada)\" width=\"260\" height=\"338\" \/><\/a><p id=\"caption-attachment-2861\" class=\"wp-caption-text\">Mgr Ignace Bourget (Biblioth\u00e8que et Archives Canada)<\/p><\/div><\/blockquote>\n<p>Cette volont\u00e9 d&#8217;encadrement tient aussi \u00e0 une inqui\u00e9tude clairement exprim\u00e9e face \u00e0 la moralit\u00e9 d&#8217;une population qui est per\u00e7ue comme laiss\u00e9e \u00e0 son sort. Par exemple, l&#8217;oblat Jacques Santoni d\u00e9crit ainsi les habitants du Faubourg Qu\u00e9bec, peu apr\u00e8s l&#8217;arriv\u00e9e de sa communaut\u00e9 sur les lieux en 1848\u00a0:<\/p>\n<blockquote class=\"citation\"><p>Pauvres en biens de la terre mais surtout en vertus, le faubourg v\u00e9ritable sentine de la ville et de la campagne, \u00e9tait le triste rep\u00e8re de tous les vices. Le blasph\u00e8me \u00e9tait si commun qu&#8217;on ne pouvait sortir sans en entendre. \u00c0 l&#8217;int\u00e9rieur des familles, c&#8217;\u00e9tait des querelles et des rixes sans cesse renaissantes, produites par la passion effr\u00e9n\u00e9e des boissons fortes.<a name=\"foot_loc_2811_14\" class=\"annie_footnoteRef annie_custom\" title=\"Jacques Santoni, dans une lettre \u00e0 ses sup\u00e9rieurs en France. Cit\u00e9 par Lucia Ferretti, \u00abLa paroisse urbaine comme communaut\u00e9 sociale : l&#8217;exemple de Saint-Pierre-Ap\u00f4tre de Montr\u00e9al, 1848-1930\u00bb, dans\u00a0La paroisse, op. cit., p. 220.\" href=\"http:\/\/memoire.mile-end.qc.ca\/fr\/la-famille-beaubien\/#foot_text_2811_14\">14<\/a>\u00a0<span style=\"font-size: 16pt;\"><br \/>\n<\/span><\/p><\/blockquote>\n<p>M\u00eame programme \u2013 mais exprim\u00e9 en des termes plus diplomatiques \u2013 lorsque les Clercs de Saint-Viateur lancent, en 1857, une campagne de souscription pour construire l&#8217;\u00e9glise du Mile End\u00a0:<\/p>\n<blockquote class=\"citation\"><p>C&#8217;est pourquoi la dite communaut\u00e9 ose r\u00e9clamer une l\u00e9g\u00e8re part \u00e0 la g\u00e9n\u00e9rosit\u00e9 si bien connue des citoyens de Ville Marie. Si l&#8217;\u0153uvre est emminemment grande et pieuse en elle-m\u00eame, les circonstances semblent y ajouter encore un degr\u00e9 d&#8217;int\u00e9r\u00eat, car il s&#8217;agit de venir en aide \u00e0 une population canadienne et catholique g\u00e9n\u00e9ralement pauvre, mais toute de z\u00e8le et d&#8217;activit\u00e9, presqu&#8217;exclusivement livr\u00e9e \u00e0 l&#8217;exploitation des carri\u00e8res d&#8217;o\u00f9 se tire cette pierre par excellence, qui sert aux \u00e9difices splendides par lesquels se distingue notre ville maintenant en si grande voie de progr\u00e8s architectural.<\/p><\/blockquote>\n<blockquote class=\"citation\"><p>Or, donner une \u00e9glise \u00e0 cette population, c&#8217;est l&#8217;emp\u00eacher d&#8217;emigrer, c&#8217;est pr\u00e9parer un avenir honn\u00eate et prosp\u00e8re \u00e0 toute une g\u00e9n\u00e9ration d&#8217;utiles citoyens, c&#8217;est en un mot contribuer \u00e0 l&#8217;agrandissement de la cit\u00e9, et sous le rapport religieux et sous le rapport social.<a name=\"foot_loc_2811_15\" class=\"annie_footnoteRef annie_custom\" title=\"La Minerve, 4 juin 1857, p. 2.\" href=\"http:\/\/memoire.mile-end.qc.ca\/fr\/la-famille-beaubien\/#foot_text_2811_15\">15<\/a><\/p><\/blockquote>\n<p><span style=\"color: #3c5610; font-family: Century Schoolbook; font-size: 12pt;\"><a href=\"\/?p=2893&amp;lang=fr\"><em>Prochain \u00e9pisode : un village au milieu de nulle part<\/em><\/a><\/span><\/p>","protected":false},"excerpt":{"rendered":"<p>Chapitre 4 &#8211; La famille Beaubien Premi\u00e8re partie : Pierre Beaubien, m\u00e9decin et grand propri\u00e9taire foncier La carte \u00abVillages of C\u00f4te St. Louis, St. Louis du Mile End, Outremont and C\u00f4te des Neiges\u00bb, publi\u00e9e dans l&#8217;atlas Hopkins en 1879montre bien que les Bagg ont, imm\u00e9diatement \u00e0 l&#8217;est du chemin Saint-Laurent, des voisins qui sont eux [&hellip;]<\/p>\n","protected":false},"author":5,"featured_media":0,"comment_status":"open","ping_status":"closed","sticky":false,"template":"","format":"standard","meta":[],"categories":[25],"tags":[30,29],"_links":{"self":[{"href":"http:\/\/memoire.mile-end.qc.ca\/fr\/wp-json\/wp\/v2\/posts\/2811"}],"collection":[{"href":"http:\/\/memoire.mile-end.qc.ca\/fr\/wp-json\/wp\/v2\/posts"}],"about":[{"href":"http:\/\/memoire.mile-end.qc.ca\/fr\/wp-json\/wp\/v2\/types\/post"}],"author":[{"embeddable":true,"href":"http:\/\/memoire.mile-end.qc.ca\/fr\/wp-json\/wp\/v2\/users\/5"}],"replies":[{"embeddable":true,"href":"http:\/\/memoire.mile-end.qc.ca\/fr\/wp-json\/wp\/v2\/comments?post=2811"}],"version-history":[{"count":28,"href":"http:\/\/memoire.mile-end.qc.ca\/fr\/wp-json\/wp\/v2\/posts\/2811\/revisions"}],"predecessor-version":[{"id":4570,"href":"http:\/\/memoire.mile-end.qc.ca\/fr\/wp-json\/wp\/v2\/posts\/2811\/revisions\/4570"}],"wp:attachment":[{"href":"http:\/\/memoire.mile-end.qc.ca\/fr\/wp-json\/wp\/v2\/media?parent=2811"}],"wp:term":[{"taxonomy":"category","embeddable":true,"href":"http:\/\/memoire.mile-end.qc.ca\/fr\/wp-json\/wp\/v2\/categories?post=2811"},{"taxonomy":"post_tag","embeddable":true,"href":"http:\/\/memoire.mile-end.qc.ca\/fr\/wp-json\/wp\/v2\/tags?post=2811"}],"curies":[{"name":"wp","href":"https:\/\/api.w.org\/{rel}","templated":true}]}}