{"id":300,"date":"2010-01-29T14:30:24","date_gmt":"2010-01-29T19:30:24","guid":{"rendered":"http:\/\/www.mile-end.qc.ca\/?p=300"},"modified":"2013-12-27T21:47:56","modified_gmt":"2013-12-28T02:47:56","slug":"conference-la-bibliotheque-du-mile-end-assemblee-generale","status":"publish","type":"post","link":"http:\/\/memoire.mile-end.qc.ca\/fr\/conference-la-bibliotheque-du-mile-end-assemblee-generale\/","title":{"rendered":"Conf\u00e9rence: La biblioth\u00e8que du Mile End \/ Assembl\u00e9e g\u00e9n\u00e9rale"},"content":{"rendered":"<p><strong><em>M\u00e9moire du Mile End* vous invite \u00e0 deux activit\u00e9s<\/em><\/strong><strong> <em>le dimanche 7 f\u00e9vrier 2010 <\/em>:<\/strong><\/p>\n<p><strong>1. CONF\u00c9RENCE<\/strong><\/p>\n<p><strong> <\/strong><\/p>\n<p><strong>La Biblioth\u00e8que du Mile End : une transformation r\u00e9ussie d\u2019une \u00e9glise patrimoniale<br \/>\n<em>Jean-Paul Simard, expert en patrimoine et en horticulture<\/em><\/strong><\/p>\n<p>\u00c9rig\u00e9 en 1904, cet \u00e9difice a abrit\u00e9 l&#8217;\u00e9glise anglicane de l&#8217;Ascension pendant presque neuf d\u00e9cennies. En 1993, il a \u00e9t\u00e9 transform\u00e9, d\u2019une mani\u00e8re qui respecte ses valeurs patrimoniales, en succursale de la Biblioth\u00e8que municipale de Montr\u00e9al, et il continue \u00e0 servir la communaut\u00e9 depuis.<\/p>\n<p><em> <\/em><\/p>\n<p><em>Date et heure\u00a0:<br \/>\n<strong>Le dimanche 7 f\u00e9vrier 2010, 14 h 00 \u00e0 15 h 00<\/strong><\/em><\/p>\n<p><em>Lieu\u00a0:<br \/>\n<strong>Biblioth\u00e8que du Mile End, 5434, avenue du Parc, au sud de la rue Saint-Viateur (autobus 80)<\/strong><\/em><\/p>\n<p><em>Co\u00fbt\u00a0:<br \/>\n<strong>Gratuit<\/strong><\/em><\/p>\n<p><em>Langues\u00a0:<br \/>\n<strong>La conf\u00e9rence sera en fran\u00e7ais et la discussion sera en fran\u00e7ais et en anglais.<\/strong><\/em><\/p>\n<p><em>R\u00e9servations\u00a0:<br \/>\n<strong>Pas n\u00e9cessaires<\/strong><\/em><\/p>\n<p><em>Renseignements\u00a0:<br \/>\n<strong><a href=\"mailto:info@mile-end.qc.ca\">info@mile-end.qc.ca<\/a><\/strong><\/em><\/p>\n<p><em><a href=\"http:\/\/memoire.mile-end.qc.ca\/wp-content\/uploads\/MME-affiche.100207.conf_.BME_.pdf\">T\u00e9l\u00e9charger l&#8217;affiche (PDF)<\/a><\/em><\/p>\n<p><em> <\/em><\/p>\n<hr \/>\n<p><strong>2. ASSEMBL\u00c9E G\u00c9N\u00c9RALE DE FONDATION DE M\u00c9MOIRE DU MILE END<\/strong><\/p>\n<p><strong> <\/strong><\/p>\n<p><em>M\u00e9moire du Mile End* <\/em>organise entre 10 et 15 activit\u00e9s par ann\u00e9e depuis 2003. Cette assembl\u00e9e g\u00e9n\u00e9rale de fondation comprendra une br\u00e8ve pr\u00e9sentation sur ses activit\u00e9s des derniers sept ans, son plan d\u2019action pour 2010 et l\u2019\u00e9lection de son conseil d\u2019administration. Toutes et tous sont les bienvenu-e-s !<\/p>\n<p><em>Date et heure\u00a0:<br \/>\n<strong>Le dimanche 7 f\u00e9vrier 2010, 15 h 00 \u00e0 16 h 00<\/strong><\/em><\/p>\n<p><em>Lieu\u00a0:<br \/>\n<strong>Biblioth\u00e8que du Mile End, 5434, avenue du Parc, au sud de la rue Saint-Viateur (autobus 80)<\/strong><\/em><\/p>\n<p><em>Co\u00fbt\u00a0:<br \/>\n<strong>Gratuit<\/strong><\/em><\/p>\n<p><em>Langues\u00a0:<br \/>\n<strong>La pr\u00e9sentation sera en fran\u00e7ais et la discussion sera en fran\u00e7ais et en anglais.<\/strong><\/em><\/p>\n<p><em>R\u00e9servations\u00a0:<br \/>\n<strong>Pas n\u00e9cessaires<\/strong><\/em><\/p>\n<p><em>Renseignements :<br \/>\n<strong><a href=\"mailto:info@mile-end.qc.ca\">info@mile-end.qc.ca<\/a><\/strong><\/em><\/p>\n<p><em><a href=\"http:\/\/memoire.mile-end.qc.ca\/wp-content\/uploads\/MME-AGA09.100207.odj.pdf\">T\u00e9l\u00e9charger l&#8217;ordre du jour (PDF)<\/a><\/em><\/p>\n<p><em> <\/em><\/p>\n<hr \/>\n<p><em>*\u00a0<strong>M\u00e9moire du Mile End<\/strong><\/em> est un organisme \u00e0 but non lucratif d\u00e9di\u00e9 au patrimoine, \u00e0 l\u2019histoire et \u00e0 la culture du quartier Mile End. Son programme d\u2019activit\u00e9s de l\u2019hiver 2010 sera disponible sous peu.<\/p>","protected":false},"excerpt":{"rendered":"<p>M\u00e9moire du Mile End* vous invite \u00e0 deux activit\u00e9s le dimanche 7 f\u00e9vrier 2010 : 1. CONF\u00c9RENCE La Biblioth\u00e8que du Mile End : une transformation r\u00e9ussie d\u2019une \u00e9glise patrimoniale Jean-Paul Simard, expert en patrimoine et en horticulture \u00c9rig\u00e9 en 1904, cet \u00e9difice a abrit\u00e9 l&#8217;\u00e9glise anglicane de l&#8217;Ascension pendant presque neuf d\u00e9cennies. En 1993, il [&hellip;]<\/p>\n","protected":false},"author":4,"featured_media":0,"comment_status":"closed","ping_status":"closed","sticky":false,"template":"","format":"standard","meta":[],"categories":[1,3],"tags":[],"_links":{"self":[{"href":"http:\/\/memoire.mile-end.qc.ca\/fr\/wp-json\/wp\/v2\/posts\/300"}],"collection":[{"href":"http:\/\/memoire.mile-end.qc.ca\/fr\/wp-json\/wp\/v2\/posts"}],"about":[{"href":"http:\/\/memoire.mile-end.qc.ca\/fr\/wp-json\/wp\/v2\/types\/post"}],"author":[{"embeddable":true,"href":"http:\/\/memoire.mile-end.qc.ca\/fr\/wp-json\/wp\/v2\/users\/4"}],"replies":[{"embeddable":true,"href":"http:\/\/memoire.mile-end.qc.ca\/fr\/wp-json\/wp\/v2\/comments?post=300"}],"version-history":[{"count":3,"href":"http:\/\/memoire.mile-end.qc.ca\/fr\/wp-json\/wp\/v2\/posts\/300\/revisions"}],"predecessor-version":[{"id":2318,"href":"http:\/\/memoire.mile-end.qc.ca\/fr\/wp-json\/wp\/v2\/posts\/300\/revisions\/2318"}],"wp:attachment":[{"href":"http:\/\/memoire.mile-end.qc.ca\/fr\/wp-json\/wp\/v2\/media?parent=300"}],"wp:term":[{"taxonomy":"category","embeddable":true,"href":"http:\/\/memoire.mile-end.qc.ca\/fr\/wp-json\/wp\/v2\/categories?post=300"},{"taxonomy":"post_tag","embeddable":true,"href":"http:\/\/memoire.mile-end.qc.ca\/fr\/wp-json\/wp\/v2\/tags?post=300"}],"curies":[{"name":"wp","href":"https:\/\/api.w.org\/{rel}","templated":true}]}}