{"id":3144,"date":"2014-12-05T20:04:38","date_gmt":"2014-12-06T01:04:38","guid":{"rendered":"http:\/\/memoire.mile-end.qc.ca\/?p=3144&#038;lang=fr"},"modified":"2014-12-05T20:04:38","modified_gmt":"2014-12-06T01:04:38","slug":"conference-la-naissance-des-transports-en-commun-du-mile-end","status":"publish","type":"post","link":"http:\/\/memoire.mile-end.qc.ca\/fr\/conference-la-naissance-des-transports-en-commun-du-mile-end\/","title":{"rendered":"Conf\u00e9rence\u00a0: La naissance des transports en commun du Mile End"},"content":{"rendered":"<p><\/p>\n<div>\n<p>Conf\u00e9rence par <strong>Justin Bur<\/strong><\/p>\n<p>Vous trouvez que le d\u00e9veloppement du transport en commun est difficile et frustrant\u00a0? Rassurez-vous, il y a 150 ans, ce n\u2019\u00e9tait pas mieux\u00a0! M\u00eame sur le boulevard Saint-Laurent, la rue principale du Mile End, c\u2019\u00e9tait un probl\u00e8me complexe. Au fil des ans on a discut\u00e9 \u00e2prement des omnibus, tramways hippomobiles, et tramways \u00e9lectriques, les a mis en service et supprim\u00e9s dans la plus grande confusion. Fallait-il desservir les secteurs d\u00e9j\u00e0 habit\u00e9s, ou se servir du tramway pour attirer de nouveaux r\u00e9sidants\u00a0? Qui devrait payer et combien\u00a0? Sans mentionner la question du chemin de fer&#8230; Malgr\u00e9 le conflit r\u00e9current, le r\u00e9seau qu\u2019on a mis en place a fini par fonctionner avec efficacit\u00e9, d\u00e9finissant la forme urbaine pendant des d\u00e9cennies.<\/p>\n<div id=\"attachment_3145\" style=\"width: 610px\" class=\"wp-caption alignnone\"><a href=\"http:\/\/memoire.mile-end.qc.ca\/wp-content\/uploads\/2075621-crop.jpg\"><img aria-describedby=\"caption-attachment-3145\" loading=\"lazy\" class=\"size-medium wp-image-3145\" alt=\"Tramway \u00e9lectrique arr\u00eat\u00e9 devant le nouveau terrain des Shamrocks \u2013 Le monde illustr\u00e9, 2 f\u00e9vrier 1895 \u2013 BAnQ\" src=\"http:\/\/memoire.mile-end.qc.ca\/wp-content\/uploads\/2075621-crop-600x337.jpg\" width=\"600\" height=\"337\" srcset=\"http:\/\/memoire.mile-end.qc.ca\/wp-content\/uploads\/2075621-crop-600x337.jpg 600w, http:\/\/memoire.mile-end.qc.ca\/wp-content\/uploads\/2075621-crop-1024x576.jpg 1024w, http:\/\/memoire.mile-end.qc.ca\/wp-content\/uploads\/2075621-crop.jpg 1416w\" sizes=\"(max-width: 600px) 100vw, 600px\" \/><\/a><p id=\"caption-attachment-3145\" class=\"wp-caption-text\">Tramway \u00e9lectrique arr\u00eat\u00e9 devant le nouveau terrain des Shamrocks \u2013 Le monde illustr\u00e9, 2 f\u00e9vrier 1895 \u2013 BAnQ<\/p><\/div>\n<div>\n<p><strong>Dimanche 14 d\u00e9cembre 2014<\/strong>, \u2028de <strong>14 h<\/strong> \u00e0 16 h<\/p>\n<p>Biblioth\u00e8que du Mile End<br \/>\n5434 avenue du Parc, Montr\u00e9al<br \/>\n(au sud de Saint-Viateur \u2013 autobus 80)<\/p>\n<p>Gratuit<\/p>\n<p>Langues\u00a0:\u00a0Conf\u00e9rence en fran\u00e7ais, \u2028discussion en fran\u00e7ais et en anglais<\/p>\n<\/div>\n<\/div>\n<p><\/p>","protected":false},"excerpt":{"rendered":"<p>Conf\u00e9rence par Justin Bur Vous trouvez que le d\u00e9veloppement du transport en commun est difficile et frustrant\u00a0? Rassurez-vous, il y a 150 ans, ce n\u2019\u00e9tait pas mieux\u00a0! M\u00eame sur le boulevard Saint-Laurent, la rue principale du Mile End, c\u2019\u00e9tait un probl\u00e8me complexe. Au fil des ans on a discut\u00e9 \u00e2prement des omnibus, tramways hippomobiles, et [&hellip;]<\/p>\n","protected":false},"author":2,"featured_media":0,"comment_status":"open","ping_status":"open","sticky":false,"template":"","format":"standard","meta":[],"categories":[1,3],"tags":[],"_links":{"self":[{"href":"http:\/\/memoire.mile-end.qc.ca\/fr\/wp-json\/wp\/v2\/posts\/3144"}],"collection":[{"href":"http:\/\/memoire.mile-end.qc.ca\/fr\/wp-json\/wp\/v2\/posts"}],"about":[{"href":"http:\/\/memoire.mile-end.qc.ca\/fr\/wp-json\/wp\/v2\/types\/post"}],"author":[{"embeddable":true,"href":"http:\/\/memoire.mile-end.qc.ca\/fr\/wp-json\/wp\/v2\/users\/2"}],"replies":[{"embeddable":true,"href":"http:\/\/memoire.mile-end.qc.ca\/fr\/wp-json\/wp\/v2\/comments?post=3144"}],"version-history":[{"count":1,"href":"http:\/\/memoire.mile-end.qc.ca\/fr\/wp-json\/wp\/v2\/posts\/3144\/revisions"}],"predecessor-version":[{"id":3146,"href":"http:\/\/memoire.mile-end.qc.ca\/fr\/wp-json\/wp\/v2\/posts\/3144\/revisions\/3146"}],"wp:attachment":[{"href":"http:\/\/memoire.mile-end.qc.ca\/fr\/wp-json\/wp\/v2\/media?parent=3144"}],"wp:term":[{"taxonomy":"category","embeddable":true,"href":"http:\/\/memoire.mile-end.qc.ca\/fr\/wp-json\/wp\/v2\/categories?post=3144"},{"taxonomy":"post_tag","embeddable":true,"href":"http:\/\/memoire.mile-end.qc.ca\/fr\/wp-json\/wp\/v2\/tags?post=3144"}],"curies":[{"name":"wp","href":"https:\/\/api.w.org\/{rel}","templated":true}]}}