{"id":335,"date":"2010-03-12T19:19:32","date_gmt":"2010-03-13T00:19:32","guid":{"rendered":"http:\/\/www.mile-end.qc.ca\/?p=335"},"modified":"2013-12-27T21:43:22","modified_gmt":"2013-12-28T02:43:22","slug":"les-saveurs-du-sahara-une-experience-culturelle-et-gustative","status":"publish","type":"post","link":"http:\/\/memoire.mile-end.qc.ca\/fr\/les-saveurs-du-sahara-une-experience-culturelle-et-gustative\/","title":{"rendered":"Les saveurs du Sahara : une exp\u00e9rience culturelle et gustative"},"content":{"rendered":"<p><strong><em>M\u00e9moire du Mile End* et M. Atigh Ould** vous invitent \u00e0 notre prochaine activit\u00e9\u00a0:<\/em><\/strong><\/p>\n<p><strong> <\/strong><\/p>\n<p><strong>Les saveurs du Sahara\u00a0: une exp\u00e9rience culturelle et gustative<\/strong><\/p>\n<p>Pour c\u00e9l\u00e9brer l\u2019arriv\u00e9e du printemps et l\u2019ouverture de son \u00e9picerie mauritanienne\u00a0<strong><em>Al-Boutik<\/em><\/strong>, Atigh nous parlera des saveurs uniques du Sahara, incluant le sel du d\u00e9sert, la fleur d\u2019hibiscus et les plantes comestibles sauvages de la Mauritanie. La pr\u00e9sentation sera suivie d\u2019une d\u00e9gustation de quelques produits tr\u00e8s sp\u00e9ciaux de cette nouvelle \u00e9picerie milendoise.<\/p>\n<p><em>Date et heure\u00a0:<br \/>\n<strong>Le dimanche 21 mars 2010, 15 h 00<\/strong><\/em><\/p>\n<p><em>Lieu\u00a0:<br \/>\n<strong>Al-Boutik, 148, avenue Fairmount Ouest, entre la rue Saint-Urbain et l\u2019avenue de l\u2019Esplanade (autobus 80 ou 51, m\u00e9tro Laurier)<\/strong><\/em><\/p>\n<p><em>Co\u00fbt\u00a0:<br \/>\n<strong>Gratuit<\/strong><\/em><\/p>\n<p><em>Langues\u00a0:<br \/>\n<strong>En fran\u00e7ais et en anglais<\/strong><\/em><\/p>\n<p><em>R\u00e9servations\u00a0:<br \/>\n<strong>Pas n\u00e9cessaires<\/strong><\/em><\/p>\n<p><em><strong><em>Renseignements\u00a0:<br \/>\n<strong><a href=\"mailto:info@mile-end.qc.ca\">info@mile-end.qc.ca<\/a><\/strong><\/em><\/strong><\/em><\/p>\n<p><a href=\"http:\/\/memoire.mile-end.qc.ca\/wp-content\/uploads\/MME-affiche.100321.Saveurs-du-Sahara.pdf\"><em>T\u00e9l\u00e9charger l&#8217;affiche (PDF)<\/em><\/a><\/p>\n<p><strong><em>* M\u00e9moire du Mile End<\/em><\/strong> est un organisme \u00e0 but non lucratif d\u00e9di\u00e9 au patrimoine, \u00e0 l\u2019histoire et \u00e0 la culture du quartier Mile End. Son programme d\u2019activit\u00e9s pour le printemps et l\u2019\u00e9t\u00e9 2010 sera disponible sous peu.<\/p>\n<p><strong>**\u00a0<em>M. Atigh Ould<\/em><\/strong>, propri\u00e9taire du restaurant La Khaima (142, avenue Fairmount Ouest), est un Milendois engag\u00e9 et impliqu\u00e9 dans la communaut\u00e9 depuis plusieurs ann\u00e9es.<\/p>","protected":false},"excerpt":{"rendered":"<p>M\u00e9moire du Mile End* et M. Atigh Ould** vous invitent \u00e0 notre prochaine activit\u00e9\u00a0: Les saveurs du Sahara\u00a0: une exp\u00e9rience culturelle et gustative Pour c\u00e9l\u00e9brer l\u2019arriv\u00e9e du printemps et l\u2019ouverture de son \u00e9picerie mauritanienne\u00a0Al-Boutik, Atigh nous parlera des saveurs uniques du Sahara, incluant le sel du d\u00e9sert, la fleur d\u2019hibiscus et les plantes comestibles sauvages [&hellip;]<\/p>\n","protected":false},"author":4,"featured_media":0,"comment_status":"closed","ping_status":"closed","sticky":false,"template":"","format":"standard","meta":[],"categories":[2,1],"tags":[],"_links":{"self":[{"href":"http:\/\/memoire.mile-end.qc.ca\/fr\/wp-json\/wp\/v2\/posts\/335"}],"collection":[{"href":"http:\/\/memoire.mile-end.qc.ca\/fr\/wp-json\/wp\/v2\/posts"}],"about":[{"href":"http:\/\/memoire.mile-end.qc.ca\/fr\/wp-json\/wp\/v2\/types\/post"}],"author":[{"embeddable":true,"href":"http:\/\/memoire.mile-end.qc.ca\/fr\/wp-json\/wp\/v2\/users\/4"}],"replies":[{"embeddable":true,"href":"http:\/\/memoire.mile-end.qc.ca\/fr\/wp-json\/wp\/v2\/comments?post=335"}],"version-history":[{"count":4,"href":"http:\/\/memoire.mile-end.qc.ca\/fr\/wp-json\/wp\/v2\/posts\/335\/revisions"}],"predecessor-version":[{"id":2312,"href":"http:\/\/memoire.mile-end.qc.ca\/fr\/wp-json\/wp\/v2\/posts\/335\/revisions\/2312"}],"wp:attachment":[{"href":"http:\/\/memoire.mile-end.qc.ca\/fr\/wp-json\/wp\/v2\/media?parent=335"}],"wp:term":[{"taxonomy":"category","embeddable":true,"href":"http:\/\/memoire.mile-end.qc.ca\/fr\/wp-json\/wp\/v2\/categories?post=335"},{"taxonomy":"post_tag","embeddable":true,"href":"http:\/\/memoire.mile-end.qc.ca\/fr\/wp-json\/wp\/v2\/tags?post=335"}],"curies":[{"name":"wp","href":"https:\/\/api.w.org\/{rel}","templated":true}]}}