{"id":3729,"date":"2016-10-01T14:13:02","date_gmt":"2016-10-01T18:13:02","guid":{"rendered":"http:\/\/memoire.mile-end.qc.ca\/?p=3729"},"modified":"2024-02-06T15:06:05","modified_gmt":"2024-02-06T20:06:05","slug":"maison-georges-marcil","status":"publish","type":"post","link":"http:\/\/memoire.mile-end.qc.ca\/fr\/maison-georges-marcil\/","title":{"rendered":"Maison Georges-Marcil"},"content":{"rendered":"<p><div id=\"attachment_3730\" style=\"width: 778px\" class=\"wp-caption alignnone\"><img aria-describedby=\"caption-attachment-3730\" loading=\"lazy\" class=\"wp-image-3730 size-large\" src=\"http:\/\/memoire.mile-end.qc.ca\/wp-content\/uploads\/Christine-Richard_juillet-2016_5570-5578-avenue-du-Parc-2-768x1024.jpg\" alt=\"juillet 2016 [Christine Richard]\" width=\"768\" height=\"1024\" srcset=\"http:\/\/memoire.mile-end.qc.ca\/wp-content\/uploads\/Christine-Richard_juillet-2016_5570-5578-avenue-du-Parc-2-768x1024.jpg 768w, http:\/\/memoire.mile-end.qc.ca\/wp-content\/uploads\/Christine-Richard_juillet-2016_5570-5578-avenue-du-Parc-2-450x600.jpg 450w\" sizes=\"(max-width: 768px) 100vw, 768px\" \/><p id=\"caption-attachment-3730\" class=\"wp-caption-text\">juillet 2016 [Christine Richard]<\/p><\/div><em>Les maisons jumel\u00e9es du 5570-5578 sont aujourd\u2019hui le plus ancien immeuble de l\u2019avenue du Parc, au nord de l\u2019avenue du Mont-Royal. \u00c9difi\u00e9es dans le cadre du projet r\u00e9sidentiel de luxe\u00a0<\/em>Montreal Annex<em> dans les ann\u00e9es 1890, elles t\u00e9moignent de la transformation du village Saint-Louis-du-Mile-End en une banlieue urbaine et des ambitions de promoteurs torontois qui r\u00eavaient de profiter de la fi\u00e8vre immobili\u00e8re qui s\u2019\u00e9tait empar\u00e9e de Montr\u00e9al.<\/em><\/p>\n<p><em>Ces maisons sont construites en 1893 par l\u2019agent d\u2019immeubles Georges Marcil, qui esp\u00e8re \u00e9riger plusieurs de ces maisons sur l&#8217;avenue du Parc et ainsi participer au d\u00e9veloppement de l&#8217;Annexe. Mais Marcil rencontre de nombreux obstacles dans cette entreprise qui lui feront pr\u00e9f\u00e9rer une autre banlieue, Notre-Dame-de-Gr\u00e2ce.\u00a0<\/em><\/p>\n<hr \/>\n<p>Saint-Louis-du-Mile-End connait \u00e0 partir des ann\u00e9es 1880 une urbanisation acc\u00e9l\u00e9r\u00e9e. Une v\u00e9ritable fi\u00e8vre immobili\u00e8re s\u2019est empar\u00e9e de ce village d\u2019artisans et d\u2019ouvriers. Le promoteur torontois Rienzi Athel Mainwaring compte bien en profiter. Il ach\u00e8te, en juin 1890, la majorit\u00e9 des terres de la ferme Perrault-Nowlan, puis un peu plus tard, des terres de la famille Bagg, en vue de d\u00e9velopper un projet immobilier prestigieux, <a href=\"http:\/\/memoire.mile-end.qc.ca\/fr\/montreal-annex-a-strictly-high-class-suburb\/\" target=\"_blank\" rel=\"noopener\"><em>Montreal Annex<\/em><\/a>. Mainwaring et son associ\u00e9, Clarence J. McCuaig, esp\u00e8rent reproduire \u00e0 Montr\u00e9al le succ\u00e8s de <em>The Annex<\/em>, un quartier haut de gamme de Toronto, et faire de la <em>Montreal Annex<\/em> une des banlieues les plus prestigieuses de Montr\u00e9al, capable de rivaliser avec C\u00f4te-Saint-Antoine (rebaptis\u00e9e Westmount en 1895). Le projet s\u2019\u00e9tend entre le boulevard Saint-Laurent, l\u2019avenue Durocher \u00e0 Outremont, l\u2019avenue Fairmount et la rue Saint-Zotique (noms de rues d&#8217;aujourd&#8217;hui, car ils \u00e9taient diff\u00e9rents \u00e0 l&#8217;\u00e9poque). Son \u00e9pine dorsale devait \u00eatre la nouvelle avenue du Parc : celle-ci est r\u00e9serv\u00e9e exclusivement aux r\u00e9sidences de grande classe \u2013\u00a0il est hors de question d\u2019y construire des duplex et triplex \u2013\u00a0et toute activit\u00e9 commerciale y est interdite. La similitude revendiqu\u00e9e entre la future banlieue et le quartier torontois est telle que le premier plan de lotissement de l\u2019Annexe montr\u00e9alaise emprunte plusieurs noms de rue au quartier torontois : Spadina, Madison, Admiral et Bernard, noms respectifs des actuelles rues Durocher, Hutchison, Jeanne-Mance et Bernard.<\/p>\n<p>La banlieue r\u00eav\u00e9e par McCuaig et Mainwaring vise une client\u00e8le relativement fortun\u00e9e, \u00e0 la recherche d\u2019une r\u00e9sidence \u00e9loign\u00e9e du lieu de travail ; ce qui la diff\u00e9rencie du Mile End ouvrier de l\u2019est o\u00f9 les travailleurs vivent \u00e0 proximit\u00e9 des manufactures qui les emploient. Mais pour r\u00e9ussir leur pari, les promoteurs torontois doivent obtenir la construction d\u2019une ligne de tramway \u00e9lectrique sur l\u2019avenue du Parc, reliant la rue Craig (alors le centre-ville de Montr\u00e9al) au futur quartier. Seul un tel moyen de locomotion peut permettre de surmonter les obstacles g\u00e9ographiques et offrir une liaison rapide, efficace et \u00e0 co\u00fbt raisonnable entre la ville et la banlieue. Malheureusement pour les deux Ontariens, l\u2019installation du tramway fait l\u2019objet de fortes r\u00e9ticences \u2013 la Compagnie des chars urbains ne croit pas en la nouvelle technologie qu\u2019est le tramway \u00e9lectrique \u2013 et de batailles f\u00e9roces de diff\u00e9rents groupes d\u2019int\u00e9r\u00eats. La ligne de tramway est finalement construite en 1892 jusqu\u2019\u00e0 l\u2019avenue du Mont-Royal et prolong\u00e9e en 1894 jusqu\u2019\u00e0 la rue Saint-Louis (avenue Laurier). Ce n\u2019est pas l\u00e0 la seule difficult\u00e9 rencontr\u00e9e par le projet. Les infrastructures n\u00e9cessaires \u00e0 l\u2019urbanisation d\u2019un ancien territoire rural \u2013\u00a0aqueducs, \u00e9gouts, \u00e9clairage et trottoirs \u2013\u00a0se font attendre. En 1905, le nord du Mile End n\u2019a toujours pas d\u2019\u00e9gout ! Le contexte \u00e9conomique du d\u00e9but des ann\u00e9es 1890 ne favorise pas non plus une telle entreprise.<\/p>\n<div id=\"attachment_6226\" style=\"width: 610px\" class=\"wp-caption alignnone\"><a href=\"http:\/\/memoire.mile-end.qc.ca\/wp-content\/uploads\/1899_09_09-Marcil_Annexe_LP.png\"><img aria-describedby=\"caption-attachment-6226\" loading=\"lazy\" class=\"wp-image-6226 size-medium\" src=\"http:\/\/memoire.mile-end.qc.ca\/wp-content\/uploads\/1899_09_09-Marcil_Annexe_LP-600x481.png\" alt=\"\" width=\"600\" height=\"481\" srcset=\"http:\/\/memoire.mile-end.qc.ca\/wp-content\/uploads\/1899_09_09-Marcil_Annexe_LP-600x481.png 600w, http:\/\/memoire.mile-end.qc.ca\/wp-content\/uploads\/1899_09_09-Marcil_Annexe_LP-1024x820.png 1024w, http:\/\/memoire.mile-end.qc.ca\/wp-content\/uploads\/1899_09_09-Marcil_Annexe_LP-768x615.png 768w, http:\/\/memoire.mile-end.qc.ca\/wp-content\/uploads\/1899_09_09-Marcil_Annexe_LP.png 1166w\" sizes=\"(max-width: 600px) 100vw, 600px\" \/><\/a><p id=\"caption-attachment-6226\" class=\"wp-caption-text\">Publicit\u00e9 de Georges Marcil pour des lots \u00e0 vendre dans l&#8217;Annexe. La Presse, 9 septembre 1899.<\/p><\/div>\n<div id=\"attachment_6221\" style=\"width: 610px\" class=\"wp-caption alignnone\"><a href=\"http:\/\/memoire.mile-end.qc.ca\/wp-content\/uploads\/Maison_Marcil_1892.jpg\"><img aria-describedby=\"caption-attachment-6221\" loading=\"lazy\" class=\"size-medium wp-image-6221\" src=\"http:\/\/memoire.mile-end.qc.ca\/wp-content\/uploads\/Maison_Marcil_1892-600x509.jpg\" alt=\"\" width=\"600\" height=\"509\" srcset=\"http:\/\/memoire.mile-end.qc.ca\/wp-content\/uploads\/Maison_Marcil_1892-600x509.jpg 600w, http:\/\/memoire.mile-end.qc.ca\/wp-content\/uploads\/Maison_Marcil_1892-1024x868.jpg 1024w, http:\/\/memoire.mile-end.qc.ca\/wp-content\/uploads\/Maison_Marcil_1892-768x651.jpg 768w, http:\/\/memoire.mile-end.qc.ca\/wp-content\/uploads\/Maison_Marcil_1892.jpg 1280w\" sizes=\"(max-width: 600px) 100vw, 600px\" \/><\/a><p id=\"caption-attachment-6221\" class=\"wp-caption-text\">La Maison Georges-Marcil, telle que repr\u00e9sent\u00e9e dans une lithogravure publicitaire de 1892. BAnQ, fonds McCuaig &amp; Mainwaring (d\u00e9tail), P486.<\/p><\/div>\n<p>C\u2019est dans ce contexte qu\u2019en 1893 sont construites les maisons jumel\u00e9es de l\u2019actuel 5570-5578 avenue du Parc par l\u2019agent d\u2019immeubles Georges Marcil, qui esp\u00e9re \u00e9riger plusieurs de ces maisons et ainsi participer au d\u00e9veloppement de l\u2019Annexe. Mais les ambitions de Marcil souffrent des difficult\u00e9s rencontr\u00e9es par le projet de Mainwaring. Marcil pr\u00e9f\u00e8re finalement tenter sa chance dans une autre banlieue en pleine expansion, Notre-Dame-de-Gr\u00e2ce. Il y r\u00e9ussira \u00e0 la fois comme agent d\u2019immeubles et homme politique : Marcil ach\u00e8te d&#8217;abord en 1905 des terres agricoles qu&#8217;il lotit sous le nom de \u00ab Westmount Plateau \u00bb, et devient ensuite le dernier maire de Notre-Dame-de-Gr\u00e2ce avant son annexion \u00e0 Montr\u00e9al en 1910. Il\u00a0 poursuivra sa carri\u00e8re comme \u00e9chevin du nouveau quartier, o\u00f9 une avenue comm\u00e9more d&#8217;ailleurs son nom.<\/p>\n<p>Le 5570-5578 avenue du Parc est le second \u00e9difice r\u00e9sidentiel construit sur l\u2019avenue du Parc au nord de l\u2019avenue du Mont-Royal. (La premi\u00e8re maison \u00e9rig\u00e9e sur l\u2019avenue est celle de Mainwaring. Celui-ci s\u2019\u00e9tait fait construire une <a href=\"http:\/\/memoire.mile-end.qc.ca\/maison-rienzi-athel-mainwaring\/\">r\u00e9sidence luxueuse<\/a>, qui lui servait de maison mod\u00e8le pour la promotion de son projet r\u00e9sidentiel. La r\u00e9sidence Mainwaring est emport\u00e9e par un incendie criminel en 1973.) L\u2019\u00e9difice compos\u00e9 de deux maisons jumel\u00e9es est toujours debout. Si l\u2019on fait abstraction de la devanture du restaurant Aux Lilas, sa fa\u00e7ade est aujourd\u2019hui tr\u00e8s proche de celle que pouvait observer un promeneur sur l\u2019avenue du Parc en 1893. Autour de 1914, la partie nord de la b\u00e2tisse a \u00e9t\u00e9 divis\u00e9e en deux unit\u00e9s distinctes. La construction d\u2019une extension \u00e0 la fa\u00e7ade nord a permis l\u2019ajout d\u2019un escalier int\u00e9rieur donnant un acc\u00e8s ind\u00e9pendant \u00e0 l\u2019appartement sup\u00e9rieur.<\/p>\n<p>Aujourd\u2019hui, l\u2019\u00e9difice comprend huit logements et deux espaces commerciaux.<\/p>\n<hr \/>\n<p>Voir aussi<\/p>\n<p><span style=\"font-weight: 400;\"><a href=\"http:\/\/memoire.mile-end.qc.ca\/maison-rienzi-athel-mainwaring\/\">Maison Rienzi-Athel-Mainwaring<\/a><br \/>\n<\/span><span style=\"font-weight: 400;\"><a href=\"http:\/\/memoire.mile-end.qc.ca\/fairmount-court-appartements\/\">Appartements Fairmount Court<\/a><br \/>\n<\/span><span style=\"font-weight: 400;\"><a href=\"http:\/\/memoire.mile-end.qc.ca\/appartements-valmont\/\">Appartements Valmont<\/a><br \/>\n<\/span><span style=\"font-weight: 400;\"><a href=\"http:\/\/memoire.mile-end.qc.ca\/college-rabbinique-du-canada-tomchei-tmimim\/\">Coll\u00e8ge rabbinique du Canada<\/a><br \/>\n<\/span><a href=\"http:\/\/memoire.mile-end.qc.ca\/ymca-du-parc\/\"><span style=\"font-weight: 400;\">YMCA Du Parc<\/span><\/a><\/p>\n<p>&nbsp;<\/p>\n<p>[Recherche et r\u00e9daction : Yves Desjardins et\u00a0Christine Richard|<\/p>","protected":false},"excerpt":{"rendered":"<p>Les maisons jumel\u00e9es du 5570-5578 sont aujourd\u2019hui le plus ancien immeuble de l\u2019avenue du Parc, au nord de l\u2019avenue du Mont-Royal. \u00c9difi\u00e9es dans le cadre du projet r\u00e9sidentiel de luxe\u00a0Montreal Annex dans les ann\u00e9es 1890, elles t\u00e9moignent de la transformation du village Saint-Louis-du-Mile-End en une banlieue urbaine et des ambitions de promoteurs torontois qui r\u00eavaient [&hellip;]<\/p>\n","protected":false},"author":3,"featured_media":0,"comment_status":"open","ping_status":"open","sticky":false,"template":"","format":"standard","meta":[],"categories":[41],"tags":[32,20,33,34],"_links":{"self":[{"href":"http:\/\/memoire.mile-end.qc.ca\/fr\/wp-json\/wp\/v2\/posts\/3729"}],"collection":[{"href":"http:\/\/memoire.mile-end.qc.ca\/fr\/wp-json\/wp\/v2\/posts"}],"about":[{"href":"http:\/\/memoire.mile-end.qc.ca\/fr\/wp-json\/wp\/v2\/types\/post"}],"author":[{"embeddable":true,"href":"http:\/\/memoire.mile-end.qc.ca\/fr\/wp-json\/wp\/v2\/users\/3"}],"replies":[{"embeddable":true,"href":"http:\/\/memoire.mile-end.qc.ca\/fr\/wp-json\/wp\/v2\/comments?post=3729"}],"version-history":[{"count":14,"href":"http:\/\/memoire.mile-end.qc.ca\/fr\/wp-json\/wp\/v2\/posts\/3729\/revisions"}],"predecessor-version":[{"id":6233,"href":"http:\/\/memoire.mile-end.qc.ca\/fr\/wp-json\/wp\/v2\/posts\/3729\/revisions\/6233"}],"wp:attachment":[{"href":"http:\/\/memoire.mile-end.qc.ca\/fr\/wp-json\/wp\/v2\/media?parent=3729"}],"wp:term":[{"taxonomy":"category","embeddable":true,"href":"http:\/\/memoire.mile-end.qc.ca\/fr\/wp-json\/wp\/v2\/categories?post=3729"},{"taxonomy":"post_tag","embeddable":true,"href":"http:\/\/memoire.mile-end.qc.ca\/fr\/wp-json\/wp\/v2\/tags?post=3729"}],"curies":[{"name":"wp","href":"https:\/\/api.w.org\/{rel}","templated":true}]}}