{"id":3757,"date":"2016-10-01T17:47:56","date_gmt":"2016-10-01T21:47:56","guid":{"rendered":"http:\/\/memoire.mile-end.qc.ca\/?p=3757"},"modified":"2018-11-30T16:04:50","modified_gmt":"2018-11-30T21:04:50","slug":"eglise-saint-georges","status":"publish","type":"post","link":"http:\/\/memoire.mile-end.qc.ca\/fr\/eglise-saint-georges\/","title":{"rendered":"\u00c9glise Saint-Georges"},"content":{"rendered":"<p><div id=\"attachment_3758\" style=\"width: 498px\" class=\"wp-caption alignnone\"><img aria-describedby=\"caption-attachment-3758\" loading=\"lazy\" class=\"wp-image-3758 size-medium\" src=\"http:\/\/memoire.mile-end.qc.ca\/wp-content\/uploads\/Eglise-Saint-Georges_Laction-ouvri\u00e8re_novembre-1914_BAnQ-1655-JOU-488x600.jpg\" alt=\"\u00c9glise Saint-Georges, 1914 [&lt;i&gt;L'action ouvri\u00e8re&lt;\/i&gt;, nov. 1914 \u2013 BAnQ]\" width=\"488\" height=\"600\" srcset=\"http:\/\/memoire.mile-end.qc.ca\/wp-content\/uploads\/Eglise-Saint-Georges_Laction-ouvri\u00e8re_novembre-1914_BAnQ-1655-JOU-488x600.jpg 488w, http:\/\/memoire.mile-end.qc.ca\/wp-content\/uploads\/Eglise-Saint-Georges_Laction-ouvri\u00e8re_novembre-1914_BAnQ-1655-JOU-768x945.jpg 768w, http:\/\/memoire.mile-end.qc.ca\/wp-content\/uploads\/Eglise-Saint-Georges_Laction-ouvri\u00e8re_novembre-1914_BAnQ-1655-JOU-833x1024.jpg 833w, http:\/\/memoire.mile-end.qc.ca\/wp-content\/uploads\/Eglise-Saint-Georges_Laction-ouvri\u00e8re_novembre-1914_BAnQ-1655-JOU.jpg 1322w\" sizes=\"(max-width: 488px) 100vw, 488px\" \/><p id=\"caption-attachment-3758\" class=\"wp-caption-text\">\u00c9glise Saint-Georges, 1914 [L&#8217;action ouvri\u00e8re, nov. 1914 \u2013 BAnQ]<\/p><\/div><em>L\u2019actuelle \u00c9cole Lambert-Closse est construite en 1971 sur des terrains initialement occup\u00e9s par des institutions de l\u2019ancienne paroisse Saint-Georges : l\u2019Acad\u00e9mie Saint-Georges, l\u2019\u00e9glise Saint-Georges et son presbyt\u00e8re.<\/em><\/p>\n<p><em>Les ann\u00e9es 1970 marquent une la\u00efcisation du Qu\u00e9bec et la d\u00e9saffection de ses \u00e9glises par leurs paroissiens ; ce qui entraine la d\u00e9molition d\u2019un certain nombre d\u2019\u00e9difices religieux. Le Mile End n\u2019est pas \u00e9pargn\u00e9 par ce ph\u00e9nom\u00e8ne. Il touche ainsi de plein fouet la paroisse Saint-Georges. En janvier 1971, l\u2019imposante \u00e9glise Saint-Georges, construite \u00e0 grands frais en 1913, est d\u00e9molie. Il n\u2019en reste plus rien aujourd\u2019hui.<\/em><\/p>\n<hr \/>\n<p>Monseigneur Paul Bruch\u00e9si, archev\u00eaque de Montr\u00e9al, fonde la paroisse Saint-Georges le 27 juin 1908 en d\u00e9membrant une partie de la paroisse Saint-Enfant-J\u00e9sus, \u00e9rig\u00e9e en 1867. Le territoire de la nouvelle paroisse est compris entre la voie ferr\u00e9e du Canadien Pacifique au nord, la rue Saint-Viateur au sud, la rue Hutchison \u00e0 l&#8217;ouest et la rue Henri-Julien \u00e0 l\u2019est. La paroisse est confi\u00e9e aux Religieux de Saint-Vincent de Paul, une congr\u00e9gation fond\u00e9e en France en 1845 par trois la\u00efques, Jean-L\u00e9on Le Prevost, Cl\u00e9ment Myionner et Maurice Maignen. Cette congr\u00e9gation s\u2019est donn\u00e9e pour mission l\u2019\u00e9vang\u00e9lisation de la classe ouvri\u00e8re. Les Religieux veulent faire de la paroisse Saint-Georges \u00ab une paroisse ouvri\u00e8re mod\u00e8le \u00bb.<\/p>\n<p>Le nord du Mile End vit alors une urbanisation acc\u00e9l\u00e9r\u00e9e et une croissance d\u00e9mographique spectaculaire. En l&#8217;espace de cinq ans, la nouvelle paroisse se dote de deux \u00e9coles, l\u2019<a href=\"http:\/\/memoire.mile-end.qc.ca\/academie-saint-georges\/\">Acad\u00e9mie Saint-Georges<\/a> (1908) et l\u2019<a href=\"http:\/\/memoire.mile-end.qc.ca\/ecole-dollard-lambert-closse\/\">\u00c9cole Dollard<\/a> (1910), d\u2019un centre communautaire pour les jeunes catholiques, le <a href=\"http:\/\/memoire.mile-end.qc.ca\/patro-le-prevost\/\">Patronage Le Prevost<\/a> (1913), et d\u2019une imposante \u00e9glise de style roman, l\u2019\u00e9glise Saint-Georges (1913). La conception des plans de l\u2019\u00e9glise est confi\u00e9e aux architectes Joseph Elgide C\u00e9saire Daoust et Louis Z\u00e9phirin Gauthier, qui avaient d\u00e9j\u00e0 dessin\u00e9s les plans de l\u2019Acad\u00e9mie Saint-Georges et de sa chapelle, ainsi que ceux de l\u2019\u00c9cole Dollard.<\/p>\n<p>La croissance de la paroisse Saint-Georges est ralentie par la premi\u00e8re guerre mondiale et par la concurrence d\u2019une paroisse irlandaise, St. Michael, qui a \u00e9rig\u00e9 son \u00e9glise sur le m\u00eame territoire, <a href=\"http:\/\/memoire.mile-end.qc.ca\/eglise-st-michael-the-archangel\/\">l\u2019\u00e9glise Saint-Michel-Archange<\/a> (1915). Mais c&#8217;est la d\u00e9cennie 1970 qui\u00a0est fatale \u00e0 la paroisse Saint-Georges. \u00c0 la suite de la R\u00e9volution tranquille, le Qu\u00e9bec connait, en effet, de grandes transformations sociales, en particulier un ph\u00e9nom\u00e8ne de la\u00efcisation. Les paroissiens d\u00e9laissent leurs \u00e9glises. Moins d\u2019argent entre dans les coffres des fabriques des paroisses qui se voient dans l\u2019obligation de prendre des d\u00e9cisions, parfois brutales, quant au devenir de leurs \u00e9glises, qu\u2019elles n\u2019ont plus les moyens d\u2019entretenir. C\u2019est ce qui se produit pour la paroisse Saint-Georges. En 1970, il est d\u00e9cid\u00e9 de fermer l\u2019\u00e9glise Saint-Georges. Parall\u00e8lement, le quartier connait un bouleversement important. Dans le cadre du projet du viaduc Rosemont\u2013Van-Horne, la ville de Montr\u00e9al a expropri\u00e9 52 maisons sur les rues Saint-Urbain et Clark, ce qui repr\u00e9sente le d\u00e9placement de 124 familles \u2013 la majorit\u00e9 d\u2019entre elles seront relog\u00e9es dans le quartier. Une institution d\u2019importance est \u00e9galement vou\u00e9e \u00e0 la d\u00e9molition\u00a0: l\u2019\u00c9cole Lambert-Closse (anciennement \u00c9cole Dollard), situ\u00e9e au 5941-5945 rue Saint-Urbain, afin de permettre le raccordement gr\u00e2ce \u00e0 un tunnel de la rue Clark \u00e0 la rue Saint-Urbain.<\/p>\n<p>La Commission des \u00e9coles catholiques de Montr\u00e9al est \u00e0 la recherche d\u2019un terrain pour y b\u00e2tir une nouvelle \u00e9cole. Il est d\u2019abord envisag\u00e9 d\u2019exproprier d\u2019autres logements afin de faire place \u00e0 cette \u00e9cole. Mais les difficult\u00e9s rencontr\u00e9es par la paroisse Saint-Georges arrivent \u00e0 point nomm\u00e9. La Commission n\u00e9gocie finalement avec la paroisse l\u2019achat de l&#8217;\u00e9glise, du presbyt\u00e8re et de l\u2019Acad\u00e9mie Saint-Georges et les terrains qu\u2019ils occupent pour la somme de 500\u00a0000\u00a0$. Ces \u00e9difices seront d\u00e9molis en janvier 1971 pour faire place \u00e0 la nouvelle \u00e9cole Lambert-Closse, une \u00e9cole de 580 \u00e9l\u00e8ves au niveau \u00e9l\u00e9mentaire et de 80 \u00e9l\u00e8ves au niveau de la maternelle.<\/p>\n<p>Guy L. C\u00f4t\u00e9 a film\u00e9 la d\u00e9molition de l\u2019\u00e9glise Saint-Georges dans son documentaire <a href=\"http:\/\/www.onf.ca\/film\/tranquillement_pas_vite\"><em>Tranquillement, pas vite<\/em><\/a> (1972) portant sur les mutations religieuses que connait le Qu\u00e9bec au d\u00e9but des ann\u00e9es 1970. On y voit l\u2019\u00e9glise violemment frapp\u00e9e par la boule des d\u00e9molisseurs et le peu de cas qu\u2019il est fait du patrimoine religieux.<\/p>\n<p>La communaut\u00e9 occupe ensuite une salle dans un immeuble situ\u00e9 en face \u00e0 l\u2019ancienne \u00e9glise, au 100 rue\u00a0Bernard Ouest. Il s&#8217;y trouve\u00a0\u00e9galement la clinique populaire Saint-Georges, administr\u00e9e par la paroisse, de 1967 \u00e0 1995. Mais en raison de la d\u00e9saffection croissante, la paroisse Saint-Georges est finalement r\u00e9absorb\u00e9e en 2001 par la paroisse Saint-Enfant-J\u00e9sus.<\/p>\n<div id=\"attachment_3851\" style=\"width: 610px\" class=\"wp-caption alignnone\"><img aria-describedby=\"caption-attachment-3851\" loading=\"lazy\" class=\"size-medium wp-image-3851\" src=\"http:\/\/memoire.mile-end.qc.ca\/wp-content\/uploads\/1909-Interieur-Eglise-st-Georges-600x397.jpg\" alt=\"Int\u00e9rieur de l'\u00e9glise Saint-Georges, 192_ Archives du Patro Le Prevost\" width=\"600\" height=\"397\" srcset=\"http:\/\/memoire.mile-end.qc.ca\/wp-content\/uploads\/1909-Interieur-Eglise-st-Georges-600x397.jpg 600w, http:\/\/memoire.mile-end.qc.ca\/wp-content\/uploads\/1909-Interieur-Eglise-st-Georges-768x508.jpg 768w, http:\/\/memoire.mile-end.qc.ca\/wp-content\/uploads\/1909-Interieur-Eglise-st-Georges-1024x678.jpg 1024w, http:\/\/memoire.mile-end.qc.ca\/wp-content\/uploads\/1909-Interieur-Eglise-st-Georges.jpg 1798w\" sizes=\"(max-width: 600px) 100vw, 600px\" \/><p id=\"caption-attachment-3851\" class=\"wp-caption-text\">Int\u00e9rieur de l&#8217;\u00e9glise Saint-Georges, 192_, Archives du Patro Le Prevost<\/p><\/div>\n<p>&nbsp;<\/p>\n<p>[Recherche : Yves Desjardins \u2013 R\u00e9daction : Christine Richard]<\/p>","protected":false},"excerpt":{"rendered":"<p>L\u2019actuelle \u00c9cole Lambert-Closse est construite en 1971 sur des terrains initialement occup\u00e9s par des institutions de l\u2019ancienne paroisse Saint-Georges : l\u2019Acad\u00e9mie Saint-Georges, l\u2019\u00e9glise Saint-Georges et son presbyt\u00e8re. Les ann\u00e9es 1970 marquent une la\u00efcisation du Qu\u00e9bec et la d\u00e9saffection de ses \u00e9glises par leurs paroissiens ; ce qui entraine la d\u00e9molition d\u2019un certain nombre d\u2019\u00e9difices religieux. [&hellip;]<\/p>\n","protected":false},"author":3,"featured_media":0,"comment_status":"open","ping_status":"open","sticky":false,"template":"","format":"standard","meta":[],"categories":[41],"tags":[32,20,33],"_links":{"self":[{"href":"http:\/\/memoire.mile-end.qc.ca\/fr\/wp-json\/wp\/v2\/posts\/3757"}],"collection":[{"href":"http:\/\/memoire.mile-end.qc.ca\/fr\/wp-json\/wp\/v2\/posts"}],"about":[{"href":"http:\/\/memoire.mile-end.qc.ca\/fr\/wp-json\/wp\/v2\/types\/post"}],"author":[{"embeddable":true,"href":"http:\/\/memoire.mile-end.qc.ca\/fr\/wp-json\/wp\/v2\/users\/3"}],"replies":[{"embeddable":true,"href":"http:\/\/memoire.mile-end.qc.ca\/fr\/wp-json\/wp\/v2\/comments?post=3757"}],"version-history":[{"count":6,"href":"http:\/\/memoire.mile-end.qc.ca\/fr\/wp-json\/wp\/v2\/posts\/3757\/revisions"}],"predecessor-version":[{"id":4587,"href":"http:\/\/memoire.mile-end.qc.ca\/fr\/wp-json\/wp\/v2\/posts\/3757\/revisions\/4587"}],"wp:attachment":[{"href":"http:\/\/memoire.mile-end.qc.ca\/fr\/wp-json\/wp\/v2\/media?parent=3757"}],"wp:term":[{"taxonomy":"category","embeddable":true,"href":"http:\/\/memoire.mile-end.qc.ca\/fr\/wp-json\/wp\/v2\/categories?post=3757"},{"taxonomy":"post_tag","embeddable":true,"href":"http:\/\/memoire.mile-end.qc.ca\/fr\/wp-json\/wp\/v2\/tags?post=3757"}],"curies":[{"name":"wp","href":"https:\/\/api.w.org\/{rel}","templated":true}]}}