{"id":376,"date":"2010-04-19T09:30:01","date_gmt":"2010-04-19T13:30:01","guid":{"rendered":"http:\/\/mile-end.qc.ca\/?p=376"},"modified":"2013-12-27T21:36:46","modified_gmt":"2013-12-28T02:36:46","slug":"des-maisons-en-rangee-aux-megastructures-le-secteur-st-viateur-est","status":"publish","type":"post","link":"http:\/\/memoire.mile-end.qc.ca\/fr\/des-maisons-en-rangee-aux-megastructures-le-secteur-st-viateur-est\/","title":{"rendered":"Des maisons en rang\u00e9e aux m\u00e9gastructures\u00a0: le secteur St-Viateur Est"},"content":{"rendered":"<p><strong><em>Offerte par M\u00e9moire du Mile End et Les Amis du boulevard Saint-Laurent, en collaboration avec le Comit\u00e9 des citoyens du Mile End et Mile End sans Voitures<br \/>\n(Anim\u00e9e par Justin Bur et d\u2019autres intervenants)<\/em><\/strong><\/p>\n<p>&nbsp;<\/p>\n<p>Le secteur Saint-Viateur Est du Mile End (bord\u00e9 par le boulevard Saint-Laurent, l\u2019avenue Laurier, la rue Saint-Denis et la voie ferr\u00e9e du CP) comprend des maisons en rang\u00e9e de trois \u00e9tages qui c\u00f4toient des m\u00e9gastructures de 12 \u00e9tages et un champ sauvage qui occupe une ancienne cour ferroviaire \u00e0 c\u00f4t\u00e9 du jardin formel d\u2019une communaut\u00e9 religieuse clo\u00eetr\u00e9e. En plus de d\u00e9couvrir l\u2019\u00e9volution, depuis 150 ans, de cet unique paysage urbain, les participants de cette promenade pour honorer la militante urbaine<em> <strong>Jane Jacobs (1916-2006)<\/strong> <\/em>discuteront des id\u00e9es pour son avenir, incluant les fruits de plusieurs d\u00e9marches citoyennes en cours.<\/p>\n<p><em>Date et heure :<\/em><em> <\/em><strong>Dimanche 2 mai 2010, 13 h 30 \u00e0 15 h 30<\/strong><\/p>\n<p><em>Point de d\u00e9part :<\/em><em> <\/em><strong>Devant l\u2019\u00e9glise Saint-Enfant J\u00e9sus, rue Saint-Dominique entre le boulevard Saint-Joseph et l\u2019avenue Laurier (m\u00e9tro Laurier, autobus 51 ou 55) <\/strong><\/p>\n<p><em>Langue\u00a0:<\/em><em> <\/em><strong>Fran\u00e7ais<\/strong><\/p>\n<p><em>Terminus :<\/em><em> <\/em><strong>Champ des possibles, au nord de la rue Maguire entre l\u2019avenue de Gasp\u00e9 et la rue Henri-Julien<\/strong><\/p>\n<p><em>R\u00e9servations\u00a0:<\/em><strong><em> <\/em><\/strong><strong>Pas n\u00e9cessaires<\/strong><\/p>\n<p><a href=\"http:\/\/memoire.mile-end.qc.ca\/wp-content\/uploads\/MME-affiche.100502.Janes-Walk.pdf\">T\u00e9l\u00e9charger l&#8217;affiche (PDF)<\/a><\/p>\n<p><em>* Renseignements sur toutes les promenades de Jane, incluant d\u2019autres \u00e0 Montr\u00e9al et \u00e0 travers le Canada : <\/em><a href=\"http:\/\/www.janeswalk.net\/\"><em>www.janeswalk.net<\/em><\/a><em>,<\/em> <cite><a href=\"http:\/\/www.janeswalkottawa.ca\/\">www.janeswalkottawa.ca<\/a><\/cite><cite><em>. Les promenades \u00e0 Montr\u00e9al sont coordonn\u00e9es par le Centre d\u2019\u00e9cologie urbaine de Montr\u00e9al.<\/em><\/cite><\/p>","protected":false},"excerpt":{"rendered":"<p>Offerte par M\u00e9moire du Mile End et Les Amis du boulevard Saint-Laurent, en collaboration avec le Comit\u00e9 des citoyens du Mile End et Mile End sans Voitures (Anim\u00e9e par Justin Bur et d\u2019autres intervenants) &nbsp; Le secteur Saint-Viateur Est du Mile End (bord\u00e9 par le boulevard Saint-Laurent, l\u2019avenue Laurier, la rue Saint-Denis et la voie [&hellip;]<\/p>\n","protected":false},"author":4,"featured_media":0,"comment_status":"closed","ping_status":"open","sticky":false,"template":"","format":"standard","meta":[],"categories":[5],"tags":[],"_links":{"self":[{"href":"http:\/\/memoire.mile-end.qc.ca\/fr\/wp-json\/wp\/v2\/posts\/376"}],"collection":[{"href":"http:\/\/memoire.mile-end.qc.ca\/fr\/wp-json\/wp\/v2\/posts"}],"about":[{"href":"http:\/\/memoire.mile-end.qc.ca\/fr\/wp-json\/wp\/v2\/types\/post"}],"author":[{"embeddable":true,"href":"http:\/\/memoire.mile-end.qc.ca\/fr\/wp-json\/wp\/v2\/users\/4"}],"replies":[{"embeddable":true,"href":"http:\/\/memoire.mile-end.qc.ca\/fr\/wp-json\/wp\/v2\/comments?post=376"}],"version-history":[{"count":1,"href":"http:\/\/memoire.mile-end.qc.ca\/fr\/wp-json\/wp\/v2\/posts\/376\/revisions"}],"predecessor-version":[{"id":2306,"href":"http:\/\/memoire.mile-end.qc.ca\/fr\/wp-json\/wp\/v2\/posts\/376\/revisions\/2306"}],"wp:attachment":[{"href":"http:\/\/memoire.mile-end.qc.ca\/fr\/wp-json\/wp\/v2\/media?parent=376"}],"wp:term":[{"taxonomy":"category","embeddable":true,"href":"http:\/\/memoire.mile-end.qc.ca\/fr\/wp-json\/wp\/v2\/categories?post=376"},{"taxonomy":"post_tag","embeddable":true,"href":"http:\/\/memoire.mile-end.qc.ca\/fr\/wp-json\/wp\/v2\/tags?post=376"}],"curies":[{"name":"wp","href":"https:\/\/api.w.org\/{rel}","templated":true}]}}