{"id":3887,"date":"2016-11-25T09:51:57","date_gmt":"2016-11-25T14:51:57","guid":{"rendered":"http:\/\/memoire.mile-end.qc.ca\/?p=3887"},"modified":"2024-11-17T23:24:42","modified_gmt":"2024-11-18T04:24:42","slug":"magasin-le-mont-royal","status":"publish","type":"post","link":"http:\/\/memoire.mile-end.qc.ca\/fr\/magasin-le-mont-royal\/","title":{"rendered":"Magasin Le Mont-Royal"},"content":{"rendered":"<p><div id=\"attachment_3877\" style=\"width: 610px\" class=\"wp-caption alignnone\"><img aria-describedby=\"caption-attachment-3877\" loading=\"lazy\" class=\"wp-image-3877 size-medium\" src=\"http:\/\/memoire.mile-end.qc.ca\/wp-content\/uploads\/7137-600x386.jpeg\" alt=\"Le Mont-Royal, magasin d\u00e9partemental, vers 1912 \/ BAnQ, IRIS 0002633309\" width=\"600\" height=\"386\" srcset=\"http:\/\/memoire.mile-end.qc.ca\/wp-content\/uploads\/7137-600x386.jpeg 600w, http:\/\/memoire.mile-end.qc.ca\/wp-content\/uploads\/7137-768x494.jpeg 768w, http:\/\/memoire.mile-end.qc.ca\/wp-content\/uploads\/7137.jpeg 1024w\" sizes=\"(max-width: 600px) 100vw, 600px\" \/><p id=\"caption-attachment-3877\" class=\"wp-caption-text\">Le Mont-Royal, magasin d\u00e9partemental, vers 1912 \/ BAnQ<\/p><\/div><\/p>\n<p><em>Le Mont-Royal fut, au d\u00e9but du 20e si\u00e8cle, le grand magasin du nord de la ville. Situ\u00e9 au coin nord-ouest du boulevard St-Laurent et de l&#8217;avenue du Mont-Royal Ouest, il a \u00e9t\u00e9 pendant 25 ans le \u00ab&nbsp;magasin d\u00e9partemental&nbsp;\u00bb du quartier. L&#8217;histoire des propri\u00e9taires de ce b\u00e2timent permet de faire la connaissance\u00a0de personnages influents de l&#8217;histoire de Montr\u00e9al tels que Treffl\u00e9 Berthiaume (1848\u20131915) et Joseph Osias Gareau (1863\u20131935). Le r\u00e9cit des locataires nous offre, quant \u00e0 lui, un instantan\u00e9 de la transformation de l&#8217;\u00e9conomie du quartier.<\/em><\/p>\n<p>Pendant plus d&#8217;un si\u00e8cle, le terrain sur lequel se trouve aujourd&#8217;hui le 1 \u00e0 27 avenue du Mont-Royal Ouest appartient \u00e0 la famille Clark\u2013Bagg. En mars 1905, Treffl\u00e9 Berthiaume, ancien (et futur)\u00a0propri\u00e9taire du journal\u00a0<em>La Presse<\/em>, en fait l\u2019acquisition. En 1906, il y fait construire un b\u00e2timent de 3 \u00e9tages qui occupe la t\u00eate d&#8217;\u00eelot au complet, du boulevard Saint-Laurent \u00e0 la rue Clark. \u00c0 l&#8217;\u00e9poque o\u00f9 plusieurs grand magasins sont d\u00e9j\u00e0 bien\u00a0\u00e9tablis, notamment sur la rue Sainte-Catherine \u00e0 Montr\u00e9al, la ville de Saint-Louis a, elle aussi, son magasin \u00e0 rayons : Le Mont-Royal, et les premiers \u00e0 le diriger sont Vanier et Lesage, marchands du quartier voisin de Saint-Jean-Baptiste. Malheureusement, ils ciblent une client\u00e8le\u00a0trop\u00a0haut de gamme\u00a0pour\u00a0Saint-Louis, et doivent fermer le magasin moins de trois ans plus tard.<\/p>\n<p>C\u2019est sous la direction de Joseph Osias Gareau que le magasin conna\u00eet ses heures de gloire. En 1909, le journal <em>La Patrie<\/em> dit de ce dernier qu&#8217;il \u00ab\u00a0poss\u00e8de un magasin [Le Mont-Royal] digne de ses hautes aptitudes commerciales\u00a0\u00bb. Bri\u00e8vement propri\u00e9taire de la maison Fecteau \u00e0 l&#8217;intersection de Saint-Laurent et Fairmount, il a \u00e9t\u00e9 \u00e9lu \u00e0 deux reprises pr\u00e9sident de la Soci\u00e9t\u00e9 des marchands-d\u00e9tailleurs de nouveaut\u00e9s de la province de Qu\u00e9bec et a \u00e9t\u00e9 conseiller \u00e0 la Chambre de commerce du district de Montr\u00e9al. Cet homme d&#8217;affaires se lance donc dans la grande aventure du magasin \u00e0 rayons\u00a0Le Mont-Royal avec un certain bagage. En outre, J. O. Gareau est l&#8217;un des associ\u00e9s de la compagnie E.T. Corset, entreprise prosp\u00e8re de Saint-Hyacinthe \u0153uvrant dans la fabrication de corsets. C&#8217;est une compagnie d&#8217;envergure au m\u00eame titre que les confitures Raymond ou la fabrique d&#8217;orgues Casavant. D&#8217;ailleurs, certaines repr\u00e9sentations d&#8217;\u00e9poque du magasin Le Mont-Royal montrent bien l&#8217;enseigne de la compagnie maskoutaine que Gareau fait installer sur le coin de l&#8217;\u00e9difice.<\/p>\n<p>En mai\u00a01910, Gareau, qui loue et dirige le magasin Le Mont-Royal depuis un an, ach\u00e8te l&#8217;immeuble pour 100 000 $ d&#8217;un agent immobilier qui venait juste de le reprendre de Treffl\u00e9 Berthiaume. Berthiaume\u00a0vit une situation financi\u00e8re difficile suite \u00e0 la vente de parts du journal\u00a0et \u00e0 la saisie d&#8217;une usine de papier dont il est actionnaire: la Saint-Raymond Paper. Durant cette p\u00e9riode, il vend \u00e9galement plusieurs immeubles. Toutefois en 1913, la situation financi\u00e8re de Berthiaume s&#8217;am\u00e9liore et il rach\u00e8te toutes les parts de\u00a0<em>La Presse<\/em>, redevenant ainsi l&#8217;unique propri\u00e9taire du plus grand quotidien francophone de l&#8217;\u00e9poque.<\/p>\n<p>En 1913, le chiffre d&#8217;affaires du magasin atteint 350\u00a0000\u00a0$ et on y emploie 75 personnes. Le b\u00e2timent, pour sa part, est \u00e9valu\u00e9 \u00e0 500\u00a0000\u00a0$. En trois ans, Gareau a quintupl\u00e9 son investissement en plus d&#8217;avoir fait du Mont-Royal un magasin rentable. De surcro\u00eet, son arriv\u00e9e comme propri\u00e9taire entra\u00eene une augmentation et une diversification des locataires. \u00c0 l&#8217;angle de la rue Clark et de l&#8217;avenue du Mont-Royal, un pharmacien, une polyclinique et un \u00e9picier se c\u00f4toient au rez-de-chauss\u00e9e. Malgr\u00e9 cette transformation, le magasin conserve ses deux entr\u00e9es, soit le 1 avenue du Mont-Royal Ouest et le 1502 boulevard Saint-Laurent. Le\u00a0bijoutier J. Omer Roy s&#8217;occupe du rayon bijouterie entre 1919 et 1923.<\/p>\n<p>En 1921, la Banque Royale du Canada ouvre une succursale bancaire \u00e0 l&#8217;adresse 1 avenue du Mont-Royal Ouest, dans de la partie de l&#8217;\u00e9difice formant le coin du boulevard Saint-Laurent, qu&#8217;elle ach\u00e8te de Gareau \u00e0 cette fin. Cette partie de l&#8217;\u00e9difice repr\u00e9sente un local de prestige lisible dans l&#8217;architecture. La fa\u00e7ade des deux premiers \u00e9tages est rythm\u00e9e par des pilastres orn\u00e9s de chapiteaux sculpt\u00e9s. Les pierres de taille qui les composent font contraste \u00e0 la brique rouge que rev\u00eat le reste du b\u00e2timent dont le troisi\u00e8me \u00e9tage et le mur de la rue Clark. La banque occupe ce local jusque dans les ann\u00e9es 1980. Ce sera le plus fid\u00e8le des occupants.<\/p>\n<p>La gestion du magasin \u00e0 rayons est transf\u00e9r\u00e9e\u00a0\u00e0 l&#8217;entrepreneur juif Meyer Poyaner \u00e0 partir d&#8217;ao\u00fbt 1923. Comme en t\u00e9moignent plusieurs articles parus dans <em>The Canadian Jewish Chronicle<\/em>, le passage du flambeau ne passera pas sous silence dans la communaut\u00e9 juive. Poyaner, cependant, ne connaitra pas de succ\u00e8s durable. En novembre 1927, on annonce \u00ab r\u00e9organisation \u2013 nouveaux propri\u00e9taires\u00a0\u00bb (c&#8217;est en fait un gendre de Poyaner, Louis Wexler, qui prend le relais). Wexler tentera une derni\u00e8re fois en 1929 de relancer le grand magasin, mais il doit s&#8217;avouer vaincu apr\u00e8s deux ans. Le Mont-Royal ferme d\u00e9finitivement en 1931. C&#8217;est s\u00fbrement\u00a0la\u00a0crise \u00e9conomique de l&#8217;\u00e9poque qui a sonn\u00e9 le glas pour le grand magasin du nord.<\/p>\n<p>En 1926 et 1927, Gareau vend les autres parties (\u00e0 part la banque) de l&#8217;\u00e9difice \u00e0 des\u00a0investisseurs en immobilier, dont Wexler.\u00a0Parmi les locataires, on trouve des\u00a0manufactures comme la Klein Manufacturing Company et\u00a0la John W. Peck &amp; Co. Jusque dans les ann\u00e9es 1980, les \u00e9tages seront occup\u00e9s par des manufactures.<\/p>\n<p>Suite \u00e0 des transformations majeures apr\u00e8s la Deuxi\u00e8me Guerre mondiale, le b\u00e2timent porte bien peu d&#8217;\u00e9l\u00e9ments d&#8217;origine. La bordure du toit, jadis tr\u00e8s ornement\u00e9e, est d\u00e9sormais rectiligne et recouverte d&#8217;un solin de m\u00e9tal des plus conventionnels. Les ouvertures des fen\u00eatres ont \u00e9t\u00e9 \u00e9largies aux \u00e9tages sup\u00e9rieurs. Le rev\u00eatement de briques et de pierres de l&#8217;\u00e9poque a \u00e9t\u00e9 compl\u00e8tement remplac\u00e9; il reste peu de traces des pilastres qui rythmaient la fa\u00e7ade. Aujourd\u2019hui, il est difficile d&#8217;imaginer que le rez-de-chauss\u00e9e f\u00fbt un jour le grand magasin du nord de la ville.<\/p>\n<p>En ce moment (2016), l&#8217;entreprise de gestion immobili\u00e8re Les d\u00e9veloppements Iberville Limit\u00e9e (Les placements Jeton bleu) est le propri\u00e9taire de l&#8217;immeuble. Les locaux sont occup\u00e9s notamment par des restaurateurs au rez-de-chauss\u00e9e et des bureaux aux \u00e9tages; on y trouve le CLSC Saint-Louis-du-Parc depuis 2007.<\/p>\n<hr \/>\n<p>Recherche et r\u00e9daction : Val\u00e9rie Wagner,\u00a0<a href=\"http:\/\/lhpm.uqam.ca\/\">Laboratoire d\u2019histoire et de patrimoine de Montr\u00e9al<\/a>, UQAM<br \/>\nR\u00e9vision : Justin Bur et Christine Richard, 2016 \u2013 Justin Bur, 2024<\/p>\n<p><a href=\"http:\/\/lhpm.uqam.ca\"><img loading=\"lazy\" class=\"aligncenter size-full wp-image-3909\" src=\"http:\/\/memoire.mile-end.qc.ca\/wp-content\/uploads\/logo-uqam-lhpm-petit.png\" alt=\"logo-uqam-lhpm-petit\" width=\"307\" height=\"121\" \/><\/a><\/p>","protected":false},"excerpt":{"rendered":"<p>Le Mont-Royal fut, au d\u00e9but du 20e si\u00e8cle, le grand magasin du nord de la ville. Situ\u00e9 au coin nord-ouest du boulevard St-Laurent et de l&#8217;avenue du Mont-Royal Ouest, il a \u00e9t\u00e9 pendant 25 ans le \u00ab&nbsp;magasin d\u00e9partemental&nbsp;\u00bb du quartier. L&#8217;histoire des propri\u00e9taires de ce b\u00e2timent permet de faire la connaissance\u00a0de personnages influents de l&#8217;histoire [&hellip;]<\/p>\n","protected":false},"author":3,"featured_media":3877,"comment_status":"open","ping_status":"open","sticky":false,"template":"","format":"standard","meta":[],"categories":[41],"tags":[32,20,33,34],"_links":{"self":[{"href":"http:\/\/memoire.mile-end.qc.ca\/fr\/wp-json\/wp\/v2\/posts\/3887"}],"collection":[{"href":"http:\/\/memoire.mile-end.qc.ca\/fr\/wp-json\/wp\/v2\/posts"}],"about":[{"href":"http:\/\/memoire.mile-end.qc.ca\/fr\/wp-json\/wp\/v2\/types\/post"}],"author":[{"embeddable":true,"href":"http:\/\/memoire.mile-end.qc.ca\/fr\/wp-json\/wp\/v2\/users\/3"}],"replies":[{"embeddable":true,"href":"http:\/\/memoire.mile-end.qc.ca\/fr\/wp-json\/wp\/v2\/comments?post=3887"}],"version-history":[{"count":21,"href":"http:\/\/memoire.mile-end.qc.ca\/fr\/wp-json\/wp\/v2\/posts\/3887\/revisions"}],"predecessor-version":[{"id":6602,"href":"http:\/\/memoire.mile-end.qc.ca\/fr\/wp-json\/wp\/v2\/posts\/3887\/revisions\/6602"}],"wp:featuredmedia":[{"embeddable":true,"href":"http:\/\/memoire.mile-end.qc.ca\/fr\/wp-json\/wp\/v2\/media\/3877"}],"wp:attachment":[{"href":"http:\/\/memoire.mile-end.qc.ca\/fr\/wp-json\/wp\/v2\/media?parent=3887"}],"wp:term":[{"taxonomy":"category","embeddable":true,"href":"http:\/\/memoire.mile-end.qc.ca\/fr\/wp-json\/wp\/v2\/categories?post=3887"},{"taxonomy":"post_tag","embeddable":true,"href":"http:\/\/memoire.mile-end.qc.ca\/fr\/wp-json\/wp\/v2\/tags?post=3887"}],"curies":[{"name":"wp","href":"https:\/\/api.w.org\/{rel}","templated":true}]}}