{"id":3988,"date":"2017-01-26T00:13:21","date_gmt":"2017-01-26T05:13:21","guid":{"rendered":"http:\/\/memoire.mile-end.qc.ca\/?p=3988"},"modified":"2017-01-26T00:13:21","modified_gmt":"2017-01-26T05:13:21","slug":"table-ronde-de-mile-ex-a-marconi-alexandra","status":"publish","type":"post","link":"http:\/\/memoire.mile-end.qc.ca\/fr\/table-ronde-de-mile-ex-a-marconi-alexandra\/","title":{"rendered":"Table ronde\u00a0: De Mile-Ex \u00e0 Marconi-Alexandra"},"content":{"rendered":"<p><\/p>\n<div class=\"page\" title=\"Page 1\">\n<div class=\"section\">\n<div class=\"layoutArea\">\n<div class=\"column\">\n<h3>De Mile-Ex \u00e0 Marconi-Alexandra<br \/>\nRetour vers le futur<\/h3>\n<div id=\"attachment_3989\" style=\"width: 610px\" class=\"wp-caption alignnone\"><img aria-describedby=\"caption-attachment-3989\" loading=\"lazy\" class=\"wp-image-3989 size-medium\" src=\"http:\/\/memoire.mile-end.qc.ca\/wp-content\/uploads\/DSC_6592_Fotor-600x402.jpg\" width=\"600\" height=\"402\" srcset=\"http:\/\/memoire.mile-end.qc.ca\/wp-content\/uploads\/DSC_6592_Fotor-600x402.jpg 600w, http:\/\/memoire.mile-end.qc.ca\/wp-content\/uploads\/DSC_6592_Fotor-768x514.jpg 768w, http:\/\/memoire.mile-end.qc.ca\/wp-content\/uploads\/DSC_6592_Fotor-1024x686.jpg 1024w, http:\/\/memoire.mile-end.qc.ca\/wp-content\/uploads\/DSC_6592_Fotor.jpg 1871w\" sizes=\"(max-width: 600px) 100vw, 600px\" \/><p id=\"caption-attachment-3989\" class=\"wp-caption-text\">photo : Mehdi Bouhalassa<\/p><\/div>\n<p>Marconi-Alexandra : un secteur au caract\u00e8re unique, une zone de mixit\u00e9 et de cohabitation des usages, un territoire enclav\u00e9 dans la trame ferroviaire, une histoire m\u00e9connue.<\/p>\n<p>Avec un panel compos\u00e9 de passionn\u00e9s d&#8217;histoire et de r\u00e9sidents impliqu\u00e9s dans le quartier, nous vous proposons une r\u00e9flexion sur les enjeux reli\u00e9s \u00e0 ce secteur (situ\u00e9 au nord du chemin de fer) en mutation.<\/p>\n<h3>Panel<\/h3>\n<p><strong>Fr\u00e9d\u00e9rique Bolt\u00e9<\/strong> et\u00a0<strong>\u00c9lisabeth Leblanc<\/strong>,\u00a0finissantes au baccalaur\u00e9at en architecture de paysage \u00e0 l&#8217;Universit\u00e9 de Montr\u00e9al<br \/>\n<strong>Justin Bur<\/strong>, chercheur en histoire urbaine;\u00a0administrateur, M\u00e9moire du Mile End<br \/>\n<strong>Michel Di Bernardo<\/strong>, pr\u00e9sident de la Soci\u00e9t\u00e9 d&#8217;histoire Rosemont\u2013Petite-Patrie<br \/>\n<strong>Julie Patenaude<\/strong>, membre fondateur de Coalition Jeanne-Mance<br \/>\n<strong>Simon Van Vliet<\/strong>, membre des AmiEs du Parc des Gorilles<\/p>\n<\/div>\n<div class=\"page\" title=\"Page 1\">\n<div class=\"section\">\n<div class=\"layoutArea\">\n<div class=\"column\">\n<p>&nbsp;<\/p>\n<p><strong>Dimanche 5 f\u00e9vrier 2017<\/strong>, de <strong>14 h<\/strong> \u00e0 16 h<\/p>\n<p><strong>Biblioth\u00e8que Mordecai-Richler \u2013 Quartier du Mile End<\/strong><br \/>\n5434 avenue du Parc, Montr\u00e9al\u00a0(au sud de Saint-Viateur \u2013 autobus 80)<br \/>\ndans la salle de r\u00e9union \u00e0 l\u2019\u00e9tage<\/p>\n<p><strong>Gratuit<\/strong><\/p>\n<p>Langues :\u00a0Pr\u00e9sentation en fran\u00e7ais,\u00a0discussion en fran\u00e7ais et en anglais<\/p>\n<\/div>\n<\/div>\n<\/div>\n<\/div>\n<\/div>\n<\/div>\n<\/div>\n<p><\/p>","protected":false},"excerpt":{"rendered":"<p>De Mile-Ex \u00e0 Marconi-Alexandra Retour vers le futur Marconi-Alexandra : un secteur au caract\u00e8re unique, une zone de mixit\u00e9 et de cohabitation des usages, un territoire enclav\u00e9 dans la trame ferroviaire, une histoire m\u00e9connue. Avec un panel compos\u00e9 de passionn\u00e9s d&#8217;histoire et de r\u00e9sidents impliqu\u00e9s dans le quartier, nous vous proposons une r\u00e9flexion sur les [&hellip;]<\/p>\n","protected":false},"author":2,"featured_media":0,"comment_status":"open","ping_status":"open","sticky":false,"template":"","format":"standard","meta":[],"categories":[1,3],"tags":[],"_links":{"self":[{"href":"http:\/\/memoire.mile-end.qc.ca\/fr\/wp-json\/wp\/v2\/posts\/3988"}],"collection":[{"href":"http:\/\/memoire.mile-end.qc.ca\/fr\/wp-json\/wp\/v2\/posts"}],"about":[{"href":"http:\/\/memoire.mile-end.qc.ca\/fr\/wp-json\/wp\/v2\/types\/post"}],"author":[{"embeddable":true,"href":"http:\/\/memoire.mile-end.qc.ca\/fr\/wp-json\/wp\/v2\/users\/2"}],"replies":[{"embeddable":true,"href":"http:\/\/memoire.mile-end.qc.ca\/fr\/wp-json\/wp\/v2\/comments?post=3988"}],"version-history":[{"count":1,"href":"http:\/\/memoire.mile-end.qc.ca\/fr\/wp-json\/wp\/v2\/posts\/3988\/revisions"}],"predecessor-version":[{"id":3990,"href":"http:\/\/memoire.mile-end.qc.ca\/fr\/wp-json\/wp\/v2\/posts\/3988\/revisions\/3990"}],"wp:attachment":[{"href":"http:\/\/memoire.mile-end.qc.ca\/fr\/wp-json\/wp\/v2\/media?parent=3988"}],"wp:term":[{"taxonomy":"category","embeddable":true,"href":"http:\/\/memoire.mile-end.qc.ca\/fr\/wp-json\/wp\/v2\/categories?post=3988"},{"taxonomy":"post_tag","embeddable":true,"href":"http:\/\/memoire.mile-end.qc.ca\/fr\/wp-json\/wp\/v2\/tags?post=3988"}],"curies":[{"name":"wp","href":"https:\/\/api.w.org\/{rel}","templated":true}]}}