{"id":40,"date":"2009-03-06T08:45:18","date_gmt":"2009-03-06T12:45:18","guid":{"rendered":"http:\/\/www.mile-end.qc.ca\/?p=40"},"modified":"2013-12-27T22:13:26","modified_gmt":"2013-12-28T03:13:26","slug":"le-mile-end-en-chantier-imaginons-notre-quartier","status":"publish","type":"post","link":"http:\/\/memoire.mile-end.qc.ca\/fr\/le-mile-end-en-chantier-imaginons-notre-quartier\/","title":{"rendered":"LE MILE END EN CHANTIER : IMAGINONS NOTRE QUARTIER !"},"content":{"rendered":"<p><\/p>\n<p class=\"MsoNormal\"><span><strong><span lang=\"FR-CA\">Vous \u00eates invit\u00e9 \u00e0 participer aux deux derniers CAF\u00c9S CITOYENS sur le d\u00e9veloppement du secteur Saint-Viateur Est dans le Mile End<\/span><\/strong><\/span><span><span lang=\"FR-CA\">. Ce secteur est bord\u00e9, pour les fins de nos discussions, par la voie ferr\u00e9e du CP pr\u00e8s de l\u2019avenue Van Horne au nord, le boulevard Saint-Laurent (incluant les propri\u00e9t\u00e9s sur des deux c\u00f4t\u00e9s) \u00e0 l\u2019ouest, l\u2019avenue Laurier au sud et la rue Saint-Denis \u00e0 l\u2019est ; les limites d\u00e9finies par l\u2019arrondissement du Plateau Mont-Royal sont l\u00e9g\u00e8rement diff\u00e9rentes.<strong> Le d\u00e9veloppement futur de ce secteur aura un impact sur l\u2019ensemble du quartier Mile End ainsi que sur la\u00a0<em>Main<\/em>.<\/strong><\/span><\/span><\/p>\n<p class=\"MsoNormal\">Les CAF\u00c9S CITOYENS sur les th\u00e9matiques suivants, qui ont attir\u00e9 entre 50 et 75 personnes chacun, ont soulev\u00e9 plusieurs points pertinents et id\u00e9es innovatrices\u00a0:<\/p>\n<p class=\"MsoNormal\"><span><strong><span lang=\"FR-CA\">Transport (19 janvier 2009)<\/span><\/strong><\/span><\/p>\n<p class=\"MsoNormal\"><span><strong><span lang=\"FR-CA\">Habitation (26 janvier 2009)<\/span><\/strong><\/span><\/p>\n<p class=\"MsoNormal\"><span><strong><span lang=\"FR-CA\">Culture (9 f\u00e9vrier 2009)<\/span><\/strong><\/span><\/p>\n<p class=\"MsoNormal\"><span><strong><span lang=\"FR-CA\">\u00c9conomie \/ Services (23 f\u00e9vrier 2009)<\/span><\/strong><\/span><\/p>\n<p class=\"MsoNormal\"><strong>Les CAF\u00c9S CITOYENS sur les th\u00e9matiques plus globales suivantes pr\u00e9sentent l\u2019occasion de revenir sur les id\u00e9es et les points discut\u00e9s lors des caf\u00e9s citoyens pr\u00e9c\u00e9dents, selon une perspective patrimoniale et environnementale\u00a0:<\/strong><\/p>\n<p class=\"MsoNormal\"><strong>PATRIMOINE<\/strong><\/p>\n<p class=\"MsoNormal\"><span><strong><span lang=\"FR-CA\">Lundi 9 mars 2009, de 19 h \u00e0 21 h, au caf\u00e9 Cagibi, 5490 Saint-Laurent (angle de Saint-Viateur)<\/span><\/strong><\/span><\/p>\n<p class=\"MsoNormal\"><strong>ENVIRONNEMENT \/ QUARTIER VERT<\/strong><\/p>\n<p class=\"MsoNormal\"><span><strong><span lang=\"FR-CA\">Lundi 23 mars 2009, de 19 h \u00e0 21 h, au Green Room, 5386 Saint-Laurent (au sud de Saint-Viateur)<\/span><\/strong><\/span><\/p>\n<p class=\"MsoNormal\"><span><strong><span lang=\"FR-CA\"> <\/span><\/strong><\/span><\/p>\n<p class=\"MsoNormal\"><span><strong><span lang=\"FR-CA\">Impliquez-vous ! Voici l\u2019occasion de partager vos id\u00e9es, d\u2019\u00e9couter les id\u00e9es des autres et de s\u2019\u00e9changer sur le d\u00e9veloppement de ce secteur.<\/span><\/strong><\/span><span><span lang=\"FR-CA\"> Ces CAF\u00c9S CITOYENS sont gratuits et aucune inscription \u00e0 l\u2019avance n\u2019est requise.<\/span><\/span><\/p>\n<p class=\"MsoNormal\"><span><strong><span lang=\"FR-CA\">Vous \u00eates \u00e9galement invit\u00e9 \u00e0 participer \u00e0 la pr\u00e9sentation du bilan de ces rencontres et \u00e0 la pr\u00e9paration d\u2019une s\u00e9rie de recommandations lors du FORUM CITOYEN le dimanche 26 avril 2009, de 9 h 30 \u00e0 15 h 30, \u00e0 l\u2019\u00e9cole Saint-Louis, au 38, avenue Fairmount Est <\/span><\/strong><\/span><span><span lang=\"FR-CA\">(angle de Saint-Dominique). Le co\u00fbt est 5 $ \/ personne, ou 20 $ \/ organisme, entreprise ou institution, d\u00eener inclus.<strong>L\u2019inscription au FORUM CITOYEN est obligatoire<\/strong>, soit en personne lors des caf\u00e9s citoyens ou au YMCA du Parc (5550, avenue du Parc), ou par courriel au <\/span><\/span><a href=\"mailto:comitecitoyenmileend@gmail.com\"><span><span lang=\"FR-CA\">comitecitoyenmileend@gmail.com<\/span><\/span><\/a><span><span lang=\"FR-CA\">. Un\u00a0<strong>service de garde<\/strong> est offert pour les enfants de 2 \u00e0 12 ans ; veuillez, SVP, pr\u00e9ciser vos besoins lors de l\u2019inscription.<\/span><\/span><\/p>\n<p class=\"MsoNormal\"><span><span lang=\"FR-CA\"><span>Ces activit\u00e9s sont organis\u00e9es par le\u00a0<strong><em>Comit\u00e9 des citoyens du Mile End<\/em><\/strong>,<strong><em> <\/em><\/strong>en collaboration avec plusieurs autres groupes communautaires et partenaires, entre autres le\u00a0<strong><em>Centre d\u2019\u00e9cologie urbaine de Montr\u00e9al<\/em><\/strong>,\u00a0<strong><em>M\u00e9moire du Mile End<\/em><\/strong> et\u00a0<strong><em>Les Amis du boulevard Saint-Laurent<\/em><\/strong>.<\/span><\/span><\/span><\/p>\n<p class=\"MsoNormal\"><span><span lang=\"FR-CA\"><span><span lang=\"FR-CA\">Renseignements, voir <\/span><\/span><a href=\"http:\/\/www.rvdd.qc.ca\/\"><span><span lang=\"FR-CA\">www.rvdd.qc.ca<\/span><\/span><\/a><span><span lang=\"FR-CA\">, section\u00a0<em>Actualit\u00e9s<\/em>.<\/span><\/span><\/span><\/span><\/p>\n<p class=\"MsoNormal\"><span><span lang=\"FR-CA\"><strong>R\u00e9servez ces dates, partager ce message avec vos voisins et amis, et au plaisir de vous y voir !<\/strong><\/span><\/span><\/p>\n<p><\/p>","protected":false},"excerpt":{"rendered":"<p>Vous \u00eates invit\u00e9 \u00e0 participer aux deux derniers CAF\u00c9S CITOYENS sur le d\u00e9veloppement du secteur Saint-Viateur Est dans le Mile End. Ce secteur est bord\u00e9, pour les fins de nos discussions, par la voie ferr\u00e9e du CP pr\u00e8s de l\u2019avenue Van Horne au nord, le boulevard Saint-Laurent (incluant les propri\u00e9t\u00e9s sur des deux c\u00f4t\u00e9s) \u00e0 [&hellip;]<\/p>\n","protected":false},"author":4,"featured_media":0,"comment_status":"closed","ping_status":"closed","sticky":false,"template":"","format":"standard","meta":[],"categories":[2,1],"tags":[],"_links":{"self":[{"href":"http:\/\/memoire.mile-end.qc.ca\/fr\/wp-json\/wp\/v2\/posts\/40"}],"collection":[{"href":"http:\/\/memoire.mile-end.qc.ca\/fr\/wp-json\/wp\/v2\/posts"}],"about":[{"href":"http:\/\/memoire.mile-end.qc.ca\/fr\/wp-json\/wp\/v2\/types\/post"}],"author":[{"embeddable":true,"href":"http:\/\/memoire.mile-end.qc.ca\/fr\/wp-json\/wp\/v2\/users\/4"}],"replies":[{"embeddable":true,"href":"http:\/\/memoire.mile-end.qc.ca\/fr\/wp-json\/wp\/v2\/comments?post=40"}],"version-history":[{"count":3,"href":"http:\/\/memoire.mile-end.qc.ca\/fr\/wp-json\/wp\/v2\/posts\/40\/revisions"}],"predecessor-version":[{"id":2348,"href":"http:\/\/memoire.mile-end.qc.ca\/fr\/wp-json\/wp\/v2\/posts\/40\/revisions\/2348"}],"wp:attachment":[{"href":"http:\/\/memoire.mile-end.qc.ca\/fr\/wp-json\/wp\/v2\/media?parent=40"}],"wp:term":[{"taxonomy":"category","embeddable":true,"href":"http:\/\/memoire.mile-end.qc.ca\/fr\/wp-json\/wp\/v2\/categories?post=40"},{"taxonomy":"post_tag","embeddable":true,"href":"http:\/\/memoire.mile-end.qc.ca\/fr\/wp-json\/wp\/v2\/tags?post=40"}],"curies":[{"name":"wp","href":"https:\/\/api.w.org\/{rel}","templated":true}]}}