{"id":4046,"date":"2017-04-21T21:25:56","date_gmt":"2017-04-22T01:25:56","guid":{"rendered":"http:\/\/memoire.mile-end.qc.ca\/?p=4046"},"modified":"2017-04-22T02:45:31","modified_gmt":"2017-04-22T06:45:31","slug":"promenade-de-jane-les-multiples-visages-de-lavenue-du-parc","status":"publish","type":"post","link":"http:\/\/memoire.mile-end.qc.ca\/fr\/promenade-de-jane-les-multiples-visages-de-lavenue-du-parc\/","title":{"rendered":"Promenade de Jane\u00a0: Les multiples visages de l&#8217;avenue du Parc"},"content":{"rendered":"<p><div id=\"attachment_4047\" style=\"width: 610px\" class=\"wp-caption alignnone\"><img aria-describedby=\"caption-attachment-4047\" loading=\"lazy\" class=\"wp-image-4047 size-medium\" src=\"http:\/\/memoire.mile-end.qc.ca\/wp-content\/uploads\/Park-Avenue-above-Fairmount-Annex-Montreal-600x381.jpg\" alt=\"\" width=\"600\" height=\"381\" srcset=\"http:\/\/memoire.mile-end.qc.ca\/wp-content\/uploads\/Park-Avenue-above-Fairmount-Annex-Montreal-600x381.jpg 600w, http:\/\/memoire.mile-end.qc.ca\/wp-content\/uploads\/Park-Avenue-above-Fairmount-Annex-Montreal.jpg 700w\" sizes=\"(max-width: 600px) 100vw, 600px\" \/><p id=\"caption-attachment-4047\" class=\"wp-caption-text\">Carte postale Valentine &amp; Sons, vers 1910. Collection Christian Paquin, mus\u00e9e Pointe-\u00e0-Calli\u00e8re<\/p><\/div><\/p>\n<p>L&#8217;avenue du Parc a subi de nombreuses transformations au fil du temps: une adresse r\u00e9sidentielle de prestige r\u00e9serv\u00e9e aux grandes r\u00e9sidences bourgeoises, la rue principale des communaut\u00e9s juives et grecque montr\u00e9alaise, une art\u00e8re de transit \u00e0 forte densit\u00e9 de circulation&#8230; Elle a \u00e9t\u00e9 condamn\u00e9e \u00e0 plusieurs reprises &#8211; certains ont m\u00eame pr\u00e9dit qu&#8217;elle deviendrait un d\u00e9sert urbain &#8211; mais elle montre une \u00e9tonnante r\u00e9silience, pr\u00e9cis\u00e9ment en raison de sa diversit\u00e9. Venez explorer l&#8217;histoire passionnante de cette avenue et d\u00e9couvrir les nombreuses traces laiss\u00e9es par ceux et celles qui l&#8217;ont construite et y ont v\u00e9cu.<\/p>\n<p><strong>Dimanche 7 mai 2017, \u00e0 14 h<\/strong> (dur\u00e9e 2 heures)<br \/>\n<strong>Inscription obligatoire<\/strong> \u2013 <a href=\"https:\/\/www.150conversationsenmarche.com\/promenades\/les-multiples-visages-de-lavenue-du-parc\/#inscription\">cliquez ici<\/a><\/p>\n<p>Point de rencontre: Intersection sud-est des avenues du Parc et du Mont-Royal (parc Jeanne-Mance, devant le monument\/fontaine Rubenstein)<\/p>","protected":false},"excerpt":{"rendered":"<p>L&#8217;avenue du Parc a subi de nombreuses transformations au fil du temps: une adresse r\u00e9sidentielle de prestige r\u00e9serv\u00e9e aux grandes r\u00e9sidences bourgeoises, la rue principale des communaut\u00e9s juives et grecque montr\u00e9alaise, une art\u00e8re de transit \u00e0 forte densit\u00e9 de circulation&#8230; Elle a \u00e9t\u00e9 condamn\u00e9e \u00e0 plusieurs reprises &#8211; certains ont m\u00eame pr\u00e9dit qu&#8217;elle deviendrait un [&hellip;]<\/p>\n","protected":false},"author":2,"featured_media":0,"comment_status":"open","ping_status":"open","sticky":false,"template":"","format":"standard","meta":[],"categories":[1,5],"tags":[],"_links":{"self":[{"href":"http:\/\/memoire.mile-end.qc.ca\/fr\/wp-json\/wp\/v2\/posts\/4046"}],"collection":[{"href":"http:\/\/memoire.mile-end.qc.ca\/fr\/wp-json\/wp\/v2\/posts"}],"about":[{"href":"http:\/\/memoire.mile-end.qc.ca\/fr\/wp-json\/wp\/v2\/types\/post"}],"author":[{"embeddable":true,"href":"http:\/\/memoire.mile-end.qc.ca\/fr\/wp-json\/wp\/v2\/users\/2"}],"replies":[{"embeddable":true,"href":"http:\/\/memoire.mile-end.qc.ca\/fr\/wp-json\/wp\/v2\/comments?post=4046"}],"version-history":[{"count":2,"href":"http:\/\/memoire.mile-end.qc.ca\/fr\/wp-json\/wp\/v2\/posts\/4046\/revisions"}],"predecessor-version":[{"id":4071,"href":"http:\/\/memoire.mile-end.qc.ca\/fr\/wp-json\/wp\/v2\/posts\/4046\/revisions\/4071"}],"wp:attachment":[{"href":"http:\/\/memoire.mile-end.qc.ca\/fr\/wp-json\/wp\/v2\/media?parent=4046"}],"wp:term":[{"taxonomy":"category","embeddable":true,"href":"http:\/\/memoire.mile-end.qc.ca\/fr\/wp-json\/wp\/v2\/categories?post=4046"},{"taxonomy":"post_tag","embeddable":true,"href":"http:\/\/memoire.mile-end.qc.ca\/fr\/wp-json\/wp\/v2\/tags?post=4046"}],"curies":[{"name":"wp","href":"https:\/\/api.w.org\/{rel}","templated":true}]}}