{"id":4240,"date":"2017-11-06T15:01:40","date_gmt":"2017-11-06T20:01:40","guid":{"rendered":"http:\/\/memoire.mile-end.qc.ca\/?p=4240"},"modified":"2017-11-28T17:15:26","modified_gmt":"2017-11-28T22:15:26","slug":"h-lalonde-frere","status":"publish","type":"post","link":"http:\/\/memoire.mile-end.qc.ca\/fr\/h-lalonde-frere\/","title":{"rendered":"H. Lalonde &#038; Fr\u00e8re"},"content":{"rendered":"<p><div id=\"attachment_4242\" style=\"width: 537px\" class=\"wp-caption alignnone\"><img aria-describedby=\"caption-attachment-4242\" loading=\"lazy\" class=\"wp-image-4242 size-medium\" src=\"http:\/\/memoire.mile-end.qc.ca\/wp-content\/uploads\/Lalonde-et-Frere-publicit\u00e9_La-Revue-Moderne-d\u00e9cembre-1930-vol-12-no2-p-45_BAnQ_PER-R-438-527x600.jpg\" alt=\"\" width=\"527\" height=\"600\" srcset=\"http:\/\/memoire.mile-end.qc.ca\/wp-content\/uploads\/Lalonde-et-Frere-publicit\u00e9_La-Revue-Moderne-d\u00e9cembre-1930-vol-12-no2-p-45_BAnQ_PER-R-438-527x600.jpg 527w, http:\/\/memoire.mile-end.qc.ca\/wp-content\/uploads\/Lalonde-et-Frere-publicit\u00e9_La-Revue-Moderne-d\u00e9cembre-1930-vol-12-no2-p-45_BAnQ_PER-R-438.jpg 565w\" sizes=\"(max-width: 527px) 100vw, 527px\" \/><p id=\"caption-attachment-4242\" class=\"wp-caption-text\">Publicit\u00e9 pour Lalonde et Frere. <em>La Revue Moderne<\/em>, d\u00e9cembre 1930 (vol 12 no 2), p 45. [BAnQ, PER R-438]<\/p><\/div><em>Alors que l\u2019avenue du Parc a vu ses enseignes changer au fil de ses transformations, certains commerces sont remarquables en raison de leur p\u00e9rennit\u00e9 et des caract\u00e9ristiques architecturales du b\u00e2timent qu\u2019ils occupent. C\u2019est le cas de la boutique Tapis H. Lalonde et Fr\u00e8re, un des plus anciens commerces du quartier. Les Tapis H. Lalonde et Fr\u00e8re occupent cet \u00e9difice depuis sa construction en 1929.<\/em><\/p>\n<hr \/>\n<p>Install\u00e9s depuis le d\u00e9but des ann\u00e9es 1920 rue Sainte-Catherine, les Tapis Lalonde ouvrent une seconde boutique, sous le nom de Tapis H. Lalonde et Fr\u00e8re, au 4569 avenue du Parc en 1926 dans un \u00e9difice aujourd\u2019hui disparu. En 1929, ils font construire au 4800 un nouvel \u00e9difice o\u00f9 ils emm\u00e9nagent en 1930. La boutique des Tapis H. Lalonde et Fr\u00e8re occupe encore aujourd\u2019hui cette adresse. La fa\u00e7ade du b\u00e2timent, qui n\u2019a subi aucune modification depuis sa construction, est remarquable pour ses vitrines. Une publicit\u00e9, publi\u00e9e peu de temps avant l\u2019ouverture du magasin, vante avec emphase les m\u00e9rites des nouveaux locaux\u00a0:<\/p>\n<p>\u00ab\u00a0Ce magasin a \u00e9t\u00e9 sp\u00e9cialement con\u00e7u pour l\u2019exhibition et la vente de tapis Orientaux, Chinois, Wilton, Axminster et de Linol\u00e9um. Trois \u00e9tages entiers ont \u00e9t\u00e9 mis \u00e0 la disposition des clients, on est donc certain d\u2019y trouver un assortiment tr\u00e8s vari\u00e9 de tapis de toutes sortes \u00e0 la port\u00e9e de toutes les bourses. \u00c0 remarquer les proportions de hauteur qui placent ces vitrines parmi les plus hautes en Am\u00e9rique.\u00a0\u00bb<\/p>\n<p>On doit cet \u00e9difice aux architectes Lapierre et Dumfries. Ces derniers ont sign\u00e9 les plans d\u2019un autre \u00e9difice remarquable de l\u2019avenue du Parc, celui de l\u2019ancienne succursale de la Banque d\u2019\u00e9pargne de la cit\u00e9 et du district de Montr\u00e9al, situ\u00e9e entre les rues Saint-Viateur et Bernard.<\/p>\n<p>L\u2019avenue du Parc entre les avenues du Mont-Royal et Fairmount a compt\u00e9 plusieurs boutiques de tapis. Il en reste aujourd\u2019hui deux, les Tapis H. Lalonde et Fr\u00e8re et les Tapis orientaux Hicks. Ces derniers sont \u00e9galement une vieille enseigne\u00a0: on les trouvait d\u00e9j\u00e0 sur la rue Sainte-Catherine au milieu des ann\u00e9es 1910.<\/p>\n<p><!--Voir \u00e9galement\u00a0Banque d\u2019\u00e9pargne de la cit\u00e9 et du district de Montr\u00e9al--><\/p>\n<p><div id=\"attachment_4241\" style=\"width: 610px\" class=\"wp-caption alignnone\"><img aria-describedby=\"caption-attachment-4241\" loading=\"lazy\" class=\"wp-image-4241 size-medium\" src=\"http:\/\/memoire.mile-end.qc.ca\/wp-content\/uploads\/00587071-600x480.jpg\" alt=\"\" width=\"600\" height=\"480\" srcset=\"http:\/\/memoire.mile-end.qc.ca\/wp-content\/uploads\/00587071-600x480.jpg 600w, http:\/\/memoire.mile-end.qc.ca\/wp-content\/uploads\/00587071.jpg 768w\" sizes=\"(max-width: 600px) 100vw, 600px\" \/><p id=\"caption-attachment-4241\" class=\"wp-caption-text\">Vitrine de tapis, H. Lalonde &amp; Fr\u00e8re Lt\u00e9e, avenue du Parc, ann\u00e9es 1930 [Mus\u00e9e McCord,\u00a0<a href=\"http:\/\/collections.musee-mccord.qc.ca\/fr\/collection\/artefacts\/MP-0000.587.71\">MP-0000.587.71<\/a>]<\/p><\/div>[Recherche et r\u00e9daction : Christine Richard]<\/p>","protected":false},"excerpt":{"rendered":"<p>Alors que l\u2019avenue du Parc a vu ses enseignes changer au fil de ses transformations, certains commerces sont remarquables en raison de leur p\u00e9rennit\u00e9 et des caract\u00e9ristiques architecturales du b\u00e2timent qu\u2019ils occupent. C\u2019est le cas de la boutique Tapis H. Lalonde et Fr\u00e8re, un des plus anciens commerces du quartier. Les Tapis H. Lalonde et [&hellip;]<\/p>\n","protected":false},"author":3,"featured_media":0,"comment_status":"open","ping_status":"open","sticky":false,"template":"","format":"standard","meta":[],"categories":[41],"tags":[20,33,34],"_links":{"self":[{"href":"http:\/\/memoire.mile-end.qc.ca\/fr\/wp-json\/wp\/v2\/posts\/4240"}],"collection":[{"href":"http:\/\/memoire.mile-end.qc.ca\/fr\/wp-json\/wp\/v2\/posts"}],"about":[{"href":"http:\/\/memoire.mile-end.qc.ca\/fr\/wp-json\/wp\/v2\/types\/post"}],"author":[{"embeddable":true,"href":"http:\/\/memoire.mile-end.qc.ca\/fr\/wp-json\/wp\/v2\/users\/3"}],"replies":[{"embeddable":true,"href":"http:\/\/memoire.mile-end.qc.ca\/fr\/wp-json\/wp\/v2\/comments?post=4240"}],"version-history":[{"count":1,"href":"http:\/\/memoire.mile-end.qc.ca\/fr\/wp-json\/wp\/v2\/posts\/4240\/revisions"}],"predecessor-version":[{"id":4243,"href":"http:\/\/memoire.mile-end.qc.ca\/fr\/wp-json\/wp\/v2\/posts\/4240\/revisions\/4243"}],"wp:attachment":[{"href":"http:\/\/memoire.mile-end.qc.ca\/fr\/wp-json\/wp\/v2\/media?parent=4240"}],"wp:term":[{"taxonomy":"category","embeddable":true,"href":"http:\/\/memoire.mile-end.qc.ca\/fr\/wp-json\/wp\/v2\/categories?post=4240"},{"taxonomy":"post_tag","embeddable":true,"href":"http:\/\/memoire.mile-end.qc.ca\/fr\/wp-json\/wp\/v2\/tags?post=4240"}],"curies":[{"name":"wp","href":"https:\/\/api.w.org\/{rel}","templated":true}]}}