{"id":4260,"date":"2017-11-27T11:24:40","date_gmt":"2017-11-27T16:24:40","guid":{"rendered":"http:\/\/memoire.mile-end.qc.ca\/?p=4260"},"modified":"2017-12-26T23:49:51","modified_gmt":"2017-12-27T04:49:51","slug":"hotel-capitol","status":"publish","type":"post","link":"http:\/\/memoire.mile-end.qc.ca\/fr\/hotel-capitol\/","title":{"rendered":"H\u00f4tel Capitol"},"content":{"rendered":"<p><div id=\"attachment_4261\" style=\"width: 610px\" class=\"wp-caption alignnone\"><img aria-describedby=\"caption-attachment-4261\" loading=\"lazy\" class=\"size-medium wp-image-4261\" src=\"http:\/\/memoire.mile-end.qc.ca\/wp-content\/uploads\/02585003-600x472.jpg\" alt=\"\" width=\"600\" height=\"472\" srcset=\"http:\/\/memoire.mile-end.qc.ca\/wp-content\/uploads\/02585003-600x472.jpg 600w, http:\/\/memoire.mile-end.qc.ca\/wp-content\/uploads\/02585003.jpg 768w\" sizes=\"(max-width: 600px) 100vw, 600px\" \/><p id=\"caption-attachment-4261\" class=\"wp-caption-text\">Construction de l&#8217;\u00e9difice Bovril, 1920. L&#8217;h\u00f4tel Capitol est en arri\u00e8re-plan, \u00e0 droite. <a href=\"http:\/\/collections.musee-mccord.qc.ca\/fr\/collection\/artefacts\/MP-0000.2085.3\">Mus\u00e9e McCord, MP-0000.2085.3<\/a><\/p><\/div><\/p>\n<p><em>Le Mile End a compt\u00e9 deux h\u00f4tels aux abords de la voie de chemin de fer du Canadien Pacifique\u00a0: <a href=\"http:\/\/memoire.mile-end.qc.ca\/la-petite-histoire-dun-hotel-du-c-p-situe-sur-le-boulevard-saint-laurent-au-coin-de-la-rue-bernard\/\">l\u2019h\u00f4tel de la gare<\/a> au coin du boulevard Saint-Laurent et de la rue Bernard et l\u2019h\u00f4tel Capitol au coin des avenues du Parc et Van Horne. Ces deux h\u00f4tels ont connu un destin semblable\u00a0: ils ont \u00e9t\u00e9 emport\u00e9s par un incendie dans les ann\u00e9es 1980. Aujourd\u2019hui, les terrains qu\u2019ils occupaient sont toujours vacants. <\/em><\/p>\n<p>&nbsp;<\/p>\n<p>Le dimanche 5 f\u00e9vrier 1984, au coin nord-ouest de l\u2019avenue du Parc et de l\u2019avenue Van Horne, un violent incendie, probablement criminel, emporte l\u2019H\u00f4tel Capitol, un des premiers \u00e9difices construits sur l\u2019avenue du Parc entre la rue Bernard et l\u2019avenue Van Horne. Il fait un mort. L\u2019H\u00f4tel Capitol \u00e9tait alors une maison de chambres, comme celles que l\u2019on trouvait en nombre sur l\u2019avenue du Parc \u00e0 une \u00e9poque o\u00f9 le Mile End \u00e9tait un des quartiers les plus pauvres de Montr\u00e9al. Le rez-de-chauss\u00e9e de l\u2019\u00e9difice de trois \u00e9tages \u00e9tait occup\u00e9 par une taverne. Les chambreurs \u00e9taient pour la plupart des retrait\u00e9s avec peu de moyens ou des personnes percevant l\u2019assurance sociale.<\/p>\n<p>Aujourd\u2019hui, le terrain sur lequel se trouvait l\u2019h\u00f4tel est vacant et les immeubles adjacents ont eux aussi disparu. Le Capitol, avant de devenir une maison de chambres, a \u00e9t\u00e9 un v\u00e9ritable h\u00f4tel, qui a port\u00e9 plusieurs noms. Il est ouvert vers 1900 par un Irlandais, J. H. O\u2019Hara, sous le nom de Tremont Hotel. Quatre ans plus tard, l\u2019h\u00f4tel devient le Park Hotel, et, au d\u00e9but des ann\u00e9es 1920, on lui donne le nom qu\u2019il conservera jusqu\u2019\u00e0 sa disparition\u00a0: le Capitol Hotel.<\/p>\n<p>&nbsp;<\/p>\n<p>R\u00e9daction\u00a0: Christine Richard<\/p>\n<p>Recherche\u00a0: Justin Bur et Christine Richard<\/p>","protected":false},"excerpt":{"rendered":"<p>Le Mile End a compt\u00e9 deux h\u00f4tels aux abords de la voie de chemin de fer du Canadien Pacifique\u00a0: l\u2019h\u00f4tel de la gare au coin du boulevard Saint-Laurent et de la rue Bernard et l\u2019h\u00f4tel Capitol au coin des avenues du Parc et Van Horne. Ces deux h\u00f4tels ont connu un destin semblable\u00a0: ils ont [&hellip;]<\/p>\n","protected":false},"author":3,"featured_media":0,"comment_status":"closed","ping_status":"open","sticky":false,"template":"","format":"standard","meta":[],"categories":[41],"tags":[32,20,33],"_links":{"self":[{"href":"http:\/\/memoire.mile-end.qc.ca\/fr\/wp-json\/wp\/v2\/posts\/4260"}],"collection":[{"href":"http:\/\/memoire.mile-end.qc.ca\/fr\/wp-json\/wp\/v2\/posts"}],"about":[{"href":"http:\/\/memoire.mile-end.qc.ca\/fr\/wp-json\/wp\/v2\/types\/post"}],"author":[{"embeddable":true,"href":"http:\/\/memoire.mile-end.qc.ca\/fr\/wp-json\/wp\/v2\/users\/3"}],"replies":[{"embeddable":true,"href":"http:\/\/memoire.mile-end.qc.ca\/fr\/wp-json\/wp\/v2\/comments?post=4260"}],"version-history":[{"count":4,"href":"http:\/\/memoire.mile-end.qc.ca\/fr\/wp-json\/wp\/v2\/posts\/4260\/revisions"}],"predecessor-version":[{"id":4298,"href":"http:\/\/memoire.mile-end.qc.ca\/fr\/wp-json\/wp\/v2\/posts\/4260\/revisions\/4298"}],"wp:attachment":[{"href":"http:\/\/memoire.mile-end.qc.ca\/fr\/wp-json\/wp\/v2\/media?parent=4260"}],"wp:term":[{"taxonomy":"category","embeddable":true,"href":"http:\/\/memoire.mile-end.qc.ca\/fr\/wp-json\/wp\/v2\/categories?post=4260"},{"taxonomy":"post_tag","embeddable":true,"href":"http:\/\/memoire.mile-end.qc.ca\/fr\/wp-json\/wp\/v2\/tags?post=4260"}],"curies":[{"name":"wp","href":"https:\/\/api.w.org\/{rel}","templated":true}]}}