{"id":4278,"date":"2017-11-27T13:31:50","date_gmt":"2017-11-27T18:31:50","guid":{"rendered":"http:\/\/memoire.mile-end.qc.ca\/?p=4278"},"modified":"2022-11-04T23:22:02","modified_gmt":"2022-11-05T03:22:02","slug":"verdi-cinema","status":"publish","type":"post","link":"http:\/\/memoire.mile-end.qc.ca\/fr\/verdi-cinema\/","title":{"rendered":"Verdi (cin\u00e9ma)"},"content":{"rendered":"<p><div id=\"attachment_4280\" style=\"width: 460px\" class=\"wp-caption alignnone\"><img aria-describedby=\"caption-attachment-4280\" loading=\"lazy\" class=\"size-full wp-image-4280\" src=\"http:\/\/memoire.mile-end.qc.ca\/wp-content\/uploads\/2008_0604_ph_01.jpg\" alt=\"\" width=\"450\" height=\"333\" \/><p id=\"caption-attachment-4280\" class=\"wp-caption-text\">Cin\u00e9ma Verdi, 1970. Daniel Kieffer \/ <a href=\"http:\/\/collections.cinematheque.qc.ca\/recherche\/photos-et-affiches\/fiche\/83471-cinema-verdi\">Cin\u00e9math\u00e8que Qu\u00e9b\u00e9coise<\/a><\/p><\/div><\/p>\n<p><em>Pendant 101 ans, un th\u00e9\u00e2tre des plus modestes a occup\u00e9 un \u00e9difice ordinaire au 5380 boulevard Saint-Laurent, un peu au sud de la rue Saint-Viateur. Ouvert en 1912 sous le nom de Canada Theatre, il sera d\u00e9moli fin 2013 dans la plus grande indiff\u00e9rence \u2013 indiff\u00e9rence m\u00e9rit\u00e9e, du reste, car \u00e0 quoi bon s\u2019activer pour une salle d\u00e9cr\u00e9pite dans un b\u00e2timent ayant perdu toute trace de son architecture d\u2019origine\u00a0? Ce lieu t\u00e9moigne pourtant de tout un patrimoine immat\u00e9riel.<\/em><\/p>\n<p>L\u2019emplacement faisait partie des terres de la famille Bagg, plus particuli\u00e8rement celles impliqu\u00e9es dans le scandale autour d\u2019<a href=\"http:\/\/writinguptheancestors.blogspot.com\/2016\/01\/the-mysterious-disappearance-of-albert.html\">Albert E. Lewis<\/a>. Par la suite, une s\u00e9rie de sp\u00e9culateurs fonciers (dont James Baxter, promoteur du Baxter Block sur Saint-Laurent au nord de Prince-Arthur) s\u2019\u00e9changent le terrain comme dans un jeu de Monopoly. En 1911, la construction du th\u00e9\u00e2tre commence; la propri\u00e9t\u00e9 est revendue une fois pendant la construction et une autre fois peu apr\u00e8s la fin des travaux.<\/p>\n<p>En septembre 1912, le Canada est l\u2019un des premiers cin\u00e9mas ouverts dans le Mile End, un an avant le <a href=\"http:\/\/memoire.mile-end.qc.ca\/mount-royal-cinema\/\">Mount Royal<\/a>, sur l\u2019avenue Laurier Ouest. \u00c0 cause de son nom g\u00e9n\u00e9rique, il est difficile \u00e0 retracer dans les journaux; ne s\u2019\u00e9tant d\u00e9marqu\u00e9 d\u2019aucune fa\u00e7on, n\u2019ayant pas fait partie d\u2019un r\u00e9seau de salles, il ne figure pas dans les histoires du cin\u00e9ma qu\u00e9b\u00e9cois, et son architecture quelconque ne fait l\u2019objet d\u2019aucune mention dans les r\u00e9pertoires du patrimoine. Il conna\u00eet quand m\u00eame un certain succ\u00e8s dans ses premi\u00e8res ann\u00e9es, projetant un film mettant en vedette la c\u00e9l\u00e8bre Torontoise Mary Pickford, <em>Esmeralda<\/em>, quelque six semaines apr\u00e8s sa sortie \u00e0 l\u2019automne 1915.<\/p>\n<p>Pour fonctionner \u00e0 l\u2019\u00e9cart des r\u00e9seaux de salles, le Canada Theatre est probablement devenu un cin\u00e9ma communautaire ethnique; des films en yiddish y auraient \u00e9t\u00e9 projet\u00e9s \u00e0 partir des ann\u00e9es 1920. Lorsque la salle change de nom en 1957, c\u2019est pour devenir un cin\u00e9ma italien\u00a0: le Verdi.<\/p>\n<p>Le Verdi se fera conna\u00eetre pour une autre raison. Dans les ann\u00e9es 1950, des cin\u00e9astes internationaux, ind\u00e9pendants des grands studios d\u2019Hollywood, ont attir\u00e9 l\u2019attention d\u2019une nouvelle g\u00e9n\u00e9ration de cin\u00e9philes\u00a0: le ph\u00e9nom\u00e8ne du cin\u00e9ma d\u2019art et d\u2019essai prend son essor. On le voit \u00e0 Montr\u00e9al d\u2019abord en 1959 avec le cin\u00e9ma \u00c9lys\u00e9e d\u2019Andr\u00e9 P\u00e9pin, rue Milton. \u00c0 partir de 1963, le jeune Roland Smith est embauch\u00e9 au cin\u00e9ma Empire, avenue Ogilvy, dans le quartier Parc-Extension, o\u00f9 il transforme la programmation pour offrir du \u00ab cin\u00e9ma de r\u00e9pertoire \u00bb. Le Verdi embo\u00eete le pas en f\u00e9vrier 1965. Fin 1966, c\u2019est d\u2019ailleurs Roland Smith qui signe le bail de ce cin\u00e9ma, le premier d\u2019une longue s\u00e9rie de cin\u00e9mas de r\u00e9pertoire qu\u2019il exploitera \u00e0 travers le Qu\u00e9bec. (Le bail pr\u00e9cise que Smith n\u2019a pas le droit de diffuser des films en italien les fins de semaine pour ne pas nuire aux affaires de la propri\u00e9taire du b\u00e2timent, g\u00e9rante d\u2019autres salles de cin\u00e9ma italophones\u00a0!)<\/p>\n<p>En 1971, Smith devient exploitant du grand cin\u00e9ma Outremont, une belle salle de 1 315 places ouverte en 1929, dans un quartier chic de surcro\u00eet. L\u2019Outremont marche tellement bien que Smith laisse tomber le Verdi en 1973. \u00c0 partir de ce moment, la salle du boulevard Saint-Laurent ne cessera de changer de vocation. En 1973-1975, le lieu devient un cin\u00e9ma grec, le th\u00e9\u00e2tre Apollon. En 1976-1980, c\u2019est un cin\u00e9ma chinois, le Pagoda. En 1981-1983, il se transforme en cin\u00e9ma \u00e9rotique le jour, le Pussycat (son deuxi\u00e8me emplacement, apr\u00e8s le Globe au 4015 Saint-Laurent), et en cin\u00e9ma de r\u00e9pertoire le soir, le New Yorker, les deux programmations \u00e9tant assur\u00e9es par Andr\u00e9 P\u00e9pin. En 1985-1988, au moment de l\u2019envol du bar-restaurant-librairie le <a href=\"http:\/\/memoire.mile-end.qc.ca\/lux\/\">Lux<\/a>, non loin de l\u00e0, la salle redevient pour une derni\u00e8re fois un cin\u00e9ma de r\u00e9pertoire, appel\u00e9 Le Milieu et dirig\u00e9 par J\u00fcrgen Pesot. Durant ces trois ann\u00e9es, le Festival du nouveau cin\u00e9ma y pr\u00e9sentera quelques films. Apr\u00e8s quelque temps d\u2019inoccupation, le club de musique Soleil Levant occupe le lieu pendant un an, en 1990-1991.<\/p>\n<div id=\"attachment_4834\" style=\"width: 610px\" class=\"wp-caption alignnone\"><img aria-describedby=\"caption-attachment-4834\" loading=\"lazy\" class=\"wp-image-4834 size-medium\" src=\"http:\/\/memoire.mile-end.qc.ca\/wp-content\/uploads\/carte-Le-Milieu-recto-600x391.jpg\" alt=\"cin\u00e9-carte\" width=\"600\" height=\"391\" srcset=\"http:\/\/memoire.mile-end.qc.ca\/wp-content\/uploads\/carte-Le-Milieu-recto-600x391.jpg 600w, http:\/\/memoire.mile-end.qc.ca\/wp-content\/uploads\/carte-Le-Milieu-recto-768x500.jpg 768w, http:\/\/memoire.mile-end.qc.ca\/wp-content\/uploads\/carte-Le-Milieu-recto-1024x667.jpg 1024w, http:\/\/memoire.mile-end.qc.ca\/wp-content\/uploads\/carte-Le-Milieu-recto.jpg 1053w\" sizes=\"(max-width: 600px) 100vw, 600px\" \/><p id=\"caption-attachment-4834\" class=\"wp-caption-text\">cin\u00e9-carte du cin\u00e9ma Le Milieu, 1988<\/p><\/div>\n<p>Finalement, c\u2019est comme \u00e9glise que ce b\u00e2timent passera les 20 derni\u00e8res ann\u00e9es de son existence. En 1992, l\u2019Assembleia de Deus de Boston (une congr\u00e9gation br\u00e9silienne) ach\u00e8te l\u2019immeuble. En 1995, il est repris par l\u2019Iglesia de Dios Pentecostal Movimiento International, une congr\u00e9gation antillaise qui y reste jusqu\u2019\u00e0 son d\u00e9m\u00e9nagement \u00e0 Lachine, en 2011. Vendu \u00e0 un promoteur immobilier, le b\u00e2timent reste inoccup\u00e9 deux ans avant d\u2019\u00eatre d\u00e9moli. Un immeuble d\u2019habitation tr\u00e8s ordinaire le remplace en 2015.<\/p>\n<hr \/>\n<p>Recherche et r\u00e9daction\u00a0: Justin Bur<\/p>\n<p><a href=\"http:\/\/ecosociete.org\/livres\/dictionnaire-historique-du-plateau-mont-royal\"><img loading=\"lazy\" class=\"alignleft wp-image-4283\" src=\"http:\/\/memoire.mile-end.qc.ca\/wp-content\/uploads\/DHPMR.jpg\" alt=\"Dictionnaire historique du Plateau Mont-Royal\" width=\"100\" height=\"127\" \/><\/a>Extrait du <a href=\"http:\/\/ecosociete.org\/livres\/dictionnaire-historique-du-plateau-mont-royal\">Dictionnaire historique du Plateau Mont-Royal<\/a> (\u00c9cosoci\u00e9t\u00e9, 2017) avec l&#8217;aimable autorisation de l&#8217;\u00e9diteur<\/p>","protected":false},"excerpt":{"rendered":"<p>Pendant 101 ans, un th\u00e9\u00e2tre des plus modestes a occup\u00e9 un \u00e9difice ordinaire au 5380 boulevard Saint-Laurent, un peu au sud de la rue Saint-Viateur. Ouvert en 1912 sous le nom de Canada Theatre, il sera d\u00e9moli fin 2013 dans la plus grande indiff\u00e9rence \u2013 indiff\u00e9rence m\u00e9rit\u00e9e, du reste, car \u00e0 quoi bon s\u2019activer pour [&hellip;]<\/p>\n","protected":false},"author":3,"featured_media":4280,"comment_status":"open","ping_status":"open","sticky":false,"template":"","format":"standard","meta":[],"categories":[41],"tags":[32,20,33,34],"_links":{"self":[{"href":"http:\/\/memoire.mile-end.qc.ca\/fr\/wp-json\/wp\/v2\/posts\/4278"}],"collection":[{"href":"http:\/\/memoire.mile-end.qc.ca\/fr\/wp-json\/wp\/v2\/posts"}],"about":[{"href":"http:\/\/memoire.mile-end.qc.ca\/fr\/wp-json\/wp\/v2\/types\/post"}],"author":[{"embeddable":true,"href":"http:\/\/memoire.mile-end.qc.ca\/fr\/wp-json\/wp\/v2\/users\/3"}],"replies":[{"embeddable":true,"href":"http:\/\/memoire.mile-end.qc.ca\/fr\/wp-json\/wp\/v2\/comments?post=4278"}],"version-history":[{"count":9,"href":"http:\/\/memoire.mile-end.qc.ca\/fr\/wp-json\/wp\/v2\/posts\/4278\/revisions"}],"predecessor-version":[{"id":5937,"href":"http:\/\/memoire.mile-end.qc.ca\/fr\/wp-json\/wp\/v2\/posts\/4278\/revisions\/5937"}],"wp:featuredmedia":[{"embeddable":true,"href":"http:\/\/memoire.mile-end.qc.ca\/fr\/wp-json\/wp\/v2\/media\/4280"}],"wp:attachment":[{"href":"http:\/\/memoire.mile-end.qc.ca\/fr\/wp-json\/wp\/v2\/media?parent=4278"}],"wp:term":[{"taxonomy":"category","embeddable":true,"href":"http:\/\/memoire.mile-end.qc.ca\/fr\/wp-json\/wp\/v2\/categories?post=4278"},{"taxonomy":"post_tag","embeddable":true,"href":"http:\/\/memoire.mile-end.qc.ca\/fr\/wp-json\/wp\/v2\/tags?post=4278"}],"curies":[{"name":"wp","href":"https:\/\/api.w.org\/{rel}","templated":true}]}}