{"id":4305,"date":"2017-11-03T12:04:20","date_gmt":"2017-11-03T16:04:20","guid":{"rendered":"http:\/\/memoire.mile-end.qc.ca\/?p=4305"},"modified":"2018-01-16T21:32:28","modified_gmt":"2018-01-17T02:32:28","slug":"conference-le-boulevard-saint-laurent-acteur-de-lhistoire-du-mile-end","status":"publish","type":"post","link":"http:\/\/memoire.mile-end.qc.ca\/fr\/conference-le-boulevard-saint-laurent-acteur-de-lhistoire-du-mile-end\/","title":{"rendered":"Conf\u00e9rence : Le boulevard Saint-Laurent, acteur de l&#8217;histoire du Mile End"},"content":{"rendered":"<p><\/p>\n<h2><strong>Le boulevard Saint-Laurent, acteur de l&#8217;histoire du Mile End <\/strong><\/h2>\n<h3>Conf\u00e9rence donn\u00e9e par Yves Desjardins<\/h3>\n<div id=\"attachment_4306\" style=\"width: 610px\" class=\"wp-caption alignnone\"><img aria-describedby=\"caption-attachment-4306\" loading=\"lazy\" class=\"wp-image-4306 size-medium\" src=\"http:\/\/memoire.mile-end.qc.ca\/wp-content\/uploads\/VM98-Y_5P059-600x363.jpg\" alt=\"Saint-Laurent &amp; Bernard\" width=\"600\" height=\"363\" srcset=\"http:\/\/memoire.mile-end.qc.ca\/wp-content\/uploads\/VM98-Y_5P059-600x363.jpg 600w, http:\/\/memoire.mile-end.qc.ca\/wp-content\/uploads\/VM98-Y_5P059-768x465.jpg 768w, http:\/\/memoire.mile-end.qc.ca\/wp-content\/uploads\/VM98-Y_5P059-1024x620.jpg 1024w\" sizes=\"(max-width: 600px) 100vw, 600px\" \/><p id=\"caption-attachment-4306\" class=\"wp-caption-text\">Boulevard Saint-Laurent, \u00e0 l&#8217;intersection de la rue Bernard, v. 1950.<br \/> <a href=\"https:\/\/archivesdemontreal.ica-atom.org\/boulevard-saint-laurent-vers-le-sud-lintersection-de-la-rue-bernard-1940\">Archives de la Ville de Montr\u00e9al, VM98-Y-5,P059<\/a><\/p><\/div>\n<p>Le boulevard Saint-Laurent, la \u00ab Main \u00bb, est au c\u0153ur de l&#8217;identit\u00e9 montr\u00e9alaise depuis plus de trois si\u00e8cles : corridor historique de l&#8217;immigration au Canada ; haut-lieu de la vie nocturne \u00e0 l&#8217;\u00e9poque du burlesque, du th\u00e9\u00e2tre yiddish et du \u00ab Red Light \u00bb ; centre de l&#8217;industrie du v\u00eatement ; zone fronti\u00e8re entre les \u00ab deux solitudes \u00bb servant de refuge aux marginaux de tout poil, etc.<\/p>\n<p>On conna\u00eet moins cependant l&#8217;histoire du boulevard au nord de l&#8217;avenue du Mont-Royal. Il a pourtant \u00e9t\u00e9 la clef de l&#8217;urbanisation d&#8217;un secteur encore rural jusqu&#8217;\u00e0 la seconde moiti\u00e9 du XIXe si\u00e8cle et le t\u00e9moin des nombreuses transformations du quartier au fil des ans.<\/p>\n<p>De l&#8217;\u00e9poque o\u00f9 il \u00e9tait bord\u00e9 par des fermes appartenant \u00e0 de grands propri\u00e9taires fonciers, \u00e0 celle des manufactures de v\u00eatements devenues p\u00f4le d&#8217;emploi technologique, en passant par la gare du Mile End, le boulevard Saint-Laurent a toujours \u00e9t\u00e9 un acteur-clef de l&#8217;histoire du quartier.<\/p>\n<p><em><strong>Yves Desjardins <\/strong>est membre du conseil d&#8217;administration de M\u00e9moire du Mile End. Il est \u00e9galement l&#8217;auteur de l&#8217;<\/em><strong>Histoire du Mile End<\/strong><em>, publi\u00e9 aux \u00e9ditions du Septentrion, et l&#8217;un des co-auteurs du <\/em><strong>Dictionnaire historique du Plateau Mont-Royal<\/strong><em>, publi\u00e9 par \u00c9cosoci\u00e9t\u00e9.<\/em><\/p>\n<p>&nbsp;<\/p>\n<div><strong>Conf\u00e9rence en fran\u00e7ais, p\u00e9riode de questions bilingue<\/strong><\/div>\n<div><strong>Biblioth\u00e8que Mordecai-Richler, 5434, avenue du Parc<\/strong><\/div>\n<div><strong>Dimanche 12 novembre 2017, 14 h<\/strong><\/div>\n<div>Entr\u00e9e gratuite<\/div>\n<p><\/p>","protected":false},"excerpt":{"rendered":"<p>Le boulevard Saint-Laurent, acteur de l&#8217;histoire du Mile End Conf\u00e9rence donn\u00e9e par Yves Desjardins Le boulevard Saint-Laurent, la \u00ab Main \u00bb, est au c\u0153ur de l&#8217;identit\u00e9 montr\u00e9alaise depuis plus de trois si\u00e8cles : corridor historique de l&#8217;immigration au Canada ; haut-lieu de la vie nocturne \u00e0 l&#8217;\u00e9poque du burlesque, du th\u00e9\u00e2tre yiddish et du \u00ab [&hellip;]<\/p>\n","protected":false},"author":14,"featured_media":0,"comment_status":"open","ping_status":"open","sticky":false,"template":"","format":"standard","meta":[],"categories":[1,3],"tags":[],"_links":{"self":[{"href":"http:\/\/memoire.mile-end.qc.ca\/fr\/wp-json\/wp\/v2\/posts\/4305"}],"collection":[{"href":"http:\/\/memoire.mile-end.qc.ca\/fr\/wp-json\/wp\/v2\/posts"}],"about":[{"href":"http:\/\/memoire.mile-end.qc.ca\/fr\/wp-json\/wp\/v2\/types\/post"}],"author":[{"embeddable":true,"href":"http:\/\/memoire.mile-end.qc.ca\/fr\/wp-json\/wp\/v2\/users\/14"}],"replies":[{"embeddable":true,"href":"http:\/\/memoire.mile-end.qc.ca\/fr\/wp-json\/wp\/v2\/comments?post=4305"}],"version-history":[{"count":2,"href":"http:\/\/memoire.mile-end.qc.ca\/fr\/wp-json\/wp\/v2\/posts\/4305\/revisions"}],"predecessor-version":[{"id":4311,"href":"http:\/\/memoire.mile-end.qc.ca\/fr\/wp-json\/wp\/v2\/posts\/4305\/revisions\/4311"}],"wp:attachment":[{"href":"http:\/\/memoire.mile-end.qc.ca\/fr\/wp-json\/wp\/v2\/media?parent=4305"}],"wp:term":[{"taxonomy":"category","embeddable":true,"href":"http:\/\/memoire.mile-end.qc.ca\/fr\/wp-json\/wp\/v2\/categories?post=4305"},{"taxonomy":"post_tag","embeddable":true,"href":"http:\/\/memoire.mile-end.qc.ca\/fr\/wp-json\/wp\/v2\/tags?post=4305"}],"curies":[{"name":"wp","href":"https:\/\/api.w.org\/{rel}","templated":true}]}}