{"id":4312,"date":"2017-11-23T14:32:55","date_gmt":"2017-11-23T19:32:55","guid":{"rendered":"http:\/\/memoire.mile-end.qc.ca\/?p=4312"},"modified":"2018-01-16T22:03:00","modified_gmt":"2018-01-17T03:03:00","slug":"gentriville-une-experience-interactive-sur-la-gentrification","status":"publish","type":"post","link":"http:\/\/memoire.mile-end.qc.ca\/fr\/gentriville-une-experience-interactive-sur-la-gentrification\/","title":{"rendered":"Gentriville : une exp\u00e9rience interactive sur la gentrification"},"content":{"rendered":"<p><\/p>\n<h2>Gentriville : une exp\u00e9rience interactive sur la gentrification<\/h2>\n<p><img loading=\"lazy\" class=\"alignnone size-medium wp-image-4313\" src=\"http:\/\/memoire.mile-end.qc.ca\/wp-content\/uploads\/gentriville-600x241.jpg\" alt=\"\" width=\"600\" height=\"241\" srcset=\"http:\/\/memoire.mile-end.qc.ca\/wp-content\/uploads\/gentriville-600x241.jpg 600w, http:\/\/memoire.mile-end.qc.ca\/wp-content\/uploads\/gentriville-768x308.jpg 768w, http:\/\/memoire.mile-end.qc.ca\/wp-content\/uploads\/gentriville.jpg 960w\" sizes=\"(max-width: 600px) 100vw, 600px\" \/><\/p>\n<p>Gentriville est une fiction interactive con\u00e7ue par Marie Sterlin et Emmanuelle Walter. Les deux cr\u00e9atrices pr\u00e9senteront leur projet et partageront avec nous le fruit de leurs recherches et leurs r\u00e9flexions afin d&#8217;ouvrir une discussion commune sur ce ph\u00e9nom\u00e8ne qui touche plusieurs quartiers montr\u00e9alais, dont le n\u00f4tre, et imaginer ensemble des pistes de solution&#8230;<\/p>\n<p>Vous pouvez participer \u00e0 l&#8217;exp\u00e9rience <a href=\"http:\/\/ici.radio-canada.ca\/gentriville\/accueil\/\"><strong><u>ici<\/u><\/strong><\/a>.<\/p>\n<p><strong>Marie Sterlin <\/strong>est recherchiste et, depuis plus de 20 ans, s&#8217;int\u00e9resse aux questions d&#8217;identit\u00e9, sociale, sexuelle et ethnique.\u00a0Gentriville est son premier projet \u00e0 titre d&#8217;auteure.<\/p>\n<p>Journaliste ind\u00e9pendante,\u00a0<strong>Emmanuelle Walter <\/strong>travaille depuis plus de 20 ans sur les questions \u00e9ducatives, urbanistiques et environnementales. Elle\u00a0\u00e9crit pour <em>Nouveau Projet, Ch\u00e2telaine, l&#8217;Obs<\/em> et <em>Lib\u00e9ration.<\/em><\/p>\n<p>&nbsp;<\/p>\n<p>Pr\u00e9sentation en fran\u00e7ais, p\u00e9riode de questions bilingue<br \/>\nBiblioth\u00e8que Mordecai-Richler, 5434, avenue du Parc<br \/>\nDimanche 3 d\u00e9cembre 2017, 14 h<br \/>\nEntr\u00e9e gratuite<\/p>","protected":false},"excerpt":{"rendered":"<p>Gentriville : une exp\u00e9rience interactive sur la gentrification Gentriville est une fiction interactive con\u00e7ue par Marie Sterlin et Emmanuelle Walter. Les deux cr\u00e9atrices pr\u00e9senteront leur projet et partageront avec nous le fruit de leurs recherches et leurs r\u00e9flexions afin d&#8217;ouvrir une discussion commune sur ce ph\u00e9nom\u00e8ne qui touche plusieurs quartiers montr\u00e9alais, dont le n\u00f4tre, et [&hellip;]<\/p>\n","protected":false},"author":14,"featured_media":0,"comment_status":"open","ping_status":"open","sticky":false,"template":"","format":"standard","meta":[],"categories":[1,3],"tags":[],"_links":{"self":[{"href":"http:\/\/memoire.mile-end.qc.ca\/fr\/wp-json\/wp\/v2\/posts\/4312"}],"collection":[{"href":"http:\/\/memoire.mile-end.qc.ca\/fr\/wp-json\/wp\/v2\/posts"}],"about":[{"href":"http:\/\/memoire.mile-end.qc.ca\/fr\/wp-json\/wp\/v2\/types\/post"}],"author":[{"embeddable":true,"href":"http:\/\/memoire.mile-end.qc.ca\/fr\/wp-json\/wp\/v2\/users\/14"}],"replies":[{"embeddable":true,"href":"http:\/\/memoire.mile-end.qc.ca\/fr\/wp-json\/wp\/v2\/comments?post=4312"}],"version-history":[{"count":2,"href":"http:\/\/memoire.mile-end.qc.ca\/fr\/wp-json\/wp\/v2\/posts\/4312\/revisions"}],"predecessor-version":[{"id":4321,"href":"http:\/\/memoire.mile-end.qc.ca\/fr\/wp-json\/wp\/v2\/posts\/4312\/revisions\/4321"}],"wp:attachment":[{"href":"http:\/\/memoire.mile-end.qc.ca\/fr\/wp-json\/wp\/v2\/media?parent=4312"}],"wp:term":[{"taxonomy":"category","embeddable":true,"href":"http:\/\/memoire.mile-end.qc.ca\/fr\/wp-json\/wp\/v2\/categories?post=4312"},{"taxonomy":"post_tag","embeddable":true,"href":"http:\/\/memoire.mile-end.qc.ca\/fr\/wp-json\/wp\/v2\/tags?post=4312"}],"curies":[{"name":"wp","href":"https:\/\/api.w.org\/{rel}","templated":true}]}}