{"id":4325,"date":"2018-01-27T08:54:51","date_gmt":"2018-01-27T13:54:51","guid":{"rendered":"http:\/\/memoire.mile-end.qc.ca\/?p=4325"},"modified":"2022-10-15T13:22:51","modified_gmt":"2022-10-15T17:22:51","slug":"bain-saint-michel","status":"publish","type":"post","link":"http:\/\/memoire.mile-end.qc.ca\/fr\/bain-saint-michel\/","title":{"rendered":"Bain Saint-Michel"},"content":{"rendered":"<p><div id=\"attachment_4326\" style=\"width: 490px\" class=\"wp-caption alignnone\"><img aria-describedby=\"caption-attachment-4326\" loading=\"lazy\" class=\"size-full wp-image-4326\" src=\"http:\/\/memoire.mile-end.qc.ca\/wp-content\/uploads\/VM94-Z409_141.jpg\" alt=\"Le bain Turcot\" width=\"480\" height=\"349\" \/><p id=\"caption-attachment-4326\" class=\"wp-caption-text\">Le bain Turcot, ann\u00e9es 1920. Archives de la Ville de Montr\u00e9al, VM94-Z409<\/p><\/div><\/p>\n<p>L&#8217;annexion de la ville de Saint-Louis \u00e0 Montr\u00e9al est d\u00e9cid\u00e9e lors de l&#8217;\u00e9t\u00e9 1908; elle entrera en vigueur le 1er janvier 1910. Le maire Napol\u00e9on Turcot d\u00e9cide de profiter des derniers mois d&#8217;ind\u00e9pendance pour laisser un autre legs aux r\u00e9sidants du futur quartier Laurier, apr\u00e8s le <a href=\"http:\/\/memoire.mile-end.qc.ca\/entrepot-van-horne\/\">tunnel du boulevard Saint-Laurent<\/a>\u00a0: un bain public. Il annonce ses intentions \u00e0 une s\u00e9ance du conseil municipal tenue le 18 ao\u00fbt 1908. C&#8217;est une mesure d&#8217;hygi\u00e8ne publique n\u00e9cessaire, dit-il, dont b\u00e9n\u00e9ficiera la population ouvri\u00e8re, \u00ab\u00a0\u00e9tant donn\u00e9 le grand nombre de maisons qui ne poss\u00e8dent pas de bains\u00a0\u00bb. Les \u00e9lus municipaux se montrent surpris de cette nouvelle d\u00e9pense impr\u00e9vue, surtout que ville Saint-Louis est lourdement endett\u00e9e. Turcot les rassure\u00a0: \u00ab\u00a0la chose ne sera pas si co\u00fbteuse, \u00e9tant donn\u00e9 l&#8217;annexion qui s&#8217;en vient\u00a0\u00bb, laissant entendre que c&#8217;est Montr\u00e9al qui absorbera les frais.<\/p>\n<p>Le bain Turcot, rue Saint-Dominique, est inaugur\u00e9 en octobre 1910. Con\u00e7u par l\u2019architecte Zotique Trudel, le bain poss\u00e8de une fa\u00e7ade de style Beaux-Arts avec un \u0153il-de-b\u0153uf surdimensionn\u00e9, inspir\u00e9e de celle des th\u00e9\u00e2tres. Il se distingue ainsi des bains publics d\u2019architecture utilitaire construits auparavant \u00e0 Montr\u00e9al (bien que plusieurs autres bains remarquables furent construits pendant le quart de si\u00e8cle suivant).\u00a0En plus des bains destin\u00e9s \u00e0 l&#8217;hygi\u00e8ne, l&#8217;\u00e9difice dispose d&#8217;une piscine et on y donne des cours de natation aux enfants du quartier. Comme la plupart des bains publics \u00e0 l&#8217;\u00e9poque, il prend le nom du conseiller municipal local \u2013 nul autre que l&#8217;ex-maire Turcot, devenu conseiller apr\u00e8s l&#8217;annexion de sa ville.<\/p>\n<p>En 1937, le bain est r\u00e9nov\u00e9 de fond en comble \u00e0 l&#8217;initiative du conseiller municipal Dave Rochon. Il est alors rebaptis\u00e9 du nom de son quartier municipal, Saint-Michel (le nom du quartier, s\u00e9par\u00e9 du quartier Laurier en 1921, fait r\u00e9f\u00e9rence \u00e0 la paroisse catholique anglophone <a href=\"http:\/\/memoire.mile-end.qc.ca\/eglise-st-michael-the-archangel\/\">St. Michael the Archangel<\/a>).<\/p>\n<p>La piscine cesse d\u2019\u00eatre utilis\u00e9e en 1994, en raison de sa v\u00e9tust\u00e9 (au moment o\u00f9 la nouvelle piscine du <a href=\"http:\/\/memoire.mile-end.qc.ca\/ymca-du-parc\/\">YMCA<\/a> prend la rel\u00e8ve). Le Bain Saint-Michel devient un lieu de diffusion pour les artistes \u00e9mergents \u00e0 partir de 1998; entre autres, la compagnie de th\u00e9\u00e2tre ind\u00e9pendante anglophone Infinitheatre l\u2019utilise comme sc\u00e8ne principale d\u00e8s 2003.<\/p>\n<p>Sa structure \u00e9tant en mauvais \u00e9tat, le bain ferme en 2014 pour subir une restauration et un r\u00e9am\u00e9nagement. La r\u00e9novation s&#8217;est av\u00e9r\u00e9e bien plus complexe que pr\u00e9vue; la date de remise en service est repouss\u00e9e \u00e0 2022, puis en 2025. Le plan de 2021 \u00e9tait que l\u2019\u00e9difice retrouve sa vocation culturelle, sous une formule de cogestion entre le milieu artistique et l&#8217;arrondissement du Plateau-Mont-Royal.<\/p>\n<hr \/>\n<p>Recherche et r\u00e9daction\u00a0: Yves Desjardins et Justin Bur<br \/>\nR\u00e9vision mars 2021 \/ Mise \u00e0 jour octobre 2022<\/p>","protected":false},"excerpt":{"rendered":"<p>L&#8217;annexion de la ville de Saint-Louis \u00e0 Montr\u00e9al est d\u00e9cid\u00e9e lors de l&#8217;\u00e9t\u00e9 1908; elle entrera en vigueur le 1er janvier 1910. Le maire Napol\u00e9on Turcot d\u00e9cide de profiter des derniers mois d&#8217;ind\u00e9pendance pour laisser un autre legs aux r\u00e9sidants du futur quartier Laurier, apr\u00e8s le tunnel du boulevard Saint-Laurent\u00a0: un bain public. Il annonce [&hellip;]<\/p>\n","protected":false},"author":3,"featured_media":0,"comment_status":"closed","ping_status":"closed","sticky":false,"template":"","format":"standard","meta":[],"categories":[41],"tags":[32,20,33,34],"_links":{"self":[{"href":"http:\/\/memoire.mile-end.qc.ca\/fr\/wp-json\/wp\/v2\/posts\/4325"}],"collection":[{"href":"http:\/\/memoire.mile-end.qc.ca\/fr\/wp-json\/wp\/v2\/posts"}],"about":[{"href":"http:\/\/memoire.mile-end.qc.ca\/fr\/wp-json\/wp\/v2\/types\/post"}],"author":[{"embeddable":true,"href":"http:\/\/memoire.mile-end.qc.ca\/fr\/wp-json\/wp\/v2\/users\/3"}],"replies":[{"embeddable":true,"href":"http:\/\/memoire.mile-end.qc.ca\/fr\/wp-json\/wp\/v2\/comments?post=4325"}],"version-history":[{"count":7,"href":"http:\/\/memoire.mile-end.qc.ca\/fr\/wp-json\/wp\/v2\/posts\/4325\/revisions"}],"predecessor-version":[{"id":5895,"href":"http:\/\/memoire.mile-end.qc.ca\/fr\/wp-json\/wp\/v2\/posts\/4325\/revisions\/5895"}],"wp:attachment":[{"href":"http:\/\/memoire.mile-end.qc.ca\/fr\/wp-json\/wp\/v2\/media?parent=4325"}],"wp:term":[{"taxonomy":"category","embeddable":true,"href":"http:\/\/memoire.mile-end.qc.ca\/fr\/wp-json\/wp\/v2\/categories?post=4325"},{"taxonomy":"post_tag","embeddable":true,"href":"http:\/\/memoire.mile-end.qc.ca\/fr\/wp-json\/wp\/v2\/tags?post=4325"}],"curies":[{"name":"wp","href":"https:\/\/api.w.org\/{rel}","templated":true}]}}