{"id":4332,"date":"2018-01-29T21:24:01","date_gmt":"2018-01-30T02:24:01","guid":{"rendered":"http:\/\/memoire.mile-end.qc.ca\/?p=4332"},"modified":"2022-09-11T22:48:01","modified_gmt":"2022-09-12T02:48:01","slug":"patro-le-prevost","status":"publish","type":"post","link":"http:\/\/memoire.mile-end.qc.ca\/fr\/patro-le-prevost\/","title":{"rendered":"Patro Le Prevost"},"content":{"rendered":"<p><div id=\"attachment_4333\" style=\"width: 631px\" class=\"wp-caption alignnone\"><img aria-describedby=\"caption-attachment-4333\" loading=\"lazy\" class=\"size-full wp-image-4333\" src=\"http:\/\/memoire.mile-end.qc.ca\/wp-content\/uploads\/Patro-1914.jpg\" alt=\"Patro Le Prevost\" width=\"621\" height=\"461\" srcset=\"http:\/\/memoire.mile-end.qc.ca\/wp-content\/uploads\/Patro-1914.jpg 621w, http:\/\/memoire.mile-end.qc.ca\/wp-content\/uploads\/Patro-1914-600x445.jpg 600w\" sizes=\"(max-width: 621px) 100vw, 621px\" \/><p id=\"caption-attachment-4333\" class=\"wp-caption-text\">L\u2019\u00e9difice du Patro Le Prevost, rue Saint-Dominique, en 1914. (Archives du Patro Le Prevost)<\/p><\/div><\/p>\n<p>Ce qui est aujourd\u2019hui un terrain de stationnement, rue Saint-Dominique au sud de la rue Bernard, a \u00e9t\u00e9 pendant pr\u00e8s de 70 ans le site du seul organisme communautaire de l\u2019est du Mile End, le Patro Le Prevost. Il est fond\u00e9 le 16 d\u00e9cembre 1909 par les religieux de Saint-Vincent de Paul, plus particuli\u00e8rement par le p\u00e8re \u00c9mile Pich\u00e9, premier cur\u00e9 de la nouvelle paroisse <a href=\"http:\/\/memoire.mile-end.qc.ca\/eglise-saint-georges\/\">Saint-Georges<\/a>. Les patronages, ou centres pour l&#8217;\u00e9ducation et la r\u00e9cr\u00e9ation des jeunes catholiques, sont nombreux en France et en Belgique, et pr\u00e9sents au Qu\u00e9bec depuis les ann\u00e9es 1860.<\/p>\n<p>D\u2019abord log\u00e9 au sous-sol de l\u2019<a href=\"http:\/\/memoire.mile-end.qc.ca\/academie-saint-georges\/\">acad\u00e9mie Saint-Georges<\/a>, rue Waverly, le Patro d\u00e9m\u00e9nage\u00a0en f\u00e9vrier 1914\u00a0dans un \u00e9difice neuf con\u00e7u par les architectes Gauthier &amp; Daoust. Ses locaux abritent une biblioth\u00e8que, une chapelle, une salle de spectacle, des salles de jeux ainsi qu\u2019une \u00ab\u00a0maison de famille\u00a0\u00bb \u2013 un service d\u2019h\u00e9bergement pour les jeunes ouvriers venus des campagnes environnantes. On veut leur donner \u00ab\u00a0les avantages de la vie de famille et les moyens de pr\u00e9server leur foi et leurs moeurs au milieu des dangers de Montr\u00e9al\u00a0\u00bb (dont la tentation d&#8217;avoir recours aux services du <a href=\"http:\/\/memoire.mile-end.qc.ca\/ymca-du-parc\/\">YMCA<\/a> protestant). La pension qu\u2019ils versent est l\u2019un des principaux moyens de financement du Patro.<\/p>\n<p>Le p\u00e8re Pich\u00e9 fait aussi am\u00e9nager un terrain de jeux, selon lui le plus grand de Montr\u00e9al. On y joue au hockey en hiver et au baseball l\u2019\u00e9t\u00e9 \u2013 \u00ab\u00a0ensuite instruction et pri\u00e8re\u00a0\u00bb. La participation \u00e0 la messe du dimanche est obligatoire, car le but premier demeure former l\u2019\u00e9lite ouvri\u00e8re chr\u00e9tienne de demain. \u00ab\u00a0\u00catre du Patro\u00a0\u00bb, o\u00f9 l\u2019on se retrouve de g\u00e9n\u00e9ration en g\u00e9n\u00e9ration, t\u00e9moigne de son attachement au quartier. Outre les pensions vers\u00e9es par les jeunes ouvriers, le Patro se finance gr\u00e2ce \u00e0 la charit\u00e9 publique ; son fonctionnement repose surtout sur l\u2019entraide et le b\u00e9n\u00e9volat des familles membres.<\/p>\n<p>Mais cette solidarit\u00e9 s\u2019essouffle pendant les ann\u00e9es 1960, et le Patro se retrouve au bord de la faillite en 1969. Montr\u00e9al et le gouvernement du Qu\u00e9bec lui accordent une aide financi\u00e8re accrue, et l\u2019organisme est r\u00e9organis\u00e9. Il est d\u00e9sormais administr\u00e9 par une soci\u00e9t\u00e9 la\u00efque, m\u00eame si les religieux de Saint-Vincent de Paul continuent d\u2019y jouer un r\u00f4le important. Partiellement municipalis\u00e9, le Patro \u00e9largit aussi son champ d\u2019activit\u00e9s. Cette ann\u00e9e-l\u00e0, les filles y sont admises pour la premi\u00e8re fois et un programme pour les familles est d\u00e9velopp\u00e9.<\/p>\n<p>Le Patro quitte le Mile End apr\u00e8s l\u2019incendie survenu dans la nuit du 17 au 18 janvier 1977. Sur son emplacement, on retrouve aujourd\u2019hui le stationnement de l\u2019ar\u00e9na Saint-Louis, inaugur\u00e9 le 23 f\u00e9vrier 1982. L\u2019ar\u00e9na est construit sur l\u2019ancien terrain de jeux. Quant au Patro, il <a href=\"http:\/\/www.patroleprevost.qc.ca\">poursuit ses activit\u00e9s<\/a> dans le quartier Villeray, au 7355 avenue Christophe-Colomb.<\/p>\n<hr \/>\n<p>Recherche et r\u00e9daction\u00a0: Yves Desjardins<\/p>\n<p><a href=\"http:\/\/ecosociete.org\/livres\/dictionnaire-historique-du-plateau-mont-royal\"><img loading=\"lazy\" class=\"alignleft wp-image-4283\" src=\"http:\/\/memoire.mile-end.qc.ca\/wp-content\/uploads\/DHPMR.jpg\" alt=\"Dictionnaire historique du Plateau Mont-Royal\" width=\"100\" height=\"127\" \/><\/a>Extrait du <a href=\"http:\/\/ecosociete.org\/livres\/dictionnaire-historique-du-plateau-mont-royal\">Dictionnaire historique du Plateau Mont-Royal<\/a> (\u00c9cosoci\u00e9t\u00e9, 2017) avec l&#8217;aimable autorisation de l&#8217;\u00e9diteur<\/p>","protected":false},"excerpt":{"rendered":"<p>Ce qui est aujourd\u2019hui un terrain de stationnement, rue Saint-Dominique au sud de la rue Bernard, a \u00e9t\u00e9 pendant pr\u00e8s de 70 ans le site du seul organisme communautaire de l\u2019est du Mile End, le Patro Le Prevost. Il est fond\u00e9 le 16 d\u00e9cembre 1909 par les religieux de Saint-Vincent de Paul, plus particuli\u00e8rement par [&hellip;]<\/p>\n","protected":false},"author":3,"featured_media":0,"comment_status":"open","ping_status":"open","sticky":false,"template":"","format":"standard","meta":[],"categories":[41],"tags":[32,20,33],"_links":{"self":[{"href":"http:\/\/memoire.mile-end.qc.ca\/fr\/wp-json\/wp\/v2\/posts\/4332"}],"collection":[{"href":"http:\/\/memoire.mile-end.qc.ca\/fr\/wp-json\/wp\/v2\/posts"}],"about":[{"href":"http:\/\/memoire.mile-end.qc.ca\/fr\/wp-json\/wp\/v2\/types\/post"}],"author":[{"embeddable":true,"href":"http:\/\/memoire.mile-end.qc.ca\/fr\/wp-json\/wp\/v2\/users\/3"}],"replies":[{"embeddable":true,"href":"http:\/\/memoire.mile-end.qc.ca\/fr\/wp-json\/wp\/v2\/comments?post=4332"}],"version-history":[{"count":5,"href":"http:\/\/memoire.mile-end.qc.ca\/fr\/wp-json\/wp\/v2\/posts\/4332\/revisions"}],"predecessor-version":[{"id":5845,"href":"http:\/\/memoire.mile-end.qc.ca\/fr\/wp-json\/wp\/v2\/posts\/4332\/revisions\/5845"}],"wp:attachment":[{"href":"http:\/\/memoire.mile-end.qc.ca\/fr\/wp-json\/wp\/v2\/media?parent=4332"}],"wp:term":[{"taxonomy":"category","embeddable":true,"href":"http:\/\/memoire.mile-end.qc.ca\/fr\/wp-json\/wp\/v2\/categories?post=4332"},{"taxonomy":"post_tag","embeddable":true,"href":"http:\/\/memoire.mile-end.qc.ca\/fr\/wp-json\/wp\/v2\/tags?post=4332"}],"curies":[{"name":"wp","href":"https:\/\/api.w.org\/{rel}","templated":true}]}}