{"id":477,"date":"2010-09-12T12:39:38","date_gmt":"2010-09-12T16:39:38","guid":{"rendered":"http:\/\/mile-end.qc.ca\/?p=477"},"modified":"2013-12-27T21:19:06","modified_gmt":"2013-12-28T02:19:06","slug":"activites-gratuites-pour-lopamjournees-de-la-culture-2010","status":"publish","type":"post","link":"http:\/\/memoire.mile-end.qc.ca\/fr\/activites-gratuites-pour-lopamjournees-de-la-culture-2010\/","title":{"rendered":"Activit\u00e9s gratuites pour l&#8217;OPAM\/Journ\u00e9es de la culture 2010"},"content":{"rendered":"<p><strong>ACTIVIT\u00c9S GRATUITES ORGANIS\u00c9ES PAR M\u00c9MOIRE DU MILE END<br \/>\nET LES AMIS DU BOULEVARD SAINT-LAURENT<br \/>\nDANS LE CADRE DE L\u2019OPAM (Op\u00e9ration patrimoine architectural de Montr\u00e9al) \u00a02010<br \/>\nET DES JOURN\u00c9ES DE LA CULTURE 2010<\/strong><\/p>\n<p>N.B. Chacune de ces visites sera offerte en anglais et en fran\u00e7ais (en groupes distinctes).<\/p>\n<p><strong>VISITE 1<\/strong><\/p>\n<table width=\"443\" border=\"1\" cellspacing=\"0\" cellpadding=\"0\">\n<tbody>\n<tr>\n<td valign=\"top\" width=\"104\"><em>Organisme(s)<\/em><\/td>\n<td valign=\"top\" width=\"339\">Les Amis du boulevard Saint-Laurent et M\u00e9moire du Mile End<\/td>\n<\/tr>\n<tr>\n<td valign=\"top\" width=\"104\"><em>Titre de l\u2019activit\u00e9<\/em><\/td>\n<td valign=\"top\" width=\"339\">Visite \u00e0 pied\u00a0: La <em>Main<\/em> et le Mile End de Mordecai Richler<\/td>\n<\/tr>\n<tr>\n<td valign=\"top\" width=\"104\"><em>Description<\/em><\/td>\n<td valign=\"top\" width=\"339\">Explorer les lieux mentionn\u00e9s dans les diff\u00e9rents romans de cet auteur d\u2019origine juif qui a agrandi dans le quartier dans les ann\u00e9es 1940.<\/td>\n<\/tr>\n<tr>\n<td valign=\"top\" width=\"104\"><em>Date <\/em><\/td>\n<td valign=\"top\" width=\"339\">Samedi 25 septembre 2010<\/td>\n<\/tr>\n<tr>\n<td valign=\"top\" width=\"104\"><em>Heure du d\u00e9but<\/em><\/td>\n<td valign=\"top\" width=\"339\">10 h 00<\/td>\n<\/tr>\n<tr>\n<td valign=\"top\" width=\"104\"><em>Heure de la fin<\/em><\/td>\n<td valign=\"top\" width=\"339\">12 h 00<\/td>\n<\/tr>\n<tr>\n<td valign=\"top\" width=\"104\"><em>Langue<\/em><\/td>\n<td valign=\"top\" width=\"339\">Deux visites sont offertes\u00a0: une en fran\u00e7ais et une en anglais<\/td>\n<\/tr>\n<tr>\n<td valign=\"top\" width=\"104\"><em>Lieu de d\u00e9part<\/em><\/td>\n<td valign=\"top\" width=\"339\">Parc du Portugal (angle du boulevard Saint-Laurent et de la rue Marie-Anne), m\u00e9tro Mont-Royal, autobus 11, 97, 55<\/td>\n<\/tr>\n<tr>\n<td valign=\"top\" width=\"104\"><em>Lieu de fin<\/em><\/td>\n<td valign=\"top\" width=\"339\">Angle du boulevard Saint-Laurent et de l\u2019avenue Fairmount, m\u00e9tro Laurier, autobus 55<\/td>\n<\/tr>\n<tr>\n<td valign=\"top\" width=\"104\"><em>Co\u00fbt<\/em><\/td>\n<td valign=\"top\" width=\"339\">Gratuite<\/td>\n<\/tr>\n<tr>\n<td valign=\"top\" width=\"104\"><em>R\u00e9servations<\/em><\/td>\n<td valign=\"top\" width=\"339\">Non<\/td>\n<\/tr>\n<tr>\n<td valign=\"top\" width=\"104\"><em>Renseignements<\/em><\/td>\n<td valign=\"top\" width=\"339\"><a href=\"http:\/\/www.amisboulevardstlaurent.com\/\">www.amisboulevardstlaurent.com<\/a> \/ <a href=\"http:\/\/memoire.mile-end.qc.ca\/\">www.mile-end.qc.ca<\/a><\/td>\n<\/tr>\n<\/tbody>\n<\/table>\n<p><strong>VISITE 2<\/strong><\/p>\n<table width=\"443\" border=\"1\" cellspacing=\"0\" cellpadding=\"0\">\n<tbody>\n<tr>\n<td valign=\"top\" width=\"104\"><em>Organisme(s)<\/em><\/td>\n<td valign=\"top\" width=\"339\">Les Amis du boulevard Saint-Laurent et M\u00e9moire du Mile End<\/td>\n<\/tr>\n<tr>\n<td valign=\"top\" width=\"104\"><em>Titre de l\u2019activit\u00e9<\/em><\/td>\n<td valign=\"top\" width=\"339\">Mini-visite \u00e0 pied\u00a0: Des maisons en rang\u00e9e aux m\u00e9gastructures dans le secteur Saint-Viateur Est<\/td>\n<\/tr>\n<tr>\n<td valign=\"top\" width=\"104\"><em>Description<\/em><\/td>\n<td valign=\"top\" width=\"339\">Explorer l\u2019ancien bain public Turcot et ses environs, incluant des maisons en rang\u00e9e, des m\u00e9gastructures et une ancienne cour ferroviaire.<\/td>\n<\/tr>\n<tr>\n<td valign=\"top\" width=\"104\"><em>Date <\/em><\/td>\n<td valign=\"top\" width=\"339\">Samedi 25 septembre 2010<\/td>\n<\/tr>\n<tr>\n<td valign=\"top\" width=\"104\"><em>Heure du d\u00e9but<\/em><\/td>\n<td valign=\"top\" width=\"339\">14 h 00<\/td>\n<\/tr>\n<tr>\n<td valign=\"top\" width=\"104\"><em>Heure de la fin<\/em><\/td>\n<td valign=\"top\" width=\"339\">15 h 00<\/td>\n<\/tr>\n<tr>\n<td valign=\"top\" width=\"104\"><em>Langue<\/em><\/td>\n<td valign=\"top\" width=\"339\">Deux visites sont offertes\u00a0: une en fran\u00e7ais et une en anglais<\/td>\n<\/tr>\n<tr>\n<td valign=\"top\" width=\"104\"><em>Lieu de d\u00e9part<\/em><\/td>\n<td valign=\"top\" width=\"339\">Bain Saint-Michel, 5300, rue Saint-Dominique (angle de la rue Maguire), m\u00e9tro Laurier, autobus 51, 55<\/td>\n<\/tr>\n<tr>\n<td valign=\"top\" width=\"104\"><em>Lieu de fin<\/em><\/td>\n<td valign=\"top\" width=\"339\">Champ des Possibles (\u00e0 l\u2019est de l\u2019angle des rues Saint-Viateur et de Gasp\u00e9), m\u00e9tro Laurier, autobus 51, 55<\/td>\n<\/tr>\n<tr>\n<td valign=\"top\" width=\"104\"><em>Co\u00fbt<\/em><\/td>\n<td valign=\"top\" width=\"339\">Gratuite<\/td>\n<\/tr>\n<tr>\n<td valign=\"top\" width=\"104\"><em>R\u00e9servations<\/em><\/td>\n<td valign=\"top\" width=\"339\">Non<\/td>\n<\/tr>\n<tr>\n<td valign=\"top\" width=\"104\"><em>Renseignements<\/em><\/td>\n<td valign=\"top\" width=\"339\"><a href=\"http:\/\/www.amisboulevardstlaurent.com\/\">www.amisboulevardstlaurent.com<\/a> \/ <a href=\"http:\/\/memoire.mile-end.qc.ca\/\">www.mile-end.qc.ca<\/a><\/td>\n<\/tr>\n<\/tbody>\n<\/table>\n<p><strong><br \/>\n<\/strong><\/p>","protected":false},"excerpt":{"rendered":"<p>ACTIVIT\u00c9S GRATUITES ORGANIS\u00c9ES PAR M\u00c9MOIRE DU MILE END ET LES AMIS DU BOULEVARD SAINT-LAURENT DANS LE CADRE DE L\u2019OPAM (Op\u00e9ration patrimoine architectural de Montr\u00e9al) \u00a02010 ET DES JOURN\u00c9ES DE LA CULTURE 2010 N.B. Chacune de ces visites sera offerte en anglais et en fran\u00e7ais (en groupes distinctes). VISITE 1 Organisme(s) Les Amis du boulevard Saint-Laurent [&hellip;]<\/p>\n","protected":false},"author":4,"featured_media":0,"comment_status":"closed","ping_status":"open","sticky":false,"template":"","format":"standard","meta":[],"categories":[5],"tags":[],"_links":{"self":[{"href":"http:\/\/memoire.mile-end.qc.ca\/fr\/wp-json\/wp\/v2\/posts\/477"}],"collection":[{"href":"http:\/\/memoire.mile-end.qc.ca\/fr\/wp-json\/wp\/v2\/posts"}],"about":[{"href":"http:\/\/memoire.mile-end.qc.ca\/fr\/wp-json\/wp\/v2\/types\/post"}],"author":[{"embeddable":true,"href":"http:\/\/memoire.mile-end.qc.ca\/fr\/wp-json\/wp\/v2\/users\/4"}],"replies":[{"embeddable":true,"href":"http:\/\/memoire.mile-end.qc.ca\/fr\/wp-json\/wp\/v2\/comments?post=477"}],"version-history":[{"count":2,"href":"http:\/\/memoire.mile-end.qc.ca\/fr\/wp-json\/wp\/v2\/posts\/477\/revisions"}],"predecessor-version":[{"id":2294,"href":"http:\/\/memoire.mile-end.qc.ca\/fr\/wp-json\/wp\/v2\/posts\/477\/revisions\/2294"}],"wp:attachment":[{"href":"http:\/\/memoire.mile-end.qc.ca\/fr\/wp-json\/wp\/v2\/media?parent=477"}],"wp:term":[{"taxonomy":"category","embeddable":true,"href":"http:\/\/memoire.mile-end.qc.ca\/fr\/wp-json\/wp\/v2\/categories?post=477"},{"taxonomy":"post_tag","embeddable":true,"href":"http:\/\/memoire.mile-end.qc.ca\/fr\/wp-json\/wp\/v2\/tags?post=477"}],"curies":[{"name":"wp","href":"https:\/\/api.w.org\/{rel}","templated":true}]}}