{"id":487,"date":"2010-11-03T10:32:23","date_gmt":"2010-11-03T14:32:23","guid":{"rendered":"http:\/\/mile-end.qc.ca\/?p=487"},"modified":"2013-12-27T20:59:11","modified_gmt":"2013-12-28T01:59:11","slug":"conference-la-construction-et-la-demolition-dune-paroisse-milendoise","status":"publish","type":"post","link":"http:\/\/memoire.mile-end.qc.ca\/fr\/conference-la-construction-et-la-demolition-dune-paroisse-milendoise\/","title":{"rendered":"Conf\u00e9rence: La construction et la d\u00e9molition d&#8217;une paroisse milendoise"},"content":{"rendered":"<p><strong>La construction et la d\u00e9molition d\u2019une paroisse milendoise\u00a0: La Communaut\u00e9 Saint-Georges<em>, 1908-1991<\/em><\/strong><\/p>\n<p><strong><em>Jean-Beno\u00eet Bourdeau, architecte<\/em><\/strong><strong><em> sp\u00e9cialis\u00e9 en conservation du patrimoine<\/em><\/strong><\/p>\n<p>Cette conf\u00e9rence raconte l\u2019histoire d\u2019une communaut\u00e9 catholique aujourd\u2019hui disparue et une r\u00e9flexion sur la reconnaissance d\u2019un patrimoine intangible sur\u00a0<strong>le site de l\u2019\u00e9cole Lambert-Closse<\/strong> (sur la rue Bernard entre les rues Waverly et Saint-Urbain). Elle sera suivie par la projection du film sur la d\u00e9molition de l\u2019\u00e9glise,\u00a0<strong><em>Tranquillement pas vite<\/em><\/strong>, r\u00e9alis\u00e9 par Guy F. C\u00f4t\u00e9 pour l\u2019ONF en 1972.\u00a0<em> <strong> <\/strong><\/em><\/p>\n<p><em> <\/em><\/p>\n<p><em>Date et heure\u00a0:<br \/>\n<\/em><strong>Le dimanche 7 novembre 2010, 15 h 00 \u00e0 16 h 30<\/strong><\/p>\n<p><em>Lieu\u00a0:<br \/>\n<\/em><strong>YMCA du Parc, 5550, avenue du Parc, \u00e0 l\u2019angle de la rue Saint-Viateur (autobus 80)<\/strong><\/p>\n<p><em>Co\u00fbt\u00a0:<br \/>\n<\/em><strong>Gratuit<\/strong><\/p>\n<p><em>Langues\u00a0:<br \/>\n<\/em><strong>La conf\u00e9rence sera en fran\u00e7ais et la discussion sera en fran\u00e7ais et en anglais.<\/strong><\/p>\n<p><em>R\u00e9servations\u00a0:<br \/>\n<\/em><strong>Pas n\u00e9cessaires<\/strong><\/p>\n<p><em>Renseignements\u00a0:<br \/>\n<\/em><strong><a href=\"mailto:info@mile-end.qc.ca\">info@mile-end.qc.ca<\/a><\/strong><\/p>\n<p><em> <\/em><\/p>\n<p><em>*\u00a0<strong>M\u00e9moire du Mile End<\/strong><\/em> est un organisme \u00e0 but non lucratif d\u00e9di\u00e9 au patrimoine, \u00e0 l\u2019histoire et \u00e0 la culture du quartier Mile End. Son programme d\u2019activit\u00e9s de l\u2019hiver 2011 sera disponible sous peu.<\/p>\n<p>Sa prochaine activit\u00e9, une conf\u00e9rence intitul\u00e9e\u00a0<strong><em>Mile End en chantier, 1895-1910<\/em><\/strong>, aura lieu le\u00a0<strong>dimanche 5 d\u00e9cembre 2010<\/strong>, \u00e0 la biblioth\u00e8que du Mile End, \u00e0 15 h 00.<\/p>","protected":false},"excerpt":{"rendered":"<p>La construction et la d\u00e9molition d\u2019une paroisse milendoise\u00a0: La Communaut\u00e9 Saint-Georges, 1908-1991 Jean-Beno\u00eet Bourdeau, architecte sp\u00e9cialis\u00e9 en conservation du patrimoine Cette conf\u00e9rence raconte l\u2019histoire d\u2019une communaut\u00e9 catholique aujourd\u2019hui disparue et une r\u00e9flexion sur la reconnaissance d\u2019un patrimoine intangible sur\u00a0le site de l\u2019\u00e9cole Lambert-Closse (sur la rue Bernard entre les rues Waverly et Saint-Urbain). Elle sera [&hellip;]<\/p>\n","protected":false},"author":4,"featured_media":0,"comment_status":"closed","ping_status":"closed","sticky":false,"template":"","format":"standard","meta":[],"categories":[1,3],"tags":[],"_links":{"self":[{"href":"http:\/\/memoire.mile-end.qc.ca\/fr\/wp-json\/wp\/v2\/posts\/487"}],"collection":[{"href":"http:\/\/memoire.mile-end.qc.ca\/fr\/wp-json\/wp\/v2\/posts"}],"about":[{"href":"http:\/\/memoire.mile-end.qc.ca\/fr\/wp-json\/wp\/v2\/types\/post"}],"author":[{"embeddable":true,"href":"http:\/\/memoire.mile-end.qc.ca\/fr\/wp-json\/wp\/v2\/users\/4"}],"replies":[{"embeddable":true,"href":"http:\/\/memoire.mile-end.qc.ca\/fr\/wp-json\/wp\/v2\/comments?post=487"}],"version-history":[{"count":3,"href":"http:\/\/memoire.mile-end.qc.ca\/fr\/wp-json\/wp\/v2\/posts\/487\/revisions"}],"predecessor-version":[{"id":2288,"href":"http:\/\/memoire.mile-end.qc.ca\/fr\/wp-json\/wp\/v2\/posts\/487\/revisions\/2288"}],"wp:attachment":[{"href":"http:\/\/memoire.mile-end.qc.ca\/fr\/wp-json\/wp\/v2\/media?parent=487"}],"wp:term":[{"taxonomy":"category","embeddable":true,"href":"http:\/\/memoire.mile-end.qc.ca\/fr\/wp-json\/wp\/v2\/categories?post=487"},{"taxonomy":"post_tag","embeddable":true,"href":"http:\/\/memoire.mile-end.qc.ca\/fr\/wp-json\/wp\/v2\/tags?post=487"}],"curies":[{"name":"wp","href":"https:\/\/api.w.org\/{rel}","templated":true}]}}