{"id":492,"date":"2010-11-28T18:00:46","date_gmt":"2010-11-28T23:00:46","guid":{"rendered":"http:\/\/mile-end.qc.ca\/?p=492"},"modified":"2013-12-27T20:57:25","modified_gmt":"2013-12-28T01:57:25","slug":"le-mile-end-en-chantier-1895-1910","status":"publish","type":"post","link":"http:\/\/memoire.mile-end.qc.ca\/fr\/le-mile-end-en-chantier-1895-1910\/","title":{"rendered":"Le Mile End en chantier, 1895-1910"},"content":{"rendered":"<p><strong>Le Mile End en chantier, 1895-1910<br \/>\n<\/strong><strong><em>Susan Bronson, architecte et historienne<\/em><\/strong><\/p>\n<p><strong> <\/strong><\/p>\n<p><strong> <\/strong><\/p>\n<p><strong><em>M\u00e9moire du Mile End* <\/em><\/strong>vous invite \u00e0 une pr\u00e9sentation qui soulignera le centenaire d\u2019un tournant dans l\u2019histoire de notre quartier\u00a0: l\u2019annexion, le 1<sup>er<\/sup> janvier 1910, de la Ville de Saint-Louis par la Ville de Montr\u00e9al. Cette conf\u00e9rence illustr\u00e9e examinera les 15 ann\u00e9es avant l\u2019annexion, p\u00e9riode pendant laquelle cette ancienne banlieue a v\u00e9cu un d\u00e9veloppement urbain rapide, un extraordinaire \u00ab\u00a0boom\u00a0\u00bb de construction et une croissance de la population sans pr\u00e9c\u00e9dent. Pendant cette phase, le caract\u00e8re distinct du paysage urbain du Mile End s\u2019est d\u00e9fini et a pris forme.<strong> <\/strong><\/p>\n<p><em> <\/em><\/p>\n<p><em>Date et heure\u00a0:<br \/>\n<\/em><strong>Le dimanche 5 d\u00e9cembre 2010, de 15 h 00 \u00e0 16 h 15<\/strong><\/p>\n<p><em>Lieu\u00a0:<br \/>\n<\/em><strong>Biblioth\u00e8que du Mile End, 5434, avenue du Parc, au sud de la rue Saint-Viateur (autobus 80)<\/strong><\/p>\n<p><em>Co\u00fbt\u00a0:<br \/>\n<\/em><strong>Gratuit<\/strong><\/p>\n<p><em>Langues\u00a0:<br \/>\n<\/em><strong>La conf\u00e9rence sera majoritairement en fran\u00e7ais, avec quelques sections en anglais, et la discussion sera en fran\u00e7ais et en anglais<\/strong><\/p>\n<p><em>R\u00e9servations\u00a0:<br \/>\n<\/em><strong>Pas n\u00e9cessaires<\/strong><\/p>\n<p><em>Renseignements\u00a0:<br \/>\n<\/em><strong><a href=\"mailto:info@mile-end.qc.ca\">info@mile-end.qc.ca<\/a><\/strong><\/p>\n<p><em> <\/em><\/p>\n<p><em>*\u00a0<strong>M\u00e9moire du Mile End<\/strong><\/em> est un organisme \u00e0 but\u00a0\u00a0non lucratif d\u00e9di\u00e9 au patrimoine, \u00e0 l\u2019histoire et \u00e0 la culture du quartier Mile End. Son programme d\u2019activit\u00e9s pour 2011 sera disponible sous peu.<\/p>","protected":false},"excerpt":{"rendered":"<p>Le Mile End en chantier, 1895-1910 Susan Bronson, architecte et historienne M\u00e9moire du Mile End* vous invite \u00e0 une pr\u00e9sentation qui soulignera le centenaire d\u2019un tournant dans l\u2019histoire de notre quartier\u00a0: l\u2019annexion, le 1er janvier 1910, de la Ville de Saint-Louis par la Ville de Montr\u00e9al. Cette conf\u00e9rence illustr\u00e9e examinera les 15 ann\u00e9es avant l\u2019annexion, [&hellip;]<\/p>\n","protected":false},"author":4,"featured_media":0,"comment_status":"closed","ping_status":"closed","sticky":false,"template":"","format":"standard","meta":[],"categories":[1,3],"tags":[],"_links":{"self":[{"href":"http:\/\/memoire.mile-end.qc.ca\/fr\/wp-json\/wp\/v2\/posts\/492"}],"collection":[{"href":"http:\/\/memoire.mile-end.qc.ca\/fr\/wp-json\/wp\/v2\/posts"}],"about":[{"href":"http:\/\/memoire.mile-end.qc.ca\/fr\/wp-json\/wp\/v2\/types\/post"}],"author":[{"embeddable":true,"href":"http:\/\/memoire.mile-end.qc.ca\/fr\/wp-json\/wp\/v2\/users\/4"}],"replies":[{"embeddable":true,"href":"http:\/\/memoire.mile-end.qc.ca\/fr\/wp-json\/wp\/v2\/comments?post=492"}],"version-history":[{"count":3,"href":"http:\/\/memoire.mile-end.qc.ca\/fr\/wp-json\/wp\/v2\/posts\/492\/revisions"}],"predecessor-version":[{"id":2285,"href":"http:\/\/memoire.mile-end.qc.ca\/fr\/wp-json\/wp\/v2\/posts\/492\/revisions\/2285"}],"wp:attachment":[{"href":"http:\/\/memoire.mile-end.qc.ca\/fr\/wp-json\/wp\/v2\/media?parent=492"}],"wp:term":[{"taxonomy":"category","embeddable":true,"href":"http:\/\/memoire.mile-end.qc.ca\/fr\/wp-json\/wp\/v2\/categories?post=492"},{"taxonomy":"post_tag","embeddable":true,"href":"http:\/\/memoire.mile-end.qc.ca\/fr\/wp-json\/wp\/v2\/tags?post=492"}],"curies":[{"name":"wp","href":"https:\/\/api.w.org\/{rel}","templated":true}]}}