{"id":5051,"date":"2019-06-05T21:34:20","date_gmt":"2019-06-06T01:34:20","guid":{"rendered":"https:\/\/memoire.mile-end.qc.ca\/?p=5051"},"modified":"2019-06-05T21:34:20","modified_gmt":"2019-06-06T01:34:20","slug":"assemblee-generale-annuelle-2018-19","status":"publish","type":"post","link":"http:\/\/memoire.mile-end.qc.ca\/fr\/assemblee-generale-annuelle-2018-19\/","title":{"rendered":"Assembl\u00e9e g\u00e9n\u00e9rale annuelle 2018-19"},"content":{"rendered":"<p><strong>Mardi 18 juin 2019, 17 h 30<\/strong><\/p>\n<p><strong>restaurant La Kha\u00efma<\/strong><br \/>\n<strong>142 avenue Fairmount Ouest<\/strong><\/p>\n<p>Tous nos amis sont bienvenus ! Voici l&#8217;ordre du jour propos\u00e9 :<\/p>\n<p>1. Ouverture de l&#8217;Assembl\u00e9e et adoption de l&#8217;ordre du jour<br \/>\n2. Adoption du proc\u00e8s-verbal de l&#8217;AGA du 28 octobre 2018<br \/>\n3. Pr\u00e9sentation du rapport d&#8217;activit\u00e9s 2018 et questions<br \/>\n4. Pr\u00e9sentation des \u00e9tats financiers 2018 et questions<br \/>\n5. Amendements aux statuts*<br \/>\n6. \u00c9lections des administrateurs pour 2019-2020<br \/>\n7. Lev\u00e9e de l&#8217;assembl\u00e9e<\/p>\n<p>Des bouch\u00e9es seront servies.<\/p>\n<p>* <em>Informations sur les amendements aux statuts<\/em><br \/>\nNous proposons des changements aux statuts de l&#8217;organisme dans le but de s&#8217;adapter \u00e0 la possibilit\u00e9 que certains membres actifs puissent ne pas vouloir si\u00e9ger sur le Conseil d&#8217;administration mais\u00a0souhaiter quand m\u00eame contribuer aux programmes et aux activit\u00e9s de l&#8217;organisme. Les membres actifs\u00a0auraient le droit notamment d&#8217;assister aux r\u00e9unions du conseil d&#8217;administration. Les administrateurs seront recrut\u00e9s parmi les membres actifs.<\/p>\n<p>D&#8217;autres changements, mineurs, sont aussi propos\u00e9s pour mieux traduire le fonctionnement de l&#8217;organisme, pour corriger des fautes d&#8217;orthographe et pour instituer une (modique) cotisation annuelle pour les membres actifs. Le conseil d&#8217;administration fixerait la cotisation anuelle \u00e0 10$. Si un membre actif\u00a0voulait\u00a0recevoir nos communications par la poste, la cotisation serait de 50$ afin de compenser les co\u00fbts de manutention.<\/p>\n<p><a href=\"http:\/\/memoire.mile-end.qc.ca\/wp-content\/uploads\/MME-reglements-AGA-2019.doc\">Cliquez ici<\/a> pour consulter les statuts complets en format Word avec suivi de modifications<\/p>","protected":false},"excerpt":{"rendered":"<p>Mardi 18 juin 2019, 17 h 30 restaurant La Kha\u00efma 142 avenue Fairmount Ouest Tous nos amis sont bienvenus ! Voici l&#8217;ordre du jour propos\u00e9 : 1. Ouverture de l&#8217;Assembl\u00e9e et adoption de l&#8217;ordre du jour 2. Adoption du proc\u00e8s-verbal de l&#8217;AGA du 28 octobre 2018 3. Pr\u00e9sentation du rapport d&#8217;activit\u00e9s 2018 et questions 4. [&hellip;]<\/p>\n","protected":false},"author":3,"featured_media":0,"comment_status":"open","ping_status":"open","sticky":false,"template":"","format":"standard","meta":[],"categories":[1],"tags":[],"_links":{"self":[{"href":"http:\/\/memoire.mile-end.qc.ca\/fr\/wp-json\/wp\/v2\/posts\/5051"}],"collection":[{"href":"http:\/\/memoire.mile-end.qc.ca\/fr\/wp-json\/wp\/v2\/posts"}],"about":[{"href":"http:\/\/memoire.mile-end.qc.ca\/fr\/wp-json\/wp\/v2\/types\/post"}],"author":[{"embeddable":true,"href":"http:\/\/memoire.mile-end.qc.ca\/fr\/wp-json\/wp\/v2\/users\/3"}],"replies":[{"embeddable":true,"href":"http:\/\/memoire.mile-end.qc.ca\/fr\/wp-json\/wp\/v2\/comments?post=5051"}],"version-history":[{"count":1,"href":"http:\/\/memoire.mile-end.qc.ca\/fr\/wp-json\/wp\/v2\/posts\/5051\/revisions"}],"predecessor-version":[{"id":5053,"href":"http:\/\/memoire.mile-end.qc.ca\/fr\/wp-json\/wp\/v2\/posts\/5051\/revisions\/5053"}],"wp:attachment":[{"href":"http:\/\/memoire.mile-end.qc.ca\/fr\/wp-json\/wp\/v2\/media?parent=5051"}],"wp:term":[{"taxonomy":"category","embeddable":true,"href":"http:\/\/memoire.mile-end.qc.ca\/fr\/wp-json\/wp\/v2\/categories?post=5051"},{"taxonomy":"post_tag","embeddable":true,"href":"http:\/\/memoire.mile-end.qc.ca\/fr\/wp-json\/wp\/v2\/tags?post=5051"}],"curies":[{"name":"wp","href":"https:\/\/api.w.org\/{rel}","templated":true}]}}