{"id":5056,"date":"2019-07-06T17:51:19","date_gmt":"2019-07-06T21:51:19","guid":{"rendered":"http:\/\/memoire.mile-end.qc.ca\/?p=5056"},"modified":"2019-10-09T23:51:59","modified_gmt":"2019-10-10T03:51:59","slug":"visites-a-pied-2019","status":"publish","type":"post","link":"http:\/\/memoire.mile-end.qc.ca\/fr\/visites-a-pied-2019\/","title":{"rendered":"Visites \u00e0 pied 2019"},"content":{"rendered":"<p>M\u00e9moire du Mile End offre cette ann\u00e9e huit visites \u00e0 pied dans le quartier, certains dimanches (ou samedis) apr\u00e8s-midi \u00e0 14h, entre le 16 juin et le 13 octobre. R\u00e9servation non requise.<\/p>\n<p>Une contribution volontaire sera demand\u00e9e pour financer nos activit\u00e9s (suggestion : 10$).<\/p>\n<ul>\n<li>dimanche <strong>13 octobre \u2013 <a href=\"http:\/\/memoire.mile-end.qc.ca\/visite-le-mile-end-juif-contemporain\/\">Le Mile End juif contemporain<\/a><\/strong> \u2013 fran\u00e7ais et anglais<\/li>\n<\/ul>\n<hr \/>\n<h3>D\u00e9j\u00e0 pass\u00e9es<\/h3>\n<ul>\n<li>dimanche <strong>16 juin, 14 h \u2013 L\u2019avenue du Parc<\/strong> \u2013 fran\u00e7ais et anglais<\/li>\n<\/ul>\n<p>L\u2019avenue du Parc est consid\u00e9r\u00e9e par certains comme la malaim\u00e9e du Mile End. Mais pour celui qui prend le temps de la parcourir, derri\u00e8re son apparent manque d\u2019harmonie, elle r\u00e9v\u00e8le les beaut\u00e9s architecturales du temps o\u00f9 elle \u00e9tait une avenue r\u00e9sidentielle de prestige et les richesses du m\u00e9lange des communaut\u00e9s qui ont fait l\u2019histoire du Mile End.<\/p>\n<p>Circuit \u00e0 pied en fran\u00e7ais et en anglais d&#8217;environ 90 minutes, anim\u00e9 par Yves Desjardins et Melanie Groh.<\/p>\n<p>Point de d\u00e9part :\u00a0Parc Jeanne-Mance, coin Mont-Royal et Parc (devant la fontaine Rubenstein)<\/p>\n<hr \/>\n<ul>\n<li>dimanche <strong>7 juillet, 14 h \u2013 Le patrimoine religieux du Mile End<\/strong> \u2013 fran\u00e7ais et anglais<\/li>\n<\/ul>\n<p>Le patrimoine religieux du Mile End t\u00e9moigne de la remarquable diversit\u00e9 du quartier. Souvent le m\u00eame \u00e9difice a eu plusieurs vocations : des temples protestants sont devenus synagogues ; d\u2019autres ont maintenant une vocation communautaire.<\/p>\n<p>Un voyage dans le temps pour d\u00e9couvrir les liens qui unissent pass\u00e9 et pr\u00e9sent! Circuit \u00e0 pied\u00a0anim\u00e9 par Yves Desjardins et Joshua Wolfe.<\/p>\n<p>Point de d\u00e9part :\u00a0Parc Lahaie, devant l&#8217;\u00e9glise Saint-Enfant-J\u00e9sus<\/p>\n<hr \/>\n<ul>\n<li>dimanche <strong>21 juillet, 14 h \u2013 Les transformations de l&#8217;est du Mile End<\/strong>\u00a0\u2013 fran\u00e7ais<\/li>\n<\/ul>\n<p>Aujourd\u2019hui, le nord-est du Mile End \u2013 aussi nomm\u00e9 secteur Saint-Viateur Est \u2013 est surtout connu pour ses gros immeubles en b\u00e9ton, surnomm\u00e9s m\u00e9gastructures, et pour son espace naturel prot\u00e9g\u00e9, le Champ des Possibles. Mais jusqu\u2019\u00e0 tout r\u00e9cemment, on ne savait \u00e0 peu pr\u00e8s rien de l\u2019histoire ancienne de ce secteur, \u00e0 part l\u2019empreinte laiss\u00e9e par la voie ferr\u00e9e. Des carri\u00e8res de pierre transform\u00e9es en d\u00e9potoirs et en \u00e9tangs, jusqu\u2019aux immenses cours \u00e0 rebuts du milieu du XXe si\u00e8cle d\u00e9nonc\u00e9es par le voisinage, en passant par une pi\u00e8ce de th\u00e9\u00e2tre avant-gardiste qui fit date, venez d\u00e9couvrir avec nous le fruit de nos derni\u00e8res recherches sur l\u2019histoire du quartier. Elles vous r\u00e9serveront plein de surprises !<\/p>\n<p>Visite anim\u00e9e par Yves Desjardins. Offerte en suppl\u00e9mentaire, apr\u00e8s le tr\u00e8s grand succ\u00e8s de la premi\u00e8re \u00e9dition, lors des Promenades de Jane 2019.<\/p>\n<p>Point de d\u00e9part : 77 rue Bernard Est (intersection des rues Bernard et Saint-Dominique)<\/p>\n<hr \/>\n<ul>\n<li>dimanche <strong>28 juillet, 14 h \u2013 Trac\u00e9s fondateurs 1<\/strong>: Le (vrai) chemin des carri\u00e8res \u2013 fran\u00e7ais<\/li>\n<\/ul>\n<p>Nous d\u00e9couvrirons l\u2019ancien chemin des Carri\u00e8res, le plus ancien chemin du Plateau et du Mile End, trac\u00e9 au d\u00e9but du 18e si\u00e8cle. Le parcours irr\u00e9gulier du chemin des Carri\u00e8res rappelle les tanneries et carri\u00e8res \u00e0 l&#8217;origine du village de la C\u00f4te-Saint-Louis. En remarquant les indices laiss\u00e9s par diff\u00e9rentes \u00e9poques, on explore sa transformation en quartier urbain. De nos jours \u2013 depuis 1935 \u2013 le trac\u00e9 que nous allons explorer fait partie des rues Gilford et Berri.<\/p>\n<p>Visite anim\u00e9e par Justin Bur. Offerte pour la premi\u00e8re fois lors des Promenades de Jane 2012.<\/p>\n<p>Point de d\u00e9part : devant l&#8217;\u00e9difice des Jeunesses Musicales du Canada, 305 avenue du Mont-Royal (autobus 97, m\u00e9tro Mont-Royal)<\/p>\n<hr \/>\n<ul>\n<li>dimanche <strong>11 ao\u00fbt, 14 h \u2013 Trac\u00e9s fondateurs 2<\/strong>: La <i>Main<\/i>, de Montr\u00e9al \u00e0 Mile End* \u2013 fran\u00e7ais<\/li>\n<\/ul>\n<p>Entre l\u2019ancienne limite de la ville de Montr\u00e9al et l\u2019\u00e9glise du Mile End, le chemin Saint-Laurent est depuis trois si\u00e8cles la voie de circulation principale. C\u2019est le long du chemin que le d\u00e9veloppement urbain s\u2019est propag\u00e9 pour cr\u00e9er les villages de Saint-Jean-Baptiste et Saint-Louis-du-Mile End. Devenue boulevard Saint-Laurent en 1905, la rue est encore un axe important de la diversit\u00e9 et la cr\u00e9ativit\u00e9 montr\u00e9alaises. Une promenade \u00e0 la d\u00e9couverte des traces du pass\u00e9 et du dynamisme du pr\u00e9sent, de l\u2019architecture, l\u2019histoire, les cultures, et le patrimoine d\u2019un petit segment d\u2019une grande rue.<\/p>\n<p>Visite anim\u00e9e par Justin Bur. Offerte pour la premi\u00e8re fois lors des Promenades de Jane 2016.<\/p>\n<p>Point de d\u00e9part :\u00a0devant le Bain Schubert, 3950 boulevard Saint-Laurent (autobus 55).<\/p>\n<p>*D\u2019autres visites du boulevard Saint-Laurent sont offertes par <a href=\"http:\/\/amisboulevardstlaurent.com\/2019\/05\/marcher-l\u2019histoire-de-la-main-decouvrir-le-boulevard-saint-laurent-en-trois-circuits\/\">Les Amis du boulevard Saint-Laurent<\/a><\/p>\n<hr \/>\n<ul>\n<li>dimanche <strong>25 ao\u00fbt \u2013 Trac\u00e9s fondateurs 3<\/strong>: L\u2019avenue du Mont-Royal \u2013 fran\u00e7ais<\/li>\n<\/ul>\n<p>Cette promenade sur les plus anciens tron\u00e7ons de l\u2019avenue du Mont-Royal exhumera l\u2019histoire de lieux disparus : les tanneries des B\u00e9lair, les terrains de l\u2019exposition agricole provinciale, et le terminus de tramway \u00e0 l\u2019intersection des avenues du Parc et Mont-Royal. Elle vous fera \u00e9galement d\u00e9couvrir des b\u00e2timents toujours pr\u00e9sents mais dont il ne reste plus de trace de la vocation originelle, tel le magasin \u00e0 rayons Le Mont-Royal.<\/p>\n<p>Visite anim\u00e9e par Justin Bur et Yves Desjardins.\u00a0Offerte pour la premi\u00e8re fois dans le cadre des Promenades sur le Plateau, F\u00eates du 375e de Montr\u00e9al, 2017<\/p>\n<p>Point de d\u00e9part :\u00a0Parvis de la station de m\u00e9tro Mont-Royal<\/p>\n<hr \/>\n<ul>\n<li>samedi <strong>28 septembre \u2013 Visite litt\u00e9raire et historique du Mile End<\/strong> \u2013 fran\u00e7ais et anglais, dans le cadre des <a href=\"https:\/\/www.journeesdelaculture.qc.ca\/activites\/visite-historique-et-litteraire-du-mile-end\">Journ\u00e9es de la culture<\/a><\/li>\n<\/ul>\n<p>M\u00e9moire du Mile End pr\u00e9sente sa populaire visite historique et litt\u00e9raire du Mile End.<br \/>\nRed\u00e9couvrez le quartier \u00e0 travers les \u00e9crits qui le mettent \u00e0 l&#8217;honneur. Au fil de la litt\u00e9rature mile-endoise, d\u00e9couvrez l&#8217;histoire et les lieux qui ont inspir\u00e9 de nombreux auteurs et artistes.<\/p>\n<p>Il y aura deux groupes, un en fran\u00e7ais et l\u2019autre en anglais.<\/p>\n<p>Le d\u00e9part se fait \u00e0 la biblioth\u00e8que Mordecai-Richler. Le circuit est une boucle de 2h qui termine \u00e0 la biblioth\u00e8que. Sur place, vous pourrez consulter et emprunter les ouvrages cit\u00e9s pendant la visite!<\/p>\n<p>L&#8217;inscription se fait aupr\u00e8s de la biblioth\u00e8que: 514 872-2142 ou 514 872-6984<\/p>\n<hr \/>\n<p><\/p>","protected":false},"excerpt":{"rendered":"<p>M\u00e9moire du Mile End offre cette ann\u00e9e huit visites \u00e0 pied dans le quartier, certains dimanches (ou samedis) apr\u00e8s-midi \u00e0 14h, entre le 16 juin et le 13 octobre. R\u00e9servation non requise. Une contribution volontaire sera demand\u00e9e pour financer nos activit\u00e9s (suggestion : 10$). dimanche 13 octobre \u2013 Le Mile End juif contemporain \u2013 fran\u00e7ais [&hellip;]<\/p>\n","protected":false},"author":2,"featured_media":0,"comment_status":"open","ping_status":"open","sticky":false,"template":"","format":"standard","meta":[],"categories":[1,5],"tags":[],"_links":{"self":[{"href":"http:\/\/memoire.mile-end.qc.ca\/fr\/wp-json\/wp\/v2\/posts\/5056"}],"collection":[{"href":"http:\/\/memoire.mile-end.qc.ca\/fr\/wp-json\/wp\/v2\/posts"}],"about":[{"href":"http:\/\/memoire.mile-end.qc.ca\/fr\/wp-json\/wp\/v2\/types\/post"}],"author":[{"embeddable":true,"href":"http:\/\/memoire.mile-end.qc.ca\/fr\/wp-json\/wp\/v2\/users\/2"}],"replies":[{"embeddable":true,"href":"http:\/\/memoire.mile-end.qc.ca\/fr\/wp-json\/wp\/v2\/comments?post=5056"}],"version-history":[{"count":5,"href":"http:\/\/memoire.mile-end.qc.ca\/fr\/wp-json\/wp\/v2\/posts\/5056\/revisions"}],"predecessor-version":[{"id":5149,"href":"http:\/\/memoire.mile-end.qc.ca\/fr\/wp-json\/wp\/v2\/posts\/5056\/revisions\/5149"}],"wp:attachment":[{"href":"http:\/\/memoire.mile-end.qc.ca\/fr\/wp-json\/wp\/v2\/media?parent=5056"}],"wp:term":[{"taxonomy":"category","embeddable":true,"href":"http:\/\/memoire.mile-end.qc.ca\/fr\/wp-json\/wp\/v2\/categories?post=5056"},{"taxonomy":"post_tag","embeddable":true,"href":"http:\/\/memoire.mile-end.qc.ca\/fr\/wp-json\/wp\/v2\/tags?post=5056"}],"curies":[{"name":"wp","href":"https:\/\/api.w.org\/{rel}","templated":true}]}}