{"id":5100,"date":"2019-10-11T23:54:46","date_gmt":"2019-10-12T03:54:46","guid":{"rendered":"http:\/\/memoire.mile-end.qc.ca\/?p=5100"},"modified":"2022-09-11T23:42:00","modified_gmt":"2022-09-12T03:42:00","slug":"brasserie-frontenac","status":"publish","type":"post","link":"http:\/\/memoire.mile-end.qc.ca\/fr\/brasserie-frontenac\/","title":{"rendered":"Brasserie Frontenac"},"content":{"rendered":"<p><em>\u00ab Le meilleur moyen de combattre l&#8217;alcoolisme, ce terrible fl\u00e9au qui ravage nos villes et nos campagnes, c&#8217;est d&#8217;offrir \u00e0 nos populations une bi\u00e8re saine, nutritive, qui renforce au lieu de d\u00e9truire. \u00bb Celui qui s&#8217;exprime ainsi, c&#8217;est Joseph Beaubien, maire d&#8217;Outremont et pr\u00e9sident de la toute nouvelle Brasserie Frontenac, lors de son inauguration, le 15 octobre 1913. Il sent peut-\u00eatre le besoin de se justifier, car, en tant que maire, Joseph Beaubien est un farouche prohibitionniste : pendant toute sa carri\u00e8re \u2013 40 ans ! \u2013 les d\u00e9bits et la vente d\u2019alcool seront interdits \u00e0 Outremont\u2026<\/em><\/p>\n<p>Pour les directeurs de la premi\u00e8re brasserie canadienne-fran\u00e7aise, il s&#8217;agit aussi de profiter de la proximit\u00e9 de la <a href=\"http:\/\/memoire.mile-end.qc.ca\/gare-du-mile-end\/\">gare du Mile End<\/a>, install\u00e9e juste \u00e0 c\u00f4t\u00e9 depuis 1877. La publicit\u00e9 de la brasserie souligne qu\u2019une voie sp\u00e9ciale a \u00e9t\u00e9 construite pour charger directement la bi\u00e8re dans les wagons<a href=\"#_ftn1\" name=\"_ftnref1\">[1]<\/a>. Et si la gare s\u2019est implant\u00e9e \u00e0 cet endroit, c\u2019est gr\u00e2ce aux efforts d\u2019un des directeurs de la brasserie, Louis Beaubien, le p\u00e8re de Joseph. \u00c0 la fois d\u00e9put\u00e9 et grand propri\u00e9taire, il avait us\u00e9 de son influence politique pour que la gare soit construite <a href=\"http:\/\/memoire.mile-end.qc.ca\/4-3-la-famille-beaubien-et-la-gare-du-mile-end\/\">au milieu des terres familiales<\/a>, alors un vaste territoire rural parsem\u00e9 de carri\u00e8res. Une autre entreprise familiale, la Beaubien Realty, y vend depuis pr\u00e8s de 20 ans les lots du \u00ab nouveau quartier ouvrier \u00bb, o\u00f9 duplex et triplex poussent comme des champignons. Dans ses publicit\u00e9s, Frontenac n&#8217;h\u00e9site pas \u00e0 se qualifier de \u00ab Brasserie du peuple \u00bb et fait valoir les conditions de travail extr\u00eamement avantageuses offertes \u00e0 ses employ\u00e9s.<\/p>\n<div id=\"attachment_5101\" style=\"width: 738px\" class=\"wp-caption alignnone\"><img aria-describedby=\"caption-attachment-5101\" loading=\"lazy\" class=\"wp-image-5101 size-large\" src=\"http:\/\/memoire.mile-end.qc.ca\/wp-content\/uploads\/1913_10_17-Devoir_Frontenac-728x1024.jpg\" alt=\"\" width=\"728\" height=\"1024\" srcset=\"http:\/\/memoire.mile-end.qc.ca\/wp-content\/uploads\/1913_10_17-Devoir_Frontenac-728x1024.jpg 728w, http:\/\/memoire.mile-end.qc.ca\/wp-content\/uploads\/1913_10_17-Devoir_Frontenac-427x600.jpg 427w, http:\/\/memoire.mile-end.qc.ca\/wp-content\/uploads\/1913_10_17-Devoir_Frontenac-768x1080.jpg 768w, http:\/\/memoire.mile-end.qc.ca\/wp-content\/uploads\/1913_10_17-Devoir_Frontenac.jpg 1324w\" sizes=\"(max-width: 728px) 100vw, 728px\" \/><p id=\"caption-attachment-5101\" class=\"wp-caption-text\">Publicit\u00e9 parue dans <em>Le Devoir<\/em>, 17 octobre 1913.<\/p><\/div>\n<div id=\"attachment_5102\" style=\"width: 610px\" class=\"wp-caption alignnone\"><img aria-describedby=\"caption-attachment-5102\" loading=\"lazy\" class=\"size-medium wp-image-5102\" src=\"http:\/\/memoire.mile-end.qc.ca\/wp-content\/uploads\/Brasserie_Frontenac_Paquin--600x381.jpg\" alt=\"\" width=\"600\" height=\"381\" srcset=\"http:\/\/memoire.mile-end.qc.ca\/wp-content\/uploads\/Brasserie_Frontenac_Paquin--600x381.jpg 600w, http:\/\/memoire.mile-end.qc.ca\/wp-content\/uploads\/Brasserie_Frontenac_Paquin--768x487.jpg 768w, http:\/\/memoire.mile-end.qc.ca\/wp-content\/uploads\/Brasserie_Frontenac_Paquin--1024x650.jpg 1024w, http:\/\/memoire.mile-end.qc.ca\/wp-content\/uploads\/Brasserie_Frontenac_Paquin-.jpg 1588w\" sizes=\"(max-width: 600px) 100vw, 600px\" \/><p id=\"caption-attachment-5102\" class=\"wp-caption-text\">Carte postale promotionnelle. Pointe-\u00e0-Calli\u00e8re, Cit\u00e9 d&#8217;arch\u00e9ologie et d&#8217;histoire de Montr\u00e9al, Fonds Christian Paquin.<\/p><\/div>\n<div id=\"attachment_5103\" style=\"width: 610px\" class=\"wp-caption alignnone\"><img aria-describedby=\"caption-attachment-5103\" loading=\"lazy\" class=\"size-medium wp-image-5103\" src=\"http:\/\/memoire.mile-end.qc.ca\/wp-content\/uploads\/Camion-livraison-Frontenac-600x297.jpg\" alt=\"\" width=\"600\" height=\"297\" srcset=\"http:\/\/memoire.mile-end.qc.ca\/wp-content\/uploads\/Camion-livraison-Frontenac-600x297.jpg 600w, http:\/\/memoire.mile-end.qc.ca\/wp-content\/uploads\/Camion-livraison-Frontenac-768x381.jpg 768w, http:\/\/memoire.mile-end.qc.ca\/wp-content\/uploads\/Camion-livraison-Frontenac.jpg 1013w\" sizes=\"(max-width: 600px) 100vw, 600px\" \/><p id=\"caption-attachment-5103\" class=\"wp-caption-text\">Camion de livraison de la Brasserie Frontenac, 1920, coin Champlain et Lafontaine. Tir\u00e9 de la <a href=\"http:\/\/villedemtl.ca\/pourboireilfautvendre\/fr\/fiche-item\/rg-1999-450-1948-05\"><em>Revue mensuelle de la National Breweries Limited<\/em>, mai 1948<\/a>.<\/p><\/div>\n<p>Mais une ruineuse guerre de prix entre les brasseries montr\u00e9alaises va mettre fin \u00e0 l&#8217;ind\u00e9pendance de la Brasserie Frontenac d\u00e8s 1926. Affaiblie et peu rentable, la brasserie est vendue, devenant une filiale de la <em>National Breweries<\/em><a href=\"#_ftn2\" name=\"_ftnref2\">[2]<\/a>. Cette derni\u00e8re garde la marque de commerce Frontenac pour cibler le march\u00e9 francophone.<\/p>\n<p>L\u2019un des fils de Joseph Beaubien, Pierre, fait partie de la direction et si\u00e8ge au conseil d\u2019administration. Responsable de la publicit\u00e9, il utilise des techniques de marketing avant-gardistes\u00a0: d\u00e8s les ann\u00e9es 1920, une salle de la brasserie se transforme, le samedi soir, en studio-satellite de la station de radio CKAC.\u00a0 On y diffuse des concerts et la population du secteur est convi\u00e9e pour des soir\u00e9es de danse. C&#8217;est \u00ab L&#8217;heure Frontenac \u00bb, dont Pierre Beaubien est lui-m\u00eame l&#8217;animateur.\u00a0 On le cr\u00e9dite \u00e9galement pour le premier quiz radiophonique qu\u00e9b\u00e9cois, <em>Radio-encyclop\u00e9die Frontenac<\/em>, anim\u00e9 par Roger Baulu.<\/p>\n<div id=\"attachment_5106\" style=\"width: 466px\" class=\"wp-caption alignnone\"><img aria-describedby=\"caption-attachment-5106\" loading=\"lazy\" class=\"size-medium wp-image-5106\" src=\"http:\/\/memoire.mile-end.qc.ca\/wp-content\/uploads\/Frontenac_Lyre_1928-456x600.jpg\" alt=\"\" width=\"456\" height=\"600\" srcset=\"http:\/\/memoire.mile-end.qc.ca\/wp-content\/uploads\/Frontenac_Lyre_1928-456x600.jpg 456w, http:\/\/memoire.mile-end.qc.ca\/wp-content\/uploads\/Frontenac_Lyre_1928-768x1011.jpg 768w, http:\/\/memoire.mile-end.qc.ca\/wp-content\/uploads\/Frontenac_Lyre_1928-778x1024.jpg 778w, http:\/\/memoire.mile-end.qc.ca\/wp-content\/uploads\/Frontenac_Lyre_1928.jpg 971w\" sizes=\"(max-width: 456px) 100vw, 456px\" \/><p id=\"caption-attachment-5106\" class=\"wp-caption-text\">Publicit\u00e9 pour un concert lyrique du studio de la brasserie Frontenac. <em>La Lyre<\/em>, octobre 1928.<\/p><\/div>\n<p>Le groupe <em>Canadian Breweries<\/em> du milliardaire ontarien E. P. Taylor prend le contr\u00f4le de la Frontenac en 1951 comme pr\u00e9lude au rachat de la\u00a0<em>National Breweries<\/em> en 1952. La marque Frontenac est alors abandonn\u00e9e et la brasserie modernis\u00e9e, afin d\u2019introduire au Qu\u00e9bec la bi\u00e8re Carling, jusque-l\u00e0 uniquement vendue en Ontario. Mais les activit\u00e9s de production cessent en 1961 et l\u2019\u00e9difice ne sert plus que de centre de distribution. En 1967, toutes les activit\u00e9s sont consolid\u00e9es \u00e0 la brasserie Dow du centre-ville, rue Notre-Dame (ferm\u00e9e \u00e0 son tour en 1991).<\/p>\n<p>En octobre 1970, la Ville de Montr\u00e9al ach\u00e8te le b\u00e2timent abandonn\u00e9 et le terrain, situ\u00e9 entre les rues Bellechasse, Casgrain, Marmier et de Gasp\u00e9. La Ville veut ainsi profiter des travaux de construction du viaduc Rosemont\u2013Van Horne pour am\u00e9nager une cour de voirie dans ce quadrilat\u00e8re adjacent. Le b\u00e2timent sera d\u00e9moli au printemps 1972.<\/p>\n<p>La Ville de Montr\u00e9al vend le lot \u00e0 la Soci\u00e9t\u00e9 de transport de Montr\u00e9al en septembre 2018. Actuellement, la STM y construit son nouveau Centre de transport Bellechasse, dont l\u2019ouverture est pr\u00e9vue en 2022.<\/p>\n<div id=\"attachment_5846\" style=\"width: 610px\" class=\"wp-caption alignnone\"><img aria-describedby=\"caption-attachment-5846\" loading=\"lazy\" class=\"wp-image-5846 size-medium\" src=\"http:\/\/memoire.mile-end.qc.ca\/wp-content\/uploads\/1913-12-Paul-Ott-Frontenac-Western-Brewer-600x493.png\" alt=\"\" width=\"600\" height=\"493\" srcset=\"http:\/\/memoire.mile-end.qc.ca\/wp-content\/uploads\/1913-12-Paul-Ott-Frontenac-Western-Brewer-600x493.png 600w, http:\/\/memoire.mile-end.qc.ca\/wp-content\/uploads\/1913-12-Paul-Ott-Frontenac-Western-Brewer-1024x842.png 1024w, http:\/\/memoire.mile-end.qc.ca\/wp-content\/uploads\/1913-12-Paul-Ott-Frontenac-Western-Brewer-768x631.png 768w, http:\/\/memoire.mile-end.qc.ca\/wp-content\/uploads\/1913-12-Paul-Ott-Frontenac-Western-Brewer-1536x1263.png 1536w, http:\/\/memoire.mile-end.qc.ca\/wp-content\/uploads\/1913-12-Paul-Ott-Frontenac-Western-Brewer-2048x1684.png 2048w\" sizes=\"(max-width: 600px) 100vw, 600px\" \/><p id=\"caption-attachment-5846\" class=\"wp-caption-text\">L&#8217;architecte new-yorkais de la brasserie, Paul Ott, annonce ses services dans un journal sp\u00e9cialis\u00e9 de l&#8217;industrie de la bi\u00e8re. The Western Brewer, d\u00e9cembre 1913 [Google Books]<\/p><\/div>\n<div id=\"attachment_5104\" style=\"width: 1034px\" class=\"wp-caption aligncenter\"><img aria-describedby=\"caption-attachment-5104\" loading=\"lazy\" class=\"wp-image-5104 size-large\" src=\"http:\/\/memoire.mile-end.qc.ca\/wp-content\/uploads\/10-35-1024x679.jpg\" alt=\"\" width=\"1024\" height=\"679\" srcset=\"http:\/\/memoire.mile-end.qc.ca\/wp-content\/uploads\/10-35-1024x679.jpg 1024w, http:\/\/memoire.mile-end.qc.ca\/wp-content\/uploads\/10-35-600x398.jpg 600w, http:\/\/memoire.mile-end.qc.ca\/wp-content\/uploads\/10-35-768x510.jpg 768w\" sizes=\"(max-width: 1024px) 100vw, 1024px\" \/><p id=\"caption-attachment-5104\" class=\"wp-caption-text\">L&#8217;\u00e9difice de la brasserie, peu de temps avant sa d\u00e9molition, vu du haut du tout nouveau viaduc Rosemont\u2013Van Horne. Photo : Michel Tanguay.<\/p><\/div>\n<div id=\"attachment_5105\" style=\"width: 407px\" class=\"wp-caption aligncenter\"><img aria-describedby=\"caption-attachment-5105\" loading=\"lazy\" class=\"size-medium wp-image-5105\" src=\"http:\/\/memoire.mile-end.qc.ca\/wp-content\/uploads\/14-39-397x600.jpg\" alt=\"\" width=\"397\" height=\"600\" srcset=\"http:\/\/memoire.mile-end.qc.ca\/wp-content\/uploads\/14-39-397x600.jpg 397w, http:\/\/memoire.mile-end.qc.ca\/wp-content\/uploads\/14-39-768x1160.jpg 768w, http:\/\/memoire.mile-end.qc.ca\/wp-content\/uploads\/14-39-678x1024.jpg 678w\" sizes=\"(max-width: 397px) 100vw, 397px\" \/><p id=\"caption-attachment-5105\" class=\"wp-caption-text\">L&#8217;\u00e9difice de la brasserie, peu de temps avant sa d\u00e9molition, vu du haut du viaduc. Photo : Michel Tanguay.<\/p><\/div>\n<p>Deux publicit\u00e9s anciennes sur vieillespubs.com<\/p>\n<ul>\n<li><a href=\"https:\/\/www.vieillespubs.com\/biere-frontenac\/\">Femmes et jeunes filles \u2013\u00a01915<\/a><\/li>\n<li><a href=\"https:\/\/www.vieillespubs.com\/la-brasserie-frontenac-limitee\/\">Essayez la nouvelle India Pale Ale \u2013 1920<\/a><\/li>\n<\/ul>\n<p>Recherche et r\u00e9daction : Yves Desjardins. R\u00e9vision : Justin Bur.<\/p>\n<p>___________________<\/p>\n<h3>Sources<\/h3>\n<ul>\n<li>Bernard Hayes, <em>The Frontenac Brewery Limited, 1911-1972<\/em>, document ron\u00e9otyp\u00e9, S.E., 1988<\/li>\n<li>Pierre Pag\u00e9, <em>Histoire de la radio au Qu\u00e9bec<\/em>, Fides, 2007<\/li>\n<li>\u00ab Le capital industriel de Montr\u00e9al s&#8217;accroit d&#8217;un superbe \u00e9tablissement\u00a0\u00bb, <em>La Patrie<\/em>, 16 octobre 1913<\/li>\n<li>\u00ab Les d\u00e9buts d\u2019une nouvelle maison d\u2019affaires en ville\u00a0\u00bb, <em>La Presse<\/em>, 16 octobre 1913<\/li>\n<li>\u00ab La brasserie du peuple\u00a0\u00bb,\u00a0<em>Le Devoir, <\/em>26 mars 1923.<\/li>\n<li>Archives de la Ville de Montr\u00e9al, Dossier 285.18. Quadrilat\u00e8re born\u00e9 par Bellechasse, Marmier, de Gasp\u00e9 et Casgrain, 25 septembre 1970 au 28 novembre 1972. Fonds Conseil municipal de Montr\u00e9al, CA M001 VM001-04-1-D208.<\/li>\n<\/ul>\n<h3>Notes<\/h3>\n<p><a href=\"#_ftnref1\" name=\"_ftn1\">[1]<\/a> Cette pratique \u00e9tait alors chose courante pour la plupart des usines qui s\u2019\u00e9tablissaient \u00e0 proximit\u00e9 d\u2019une voie ferr\u00e9e. Elles disposaient de voies de dessertes priv\u00e9es qui servaient \u00e0 l\u2019exp\u00e9dition et \u00e0 la livraison des marchandises.<\/p>\n<p><a href=\"#_ftnref2\" name=\"_ftn2\">[2]<\/a>\u00a0La National Breweries \u00e9tait un regroupement de plusieurs brasseries montr\u00e9alaises, sous la gouverne de la famille Dawes, dans un contexte de d\u00e9clin des ventes. Les diff\u00e9rentes marques de commerce ont \u00e9t\u00e9 conserv\u00e9es jusqu\u2019en 1952, ann\u00e9e o\u00f9 le milliardaire E. P. Taylor prit le contr\u00f4le de l\u2019entreprise.<\/p>","protected":false},"excerpt":{"rendered":"<p>\u00ab Le meilleur moyen de combattre l&#8217;alcoolisme, ce terrible fl\u00e9au qui ravage nos villes et nos campagnes, c&#8217;est d&#8217;offrir \u00e0 nos populations une bi\u00e8re saine, nutritive, qui renforce au lieu de d\u00e9truire. \u00bb Celui qui s&#8217;exprime ainsi, c&#8217;est Joseph Beaubien, maire d&#8217;Outremont et pr\u00e9sident de la toute nouvelle Brasserie Frontenac, lors de son inauguration, le [&hellip;]<\/p>\n","protected":false},"author":3,"featured_media":5102,"comment_status":"open","ping_status":"open","sticky":false,"template":"","format":"standard","meta":[],"categories":[41],"tags":[32,20,33],"_links":{"self":[{"href":"http:\/\/memoire.mile-end.qc.ca\/fr\/wp-json\/wp\/v2\/posts\/5100"}],"collection":[{"href":"http:\/\/memoire.mile-end.qc.ca\/fr\/wp-json\/wp\/v2\/posts"}],"about":[{"href":"http:\/\/memoire.mile-end.qc.ca\/fr\/wp-json\/wp\/v2\/types\/post"}],"author":[{"embeddable":true,"href":"http:\/\/memoire.mile-end.qc.ca\/fr\/wp-json\/wp\/v2\/users\/3"}],"replies":[{"embeddable":true,"href":"http:\/\/memoire.mile-end.qc.ca\/fr\/wp-json\/wp\/v2\/comments?post=5100"}],"version-history":[{"count":10,"href":"http:\/\/memoire.mile-end.qc.ca\/fr\/wp-json\/wp\/v2\/posts\/5100\/revisions"}],"predecessor-version":[{"id":5848,"href":"http:\/\/memoire.mile-end.qc.ca\/fr\/wp-json\/wp\/v2\/posts\/5100\/revisions\/5848"}],"wp:featuredmedia":[{"embeddable":true,"href":"http:\/\/memoire.mile-end.qc.ca\/fr\/wp-json\/wp\/v2\/media\/5102"}],"wp:attachment":[{"href":"http:\/\/memoire.mile-end.qc.ca\/fr\/wp-json\/wp\/v2\/media?parent=5100"}],"wp:term":[{"taxonomy":"category","embeddable":true,"href":"http:\/\/memoire.mile-end.qc.ca\/fr\/wp-json\/wp\/v2\/categories?post=5100"},{"taxonomy":"post_tag","embeddable":true,"href":"http:\/\/memoire.mile-end.qc.ca\/fr\/wp-json\/wp\/v2\/tags?post=5100"}],"curies":[{"name":"wp","href":"https:\/\/api.w.org\/{rel}","templated":true}]}}