{"id":5142,"date":"2019-10-05T22:20:25","date_gmt":"2019-10-06T02:20:25","guid":{"rendered":"http:\/\/memoire.mile-end.qc.ca\/?p=5142"},"modified":"2019-10-05T22:20:25","modified_gmt":"2019-10-06T02:20:25","slug":"conference-les-archives-familiales","status":"publish","type":"post","link":"http:\/\/memoire.mile-end.qc.ca\/fr\/conference-les-archives-familiales\/","title":{"rendered":"Conf\u00e9rence &#8211; Les archives familiales"},"content":{"rendered":"<p><\/p>\n<h3>Les archives familiales : la richesse de leur contribution historique et les d\u00e9fis li\u00e9s \u00e0 leur conservation<\/h3>\n<p><strong><img loading=\"lazy\" class=\"alignnone size-medium wp-image-5143\" src=\"http:\/\/memoire.mile-end.qc.ca\/wp-content\/uploads\/67938135_10157548127754168_688218674678464512_o-600x398.jpg\" alt=\"\" width=\"600\" height=\"398\" srcset=\"http:\/\/memoire.mile-end.qc.ca\/wp-content\/uploads\/67938135_10157548127754168_688218674678464512_o-600x398.jpg 600w, http:\/\/memoire.mile-end.qc.ca\/wp-content\/uploads\/67938135_10157548127754168_688218674678464512_o-768x510.jpg 768w, http:\/\/memoire.mile-end.qc.ca\/wp-content\/uploads\/67938135_10157548127754168_688218674678464512_o-1024x680.jpg 1024w, http:\/\/memoire.mile-end.qc.ca\/wp-content\/uploads\/67938135_10157548127754168_688218674678464512_o.jpg 2048w\" sizes=\"(max-width: 600px) 100vw, 600px\" \/><\/strong><\/p>\n<p><strong>Dimanche 6 octobre 2019, 14 h<\/strong><br \/>\n<a href=\"https:\/\/www.facebook.com\/pages\/Biblioth%C3%A8que-Mordecai-Richler\/864570873592470\" target=\"_blank\" rel=\"noopener\">Biblioth\u00e8que Mordecai-Richler<\/a><br \/>\n5434, avenue du Parc<\/p>\n<p>**\u00a0Veuillez noter que la salle \u00e0 l&#8217;\u00e9tage, o\u00f9 se d\u00e9roulera la conf\u00e9rence, sera ouverte comme \u00e0 l&#8217;accoutum\u00e9e. Seule la section pour adultes, au rez-de-chauss\u00e9e, est ferm\u00e9e. **<\/p>\n<p>Venez assister \u00e0 cette conf\u00e9rence pr\u00e9sent\u00e9e par l&#8217;historienne Andr\u00e9e L\u00e9vesque, du groupe Archives Passe-M\u00e9moire qui viendra nous pr\u00e9senter Archives Passe-M\u00e9moire et nous entretenir sur l\u2019importance et la richesse des \u00e9crits t\u00e9moignant de la vie du commun des mortels, la fa\u00e7on dont ils contribuent \u00e0 la compr\u00e9hension de notre histoire et les d\u00e9fis li\u00e9s \u00e0 leur pr\u00e9servation, particuli\u00e8rement \u00e0 l\u2019\u00e8re des communications du 2.0.<\/p>\n<p>Organis\u00e9e par <a href=\"https:\/\/www.facebook.com\/memoire.mile.end\/\" target=\"_blank\" rel=\"noopener\">M\u00e9moire du Mile End \/ Mile End Memories<\/a><\/p>\n<p>Pour plus d&#8217;informations, t\u00e9l\u00e9phonez \u00e0 la biblioth\u00e8que<br \/>\n514 872-2142 * 514 872-6984<\/p>","protected":false},"excerpt":{"rendered":"<p>Les archives familiales : la richesse de leur contribution historique et les d\u00e9fis li\u00e9s \u00e0 leur conservation Dimanche 6 octobre 2019, 14 h Biblioth\u00e8que Mordecai-Richler 5434, avenue du Parc **\u00a0Veuillez noter que la salle \u00e0 l&#8217;\u00e9tage, o\u00f9 se d\u00e9roulera la conf\u00e9rence, sera ouverte comme \u00e0 l&#8217;accoutum\u00e9e. Seule la section pour adultes, au rez-de-chauss\u00e9e, est ferm\u00e9e. [&hellip;]<\/p>\n","protected":false},"author":2,"featured_media":0,"comment_status":"open","ping_status":"open","sticky":false,"template":"","format":"standard","meta":[],"categories":[1,3],"tags":[],"_links":{"self":[{"href":"http:\/\/memoire.mile-end.qc.ca\/fr\/wp-json\/wp\/v2\/posts\/5142"}],"collection":[{"href":"http:\/\/memoire.mile-end.qc.ca\/fr\/wp-json\/wp\/v2\/posts"}],"about":[{"href":"http:\/\/memoire.mile-end.qc.ca\/fr\/wp-json\/wp\/v2\/types\/post"}],"author":[{"embeddable":true,"href":"http:\/\/memoire.mile-end.qc.ca\/fr\/wp-json\/wp\/v2\/users\/2"}],"replies":[{"embeddable":true,"href":"http:\/\/memoire.mile-end.qc.ca\/fr\/wp-json\/wp\/v2\/comments?post=5142"}],"version-history":[{"count":1,"href":"http:\/\/memoire.mile-end.qc.ca\/fr\/wp-json\/wp\/v2\/posts\/5142\/revisions"}],"predecessor-version":[{"id":5144,"href":"http:\/\/memoire.mile-end.qc.ca\/fr\/wp-json\/wp\/v2\/posts\/5142\/revisions\/5144"}],"wp:attachment":[{"href":"http:\/\/memoire.mile-end.qc.ca\/fr\/wp-json\/wp\/v2\/media?parent=5142"}],"wp:term":[{"taxonomy":"category","embeddable":true,"href":"http:\/\/memoire.mile-end.qc.ca\/fr\/wp-json\/wp\/v2\/categories?post=5142"},{"taxonomy":"post_tag","embeddable":true,"href":"http:\/\/memoire.mile-end.qc.ca\/fr\/wp-json\/wp\/v2\/tags?post=5142"}],"curies":[{"name":"wp","href":"https:\/\/api.w.org\/{rel}","templated":true}]}}