{"id":5154,"date":"2019-10-28T10:42:01","date_gmt":"2019-10-28T14:42:01","guid":{"rendered":"http:\/\/memoire.mile-end.qc.ca\/?p=5154"},"modified":"2021-07-22T10:41:30","modified_gmt":"2021-07-22T14:41:30","slug":"conference-les-paysages-du-mile-end","status":"publish","type":"post","link":"http:\/\/memoire.mile-end.qc.ca\/fr\/conference-les-paysages-du-mile-end\/","title":{"rendered":"Conf\u00e9rence\u00a0: Les paysages du Mile End"},"content":{"rendered":"<p><div id=\"attachment_2884\" style=\"width: 277px\" class=\"wp-caption alignright\"><img aria-describedby=\"caption-attachment-2884\" loading=\"lazy\" class=\"wp-image-2884 size-full\" src=\"http:\/\/memoire.mile-end.qc.ca\/wp-content\/uploads\/stmichel.jpg\" alt=\"\" width=\"267\" height=\"418\" \/><p id=\"caption-attachment-2884\" class=\"wp-caption-text\">photo Justin Bur 2010<\/p><\/div><\/p>\n<h2>Les paysages du Mile End<\/h2>\n<p>Dimanche 3 novembre \u00e0 14 h<br \/>\n(heure d&#8217;hiver)<\/p>\n<p>Le Mile End est un quartier riche en histoire. Secteur d&#8217;int\u00e9r\u00eat patrimonial reconnu par la Ville de Montr\u00e9al, il t\u00e9moigne de la diversit\u00e9 culturelle de Montr\u00e9al et du d\u00e9veloppement urbain associ\u00e9 \u00e0 l\u2019industrialisation au 19e si\u00e8cle. Il est reconnu pour son dynamisme culturel et social, pour sa vie communautaire et associative, et pour l\u2019attachement des citoyens \u00e0 leur milieu de vie.<\/p>\n<p>Croyant \u00e0 l\u2019importance de la socialisation et du paysage comme un facteur cl\u00e9 de la valeur patrimoniale d\u2019un milieu urbain, Nicole Valois, professeure \u00e0 l\u2019Universit\u00e9 de Montr\u00e9al, a invit\u00e9 ses \u00e9tudiants \u00e0 examiner le patrimoine paysager du Mile End et ses constituantes associ\u00e9es au milieu de vie. La conf\u00e9rence portera sur le r\u00e9sultat de ce travail sur le Mile End en pr\u00e9sentant ce quartier sous l\u2019angle de ses paysages qui se d\u00e9ploient depuis l\u2019espace public.<\/p>\n<div style=\"clear: both;\"><\/div>\n<p><img loading=\"lazy\" class=\"size-full wp-image-5155 alignleft\" src=\"http:\/\/memoire.mile-end.qc.ca\/wp-content\/uploads\/image-1.png\" alt=\"\" width=\"181\" height=\"181\" srcset=\"http:\/\/memoire.mile-end.qc.ca\/wp-content\/uploads\/image-1.png 181w, http:\/\/memoire.mile-end.qc.ca\/wp-content\/uploads\/image-1-150x150.png 150w\" sizes=\"(max-width: 181px) 100vw, 181px\" \/><br \/>\nNicole Valois est architecte paysagiste et professeur \u00e0 l\u2019\u00c9cole d\u2019architecture de paysage de l\u2019Universit\u00e9 de Montr\u00e9al; elle enseigne la m\u00e9thodologie et le projet de paysage en milieu urbain et ses recherches portent sur le patrimoine moderne en architecture de paysage au Canada.<\/p>\n<div style=\"clear: both;\"><\/div>\n<p><strong>Dimanche 3 novembre<\/strong> 2019 \u00e0 14 h<br \/>\n(N&#8217;oubliez pas qu&#8217;on change l&#8217;heure ce dimanche \u00e0 2h)<\/p>\n<p>Aucune inscription n&#8217;est requise.<br \/>\nBiblioth\u00e8que Mordecai-Richler, 5434 av. du Parc H2V 4G7<\/p>\n<p>Conf\u00e9rence en fran\u00e7ais, discussion bilingue.<\/p>","protected":false},"excerpt":{"rendered":"<p>Les paysages du Mile End Dimanche 3 novembre \u00e0 14 h (heure d&#8217;hiver) Le Mile End est un quartier riche en histoire. Secteur d&#8217;int\u00e9r\u00eat patrimonial reconnu par la Ville de Montr\u00e9al, il t\u00e9moigne de la diversit\u00e9 culturelle de Montr\u00e9al et du d\u00e9veloppement urbain associ\u00e9 \u00e0 l\u2019industrialisation au 19e si\u00e8cle. Il est reconnu pour son dynamisme [&hellip;]<\/p>\n","protected":false},"author":2,"featured_media":2884,"comment_status":"open","ping_status":"open","sticky":false,"template":"","format":"standard","meta":[],"categories":[1,3],"tags":[],"_links":{"self":[{"href":"http:\/\/memoire.mile-end.qc.ca\/fr\/wp-json\/wp\/v2\/posts\/5154"}],"collection":[{"href":"http:\/\/memoire.mile-end.qc.ca\/fr\/wp-json\/wp\/v2\/posts"}],"about":[{"href":"http:\/\/memoire.mile-end.qc.ca\/fr\/wp-json\/wp\/v2\/types\/post"}],"author":[{"embeddable":true,"href":"http:\/\/memoire.mile-end.qc.ca\/fr\/wp-json\/wp\/v2\/users\/2"}],"replies":[{"embeddable":true,"href":"http:\/\/memoire.mile-end.qc.ca\/fr\/wp-json\/wp\/v2\/comments?post=5154"}],"version-history":[{"count":1,"href":"http:\/\/memoire.mile-end.qc.ca\/fr\/wp-json\/wp\/v2\/posts\/5154\/revisions"}],"predecessor-version":[{"id":5156,"href":"http:\/\/memoire.mile-end.qc.ca\/fr\/wp-json\/wp\/v2\/posts\/5154\/revisions\/5156"}],"wp:featuredmedia":[{"embeddable":true,"href":"http:\/\/memoire.mile-end.qc.ca\/fr\/wp-json\/wp\/v2\/media\/2884"}],"wp:attachment":[{"href":"http:\/\/memoire.mile-end.qc.ca\/fr\/wp-json\/wp\/v2\/media?parent=5154"}],"wp:term":[{"taxonomy":"category","embeddable":true,"href":"http:\/\/memoire.mile-end.qc.ca\/fr\/wp-json\/wp\/v2\/categories?post=5154"},{"taxonomy":"post_tag","embeddable":true,"href":"http:\/\/memoire.mile-end.qc.ca\/fr\/wp-json\/wp\/v2\/tags?post=5154"}],"curies":[{"name":"wp","href":"https:\/\/api.w.org\/{rel}","templated":true}]}}