{"id":5247,"date":"2020-04-19T18:26:09","date_gmt":"2020-04-19T22:26:09","guid":{"rendered":"http:\/\/memoire.mile-end.qc.ca\/?p=5247"},"modified":"2020-04-19T18:30:10","modified_gmt":"2020-04-19T22:30:10","slug":"palais-de-cristal-terrain-des-expositions","status":"publish","type":"post","link":"http:\/\/memoire.mile-end.qc.ca\/fr\/palais-de-cristal-terrain-des-expositions\/","title":{"rendered":"Palais de cristal \u2013 Terrain des expositions"},"content":{"rendered":"<p><div id=\"attachment_5253\" style=\"width: 1034px\" class=\"wp-caption alignnone\"><a href=\"https:\/\/archivesdemontreal.ica-atom.org\/1881-3-vue-vol-doiseau-des-terrains-de-lexposition-provinciale-montreal-eug-haberer-del-29-septembre-1881\"><img aria-describedby=\"caption-attachment-5253\" loading=\"lazy\" class=\"size-large wp-image-5253\" src=\"http:\/\/memoire.mile-end.qc.ca\/wp-content\/uploads\/VM66-S5P018op-1024x755.jpg\" alt=\"\" width=\"1024\" height=\"755\" srcset=\"http:\/\/memoire.mile-end.qc.ca\/wp-content\/uploads\/VM66-S5P018op-1024x755.jpg 1024w, http:\/\/memoire.mile-end.qc.ca\/wp-content\/uploads\/VM66-S5P018op-600x442.jpg 600w, http:\/\/memoire.mile-end.qc.ca\/wp-content\/uploads\/VM66-S5P018op-768x566.jpg 768w, http:\/\/memoire.mile-end.qc.ca\/wp-content\/uploads\/VM66-S5P018op.jpg 1469w\" sizes=\"(max-width: 1024px) 100vw, 1024px\" \/><\/a><p id=\"caption-attachment-5253\" class=\"wp-caption-text\">Gravure d\u2019Eugene Haberer. La passerelle qui enjambait l\u2019avenue du Mont-Royal est visible en haut \u00e0 droite. Le Palais de cristal se trouve au fond \u00e0 gauche. Son emplacement \u00e9tait entre les actuelles rue Jeanne-Mance et avenue de l\u2019Esplanade, juste au sud du boulevard Saint-Joseph. [L\u2019opinion publique, 29 septembre 1881, Archives de la Ville de Montr\u00e9al]<\/p><\/div><em>Difficile de croire aujourd\u2019hui, lorsqu\u2019on se prom\u00e8ne le long de l\u2019avenue du Parc au nord de l\u2019avenue du Mont-Royal, que les terrains du c\u00f4t\u00e9 est furent pendant pr\u00e8s de 30 ans le site d\u2019une exposition agricole. Ou encore, qu&#8217;un \u00e9norme pavillon vitr\u00e9 \u2013 le Palais de cristal de Montr\u00e9al \u2013 y tr\u00f4nait de 1878 \u00e0 1896\u00a0!<\/em><\/p>\n<p>En 1870, un des plus grands propri\u00e9taires fonciers du Mile End, Louis Beaubien, si\u00e8ge au Conseil d\u2019agriculture du Qu\u00e9bec, cr\u00e9\u00e9 en 1851 pour moderniser les techniques des cultivateurs de la province. Il convainc le Conseil d\u2019acheter des terres appartenant aux Religieuses hospitali\u00e8res de l\u2019H\u00f4tel-Dieu, situ\u00e9es au Mile End, afin d\u2019en faire le site permanent d\u2019une exposition provinciale agricole et industrielle annuelle.<\/p>\n<p>Des expositions de ce genre se tiennent dans diff\u00e9rentes villes de la province, \u00e0 intervalles irr\u00e9guliers, depuis le d\u00e9but des ann\u00e9es 1850. Mais elles sont organis\u00e9es par des groupes rivaux, en concurrence les uns avec les autres. L\u2019ambition de Louis Beaubien est de mettre fin \u00e0 ces rivalit\u00e9s et d\u2019organiser une exposition unifi\u00e9e. Un concours provincial est inaugur\u00e9 \u00ab sur les vastes terrains du parc agricole, avenue Mont-Royal au Mile End \u00bb, le 13 septembre 1870. Mais le choix de tenir l\u2019exposition au Mile End ne fait pas l\u2019unanimit\u00e9, m\u00eame au Conseil d\u2019agriculture, dont certains membres privil\u00e9gient plut\u00f4t l\u2019achat d\u2019un terrain rue Sherbrooke. Le terrain est donc laiss\u00e9 plus ou moins \u00e0 l\u2019abandon jusqu\u2019en 1875, ann\u00e9e o\u00f9 le Conseil re\u00e7oit une subvention provinciale \u00e0 la condition d\u2019y \u00e9riger des b\u00e2timents permanents. Des travaux sont entrepris l\u2019ann\u00e9e suivante et une exposition exclusivement agricole se tient au Mile End en septembre 1876, au milieu de b\u00e2timents toujours en construction.<\/p>\n<p>En 1878, on d\u00e9cide d\u2019y d\u00e9m\u00e9nager le palais de cristal qui se trouve alors rue Sainte-Catherine Ouest. Inspir\u00e9 de celui de l\u2019Exposition universelle de 1851 \u00e0 Londres, ce palais de verre avait \u00e9t\u00e9 \u00e9rig\u00e9 en 1860 pour accueillir une exposition inaugur\u00e9e par le prince de Galles lors de sa visite \u00e0 Montr\u00e9al. Sur son nouveau site, le palais h\u00e9bergera les expositions industrielles qui s\u2019ajouteront au volet agricole de l\u2019\u00e9v\u00e9nement. Le terrain de l\u2019exposition est agrandi \u2013 son p\u00e9rim\u00e8tre suit l\u2019actuelle avenue du Parc, le boulevard Saint-Joseph, la rue Saint-Urbain et l\u2019avenue du Mont-Royal. Apr\u00e8s deux ans de travaux, la premi\u00e8re \u00e9dition de la nouvelle Exposition agricole et industrielle unifi\u00e9e ouvre ses portes en 1880. Elle se veut la plus grandiose que le Qu\u00e9bec ait connue jusqu\u2019alors : il ne s\u2019agit plus seulement de d\u00e9cerner des prix aux meilleurs b\u00eates et produits agricoles, mais d\u2019un \u00e9v\u00e9nement d\u2019envergure qui c\u00e9l\u00e8bre \u00e9galement les derni\u00e8res prouesses de la r\u00e9volution industrielle, le tout accompagn\u00e9 de f\u00eates et de divertissements. Une passerelle est construite au-dessus de l\u2019avenue du Mont-Royal pour permettre aux visiteurs de se d\u00e9placer entre la partie nord de l\u2019exposition, o\u00f9 se trouvent le palais de cristal et les pavillons des animaux, et la partie sud, situ\u00e9e dans l\u2019actuel parc Jeanne-Mance, o\u00f9 on am\u00e9nage une piste de courses de chevaux.<\/p>\n<p>De plus, une v\u00e9ritable foire populaire se tient \u00e0 proximit\u00e9, le long de l&#8217;avenue du Mont-Royal, du boulevard Saint-Laurent jusqu&#8217;\u00e0 l&#8217;entr\u00e9e de l&#8217;exposition, ce qui ne fait pas l&#8217;affaire des bien-pensants. Un journaliste d\u00e9crit \u00ab la ville de tentes (\u00abcanvas city\u00bb) qui y a pouss\u00e9, avec ses buvettes et ses jeux de hasard, accompagn\u00e9s des habituelles monstruosit\u00e9s comme les veaux qui ont deux t\u00eates et les poules qui n&#8217;en ont pas. \u00bb<\/p>\n<p><div id=\"attachment_5250\" style=\"width: 313px\" class=\"wp-caption alignleft\"><a href=\"http:\/\/numerique.banq.qc.ca\/patrimoine\/details\/52327\/2033961\"><img aria-describedby=\"caption-attachment-5250\" loading=\"lazy\" class=\"wp-image-5250 size-medium\" src=\"http:\/\/memoire.mile-end.qc.ca\/wp-content\/uploads\/3638513-303x600.jpg\" alt=\"\" width=\"303\" height=\"600\" srcset=\"http:\/\/memoire.mile-end.qc.ca\/wp-content\/uploads\/3638513-303x600.jpg 303w, http:\/\/memoire.mile-end.qc.ca\/wp-content\/uploads\/3638513-768x1519.jpg 768w, http:\/\/memoire.mile-end.qc.ca\/wp-content\/uploads\/3638513-518x1024.jpg 518w, http:\/\/memoire.mile-end.qc.ca\/wp-content\/uploads\/3638513.jpg 1019w\" sizes=\"(max-width: 303px) 100vw, 303px\" \/><\/a><p id=\"caption-attachment-5250\" class=\"wp-caption-text\">Affiche pour l\u2019Exposition \u00e0 port\u00e9e pan-canadienne de 1884 [BAnQ]<\/p><\/div>On l&#8217;appelle \u00e9galement \u00ab Exposition de la Puissance \u00bb, lorsque le gouvernement f\u00e9d\u00e9ral la subventionne, comme en 1884 (la Puissance du Canada \u00e9tant la traduction fran\u00e7aise originale de <em>Dominion of Canada<\/em>, le terme utilis\u00e9 pour d\u00e9crire le pays apr\u00e8s la Conf\u00e9d\u00e9ration de 1867).<\/p>\n<p>Malgr\u00e9 ces efforts, l\u2019exposition peine \u00e0 couvrir ses frais. Alors que l\u2019\u00e9dition de 1880 attire 100 000 visiteurs, celle de 1884 n\u2019en attire plus que 50 000. On bl\u00e2me le co\u00fbt d\u2019entr\u00e9e \u00e9lev\u00e9 et l\u2019acc\u00e8s difficile, en raison de l\u2019\u00e9loignement du centre-ville et du manque de transport en commun. L\u2019\u00e9pid\u00e9mie de variole qui frappe Montr\u00e9al en 1885 porte un autre coup dur \u00e0 l\u2019\u00e9v\u00e9nement : non seulement l\u2019exposition est annul\u00e9e, mais ses b\u00e2timents sont transform\u00e9s en h\u00f4pital temporaire. Un accord est finalement conclu en 1890 pour relancer l\u2019exposition avec une compagnie priv\u00e9e. Le gouvernement du Qu\u00e9bec accorde \u00e0 celle-ci une subvention de 25 000 $ et lui loue les terrains pour 18 ans, en \u00e9change d\u2019un loyer symbolique de 1 $. L\u2019exposition reprend \u00e0 la fin de septembre 1891, mais avec un succ\u00e8s mitig\u00e9.<\/p>\n<p>Un incendie dans la nuit du 30 juillet 1896 inflige un autre s\u00e9rieux revers \u00e0 la relance de l\u2019exposition. Un vent fort souffle cette nuit-l\u00e0 et les flammes d\u00e9truisent presque tous les b\u00e2timents, dont le palais de cristal. Une exposition a quand m\u00eame lieu dans des b\u00e2timents temporaires au mois de septembre, et une autre en 1897, mais le public ne suit plus. Le d\u00e9c\u00e8s soudain du g\u00e9rant S.C. Stevenson, qui \u00e9tait l\u2019\u00e2me dirigeante de l\u2019exposition, le 2 janvier 1898, porte le coup de gr\u00e2ce. La Compagnie de l\u2019Exposition provinciale est alors liquid\u00e9e. La Ville de Montr\u00e9al, propri\u00e9taire des terrains au sud de l\u2019avenue du Mont-Royal, y am\u00e9nage ce qui est aujourd\u2019hui le parc Jeanne-Mance. Mais, du c\u00f4t\u00e9 nord, les n\u00e9gociations entre le gouvernement du Qu\u00e9bec, propri\u00e9taire des terrains, la Ville de Saint-Louis et les cr\u00e9anciers seront longues et complexes. Pendant cet interm\u00e8de, les terrains vacants accueillent diff\u00e9rents <a href=\"http:\/\/memoire.mile-end.qc.ca\/lorsque-le-cirque-envahissait-le-mile-end\/\">cirques ambulants<\/a>, dont le fameux Barnum and Bailey Circus. Pour cette raison, l\u2019urbanisation du sud-ouest du Mile End ne commencera qu\u2019aux environs de 1902. Mais avec la croissance fulgurante du secteur, tout ira tr\u00e8s vite : en 1909, il ne reste plus un seul lot vacant sur les anciens terrains de l\u2019exposition.<\/p>\n<hr \/>\n<p>Recherche et r\u00e9daction\u00a0: Yves Desjardins. R\u00e9vision : Justin Bur.<\/p>\n<p><a href=\"http:\/\/ecosociete.org\/livres\/dictionnaire-historique-du-plateau-mont-royal\"><img loading=\"lazy\" class=\"alignleft wp-image-4283\" src=\"http:\/\/memoire.mile-end.qc.ca\/wp-content\/uploads\/DHPMR.jpg\" alt=\"Dictionnaire historique du Plateau Mont-Royal\" width=\"100\" height=\"127\" \/><\/a>Extrait du <a href=\"http:\/\/ecosociete.org\/livres\/dictionnaire-historique-du-plateau-mont-royal\">Dictionnaire historique du Plateau Mont-Royal<\/a> (\u00c9cosoci\u00e9t\u00e9, 2017) avec l&#8217;aimable autorisation de l&#8217;\u00e9diteur<\/p>","protected":false},"excerpt":{"rendered":"<p>Difficile de croire aujourd\u2019hui, lorsqu\u2019on se prom\u00e8ne le long de l\u2019avenue du Parc au nord de l\u2019avenue du Mont-Royal, que les terrains du c\u00f4t\u00e9 est furent pendant pr\u00e8s de 30 ans le site d\u2019une exposition agricole. Ou encore, qu&#8217;un \u00e9norme pavillon vitr\u00e9 \u2013 le Palais de cristal de Montr\u00e9al \u2013 y tr\u00f4nait de 1878 \u00e0 [&hellip;]<\/p>\n","protected":false},"author":3,"featured_media":5250,"comment_status":"open","ping_status":"open","sticky":false,"template":"","format":"standard","meta":[],"categories":[41],"tags":[31],"_links":{"self":[{"href":"http:\/\/memoire.mile-end.qc.ca\/fr\/wp-json\/wp\/v2\/posts\/5247"}],"collection":[{"href":"http:\/\/memoire.mile-end.qc.ca\/fr\/wp-json\/wp\/v2\/posts"}],"about":[{"href":"http:\/\/memoire.mile-end.qc.ca\/fr\/wp-json\/wp\/v2\/types\/post"}],"author":[{"embeddable":true,"href":"http:\/\/memoire.mile-end.qc.ca\/fr\/wp-json\/wp\/v2\/users\/3"}],"replies":[{"embeddable":true,"href":"http:\/\/memoire.mile-end.qc.ca\/fr\/wp-json\/wp\/v2\/comments?post=5247"}],"version-history":[{"count":4,"href":"http:\/\/memoire.mile-end.qc.ca\/fr\/wp-json\/wp\/v2\/posts\/5247\/revisions"}],"predecessor-version":[{"id":5254,"href":"http:\/\/memoire.mile-end.qc.ca\/fr\/wp-json\/wp\/v2\/posts\/5247\/revisions\/5254"}],"wp:featuredmedia":[{"embeddable":true,"href":"http:\/\/memoire.mile-end.qc.ca\/fr\/wp-json\/wp\/v2\/media\/5250"}],"wp:attachment":[{"href":"http:\/\/memoire.mile-end.qc.ca\/fr\/wp-json\/wp\/v2\/media?parent=5247"}],"wp:term":[{"taxonomy":"category","embeddable":true,"href":"http:\/\/memoire.mile-end.qc.ca\/fr\/wp-json\/wp\/v2\/categories?post=5247"},{"taxonomy":"post_tag","embeddable":true,"href":"http:\/\/memoire.mile-end.qc.ca\/fr\/wp-json\/wp\/v2\/tags?post=5247"}],"curies":[{"name":"wp","href":"https:\/\/api.w.org\/{rel}","templated":true}]}}