{"id":5264,"date":"2020-06-10T17:41:41","date_gmt":"2020-06-10T21:41:41","guid":{"rendered":"http:\/\/memoire.mile-end.qc.ca\/?p=5264"},"modified":"2021-11-24T10:09:20","modified_gmt":"2021-11-24T15:09:20","slug":"arbeter-ring","status":"publish","type":"post","link":"http:\/\/memoire.mile-end.qc.ca\/fr\/arbeter-ring\/","title":{"rendered":"Arbeiter Ring"},"content":{"rendered":"<p><div id=\"attachment_5266\" style=\"width: 748px\" class=\"wp-caption alignnone\"><img aria-describedby=\"caption-attachment-5266\" loading=\"lazy\" class=\"size-full wp-image-5266\" src=\"http:\/\/memoire.mile-end.qc.ca\/wp-content\/uploads\/BPJ-PR1050_003-fonds-1050.jpg\" alt=\"\" width=\"738\" height=\"1044\" srcset=\"http:\/\/memoire.mile-end.qc.ca\/wp-content\/uploads\/BPJ-PR1050_003-fonds-1050.jpg 738w, http:\/\/memoire.mile-end.qc.ca\/wp-content\/uploads\/BPJ-PR1050_003-fonds-1050-424x600.jpg 424w, http:\/\/memoire.mile-end.qc.ca\/wp-content\/uploads\/BPJ-PR1050_003-fonds-1050-724x1024.jpg 724w\" sizes=\"(max-width: 738px) 100vw, 738px\" \/><p id=\"caption-attachment-5266\" class=\"wp-caption-text\">L\u2019\u00e9difice du Arbeiter Ring, vers 1940. [Archives de la\u00a0Biblioth\u00e8que publique juive de Montr\u00e9al, PR1050_0003, Fonds 1050]<\/p><\/div>L\u2019Arbeiter Ring* (Cercle des travailleurs, ou Workmen\u2019s Circle) est une soci\u00e9t\u00e9 d\u2019entraide socialiste juive qui s\u2019implante \u00e0 Montr\u00e9al en 1907. En \u00e9change d\u2019une cotisation, ses membres ont acc\u00e8s \u00e0 une salle de r\u00e9union et de r\u00e9ception, \u00e0 une biblioth\u00e8que et, surtout, \u00e0 des services sociaux collectifs : assurances, loisirs, soins de sant\u00e9, lots dans un cimeti\u00e8re juif, etc.<\/p>\n<p>Plusieurs de ses dirigeants sont des militants du Bund, le grand parti ouvrier juif est-europ\u00e9en du d\u00e9but du XXe si\u00e8cle, oppos\u00e9 \u00e0 la fois au sionisme et au communisme. L\u2019aile communiste de l\u2019Arbeiter Ring fait d\u2019ailleurs s\u00e9cession en 1928 pour cr\u00e9er une autre soci\u00e9t\u00e9 fraternelle, le <a href=\"http:\/\/memoire.mile-end.qc.ca\/un-balcon-menace-a-balconville\/\">United Jewish People\u2019s Order<\/a> (UJPO). Proche de la Cooperative Commonwealth Federation (CCF), l\u2019anc\u00eatre du Nouveau Parti d\u00e9mocratique (NPD), l\u2019Arbeiter Ring soutient les candidats juifs de ce parti, comme le futur chef du NPD David Lewis, lors de l\u2019\u00e9lection f\u00e9d\u00e9rale partielle dans Cartier en 1943, et son ami le po\u00e8te A.M. Klein aux \u00e9lections g\u00e9n\u00e9rales de 1949.<\/p>\n<p>En 1936, le Cercle inaugure, boulevard Saint-Laurent juste au sud du boulevard Saint-Joseph, un nouvel \u00e9difice qui lui sert de quartier g\u00e9n\u00e9ral. Il abrite notamment les activit\u00e9s sociales et sportives de la section jeunesse, pr\u00e9sent\u00e9e comme une meilleure option que la YMHA \u00ab bourgeoise \u00bb (Young Men\u2019s et Young Women\u2019s Hebrew Association) et que les Jeunesses communistes. \u00c0 son apog\u00e9e, la section jeunesse de l\u2019Arbeiter Ring comptera 3&nbsp;500 membres. L\u2019immeuble h\u00e9berge aussi d\u2019autres organismes, comme la succursale montr\u00e9alaise du Jewish Labor Committee, qui vient en aide aux victimes juives du nazisme. Son responsable est Moishe Lewis, un dirigeant du Bund et le p\u00e8re de David Lewis.<\/p>\n<p>Apr\u00e8s le d\u00e9m\u00e9nagement de l\u2019Arbeiter Ring dans le quartier Snowdon, au d\u00e9but des ann\u00e9es 1960, l\u2019immeuble est lou\u00e9 par les Grands Ballets canadiens, puis rachet\u00e9 par le Centre social espagnol en 1973. Sa salle de concert, la Sala Rossa, est maintenant utilis\u00e9e pour les spectacles de plus grande envergure de la Casa del Popolo, situ\u00e9e juste en face. L\u2019espace, typique des salles de spectacle des ann\u00e9es 1930, n\u2019a pratiquement subi aucune modification et m\u00e9rite d\u2019\u00eatre conserv\u00e9. L\u2019immeuble d\u2019inspiration Art d\u00e9co a \u00e9t\u00e9 con\u00e7u par l\u2019architecte montr\u00e9alais <a href=\"https:\/\/en.wikipedia.org\/wiki\/Maxwell_M._Kalman\">Max Kalman<\/a> (1906\u20132009). Celui-ci a aussi r\u00e9alis\u00e9 le nouvel \u00e9difice des <a href=\"http:\/\/memoire.mile-end.qc.ca\/yidishe-folks-shuln\/\">\u00c9coles juives populaires<\/a>, rue Waverly, en 1941 ainsi que le premier Steinberg de type supermarch\u00e9, avenue Bernard \u00e0 Outremont, en 1940.<\/p>\n<hr \/>\n<p>* L&#8217;orthographe yiddish est \u05d0\u05b7\u05e8\u05d1\u05e2\u05d8\u05e2\u05e8 \u05e8\u05d9\u05e0\u05d2. La translitt\u00e9ration normalis\u00e9e YIVO est Arbeter Ring, sans i dans Arbeter. Cependant, l&#8217;organisme utilise Arbeiter (d&#8217;apr\u00e8s l&#8217;allemand standard) dans ses documents, orthographe que nous avons adopt\u00e9e ici. [M\u00e9moire du Mile End 2021]<\/p>\n<hr \/>\n<p>Recherche et r\u00e9daction\u00a0: Yves Desjardins.<\/p>\n<p><a href=\"http:\/\/ecosociete.org\/livres\/dictionnaire-historique-du-plateau-mont-royal\"><img loading=\"lazy\" class=\"alignleft wp-image-4283\" src=\"http:\/\/memoire.mile-end.qc.ca\/wp-content\/uploads\/DHPMR.jpg\" alt=\"Dictionnaire historique du Plateau Mont-Royal\" width=\"100\" height=\"127\" \/><\/a>Extrait du <a href=\"http:\/\/ecosociete.org\/livres\/dictionnaire-historique-du-plateau-mont-royal\">Dictionnaire historique du Plateau Mont-Royal<\/a> (\u00c9cosoci\u00e9t\u00e9, 2017) avec l&#8217;aimable autorisation de l&#8217;\u00e9diteur<\/p>","protected":false},"excerpt":{"rendered":"<p>L\u2019Arbeiter Ring* (Cercle des travailleurs, ou Workmen\u2019s Circle) est une soci\u00e9t\u00e9 d\u2019entraide socialiste juive qui s\u2019implante \u00e0 Montr\u00e9al en 1907. En \u00e9change d\u2019une cotisation, ses membres ont acc\u00e8s \u00e0 une salle de r\u00e9union et de r\u00e9ception, \u00e0 une biblioth\u00e8que et, surtout, \u00e0 des services sociaux collectifs : assurances, loisirs, soins de sant\u00e9, lots dans un [&hellip;]<\/p>\n","protected":false},"author":3,"featured_media":0,"comment_status":"open","ping_status":"open","sticky":false,"template":"","format":"standard","meta":[],"categories":[41],"tags":[20,33,34],"_links":{"self":[{"href":"http:\/\/memoire.mile-end.qc.ca\/fr\/wp-json\/wp\/v2\/posts\/5264"}],"collection":[{"href":"http:\/\/memoire.mile-end.qc.ca\/fr\/wp-json\/wp\/v2\/posts"}],"about":[{"href":"http:\/\/memoire.mile-end.qc.ca\/fr\/wp-json\/wp\/v2\/types\/post"}],"author":[{"embeddable":true,"href":"http:\/\/memoire.mile-end.qc.ca\/fr\/wp-json\/wp\/v2\/users\/3"}],"replies":[{"embeddable":true,"href":"http:\/\/memoire.mile-end.qc.ca\/fr\/wp-json\/wp\/v2\/comments?post=5264"}],"version-history":[{"count":4,"href":"http:\/\/memoire.mile-end.qc.ca\/fr\/wp-json\/wp\/v2\/posts\/5264\/revisions"}],"predecessor-version":[{"id":5737,"href":"http:\/\/memoire.mile-end.qc.ca\/fr\/wp-json\/wp\/v2\/posts\/5264\/revisions\/5737"}],"wp:attachment":[{"href":"http:\/\/memoire.mile-end.qc.ca\/fr\/wp-json\/wp\/v2\/media?parent=5264"}],"wp:term":[{"taxonomy":"category","embeddable":true,"href":"http:\/\/memoire.mile-end.qc.ca\/fr\/wp-json\/wp\/v2\/categories?post=5264"},{"taxonomy":"post_tag","embeddable":true,"href":"http:\/\/memoire.mile-end.qc.ca\/fr\/wp-json\/wp\/v2\/tags?post=5264"}],"curies":[{"name":"wp","href":"https:\/\/api.w.org\/{rel}","templated":true}]}}