{"id":533,"date":"2011-03-24T13:22:03","date_gmt":"2011-03-24T18:22:03","guid":{"rendered":"http:\/\/mile-end.qc.ca\/2011\/03\/lancement-des-panneaux%c2%a0-reporte-au-7-avril\/"},"modified":"2013-12-27T20:47:28","modified_gmt":"2013-12-28T01:47:28","slug":"lancement-des-panneaux","status":"publish","type":"post","link":"http:\/\/memoire.mile-end.qc.ca\/fr\/lancement-des-panneaux\/","title":{"rendered":"La Main, toujours de son temps\u00a0: vernissage le 7 avril"},"content":{"rendered":"<p>Les Amis du boulevard Saint-Laurent et M\u00e9moire du Mile End sont heureux de vous inviter au vernissage de la deuxi\u00e8me phase du projet<\/p>\n<p style=\"text-align: center;\"><strong>La <\/strong><em><strong>Main<\/strong><\/em><strong>, toujours de son temps<\/strong><\/p>\n<p>Une s\u00e9rie de panneaux d&#8217;interpr\u00e9tation sur des lieux d&#8217;int\u00e9r\u00eat patrimonial dans le secteur Mile End du boulevard Saint-Laurent (voir <a href=\"http:\/\/amisboulevardstlaurent.com\/panneaux\/\">amisboulevardstlaurent.com<\/a> pour la premi\u00e8re phase).<\/p>\n<p><a href=\"\/wp-content\/uploads\/ABSL-MME.Communique.FR_.Panneaux.20110407.pdf\">Lire le communiqu\u00e9 de presse [PDF]<\/a><\/p>\n<p style=\"text-align: center;\">Jeudi 7 avril 2011, 18 h \u00e0 19 h 30<br \/>\nCentre Gallego de Montr\u00e9al<br \/>\n4602 boulevard Saint-Laurent, Montr\u00e9al<\/p>\n<p style=\"text-align: left;\"><strong>RSVP avant le 1er avril<\/strong> : 514.496.2037 ou \u00e0 jarifa.lujan@pc.gc.ca<\/p>\n<p style=\"text-align: left;\"><a href=\"http:\/\/memoire.mile-end.qc.ca\/wp-content\/uploads\/110401-invitation-ABSL-vf.png\"><\/a><img loading=\"lazy\" class=\"alignnone size-full wp-image-544\" title=\"110401 invitation ABSL vf petit\" src=\"http:\/\/memoire.mile-end.qc.ca\/wp-content\/uploads\/110401-invitation-ABSL-vf-petit.png\" alt=\"\" width=\"674\" height=\"386\" srcset=\"http:\/\/memoire.mile-end.qc.ca\/wp-content\/uploads\/110401-invitation-ABSL-vf-petit.png 674w, http:\/\/memoire.mile-end.qc.ca\/wp-content\/uploads\/110401-invitation-ABSL-vf-petit-300x171.png 300w\" sizes=\"(max-width: 674px) 100vw, 674px\" \/><\/p>\n<p><\/p>","protected":false},"excerpt":{"rendered":"<p>Les Amis du boulevard Saint-Laurent et M\u00e9moire du Mile End sont heureux de vous inviter au vernissage de la deuxi\u00e8me phase du projet La Main, toujours de son temps Une s\u00e9rie de panneaux d&#8217;interpr\u00e9tation sur des lieux d&#8217;int\u00e9r\u00eat patrimonial dans le secteur Mile End du boulevard Saint-Laurent (voir amisboulevardstlaurent.com pour la premi\u00e8re phase). Lire le [&hellip;]<\/p>\n","protected":false},"author":2,"featured_media":0,"comment_status":"closed","ping_status":"closed","sticky":false,"template":"","format":"standard","meta":[],"categories":[1],"tags":[],"_links":{"self":[{"href":"http:\/\/memoire.mile-end.qc.ca\/fr\/wp-json\/wp\/v2\/posts\/533"}],"collection":[{"href":"http:\/\/memoire.mile-end.qc.ca\/fr\/wp-json\/wp\/v2\/posts"}],"about":[{"href":"http:\/\/memoire.mile-end.qc.ca\/fr\/wp-json\/wp\/v2\/types\/post"}],"author":[{"embeddable":true,"href":"http:\/\/memoire.mile-end.qc.ca\/fr\/wp-json\/wp\/v2\/users\/2"}],"replies":[{"embeddable":true,"href":"http:\/\/memoire.mile-end.qc.ca\/fr\/wp-json\/wp\/v2\/comments?post=533"}],"version-history":[{"count":4,"href":"http:\/\/memoire.mile-end.qc.ca\/fr\/wp-json\/wp\/v2\/posts\/533\/revisions"}],"predecessor-version":[{"id":2272,"href":"http:\/\/memoire.mile-end.qc.ca\/fr\/wp-json\/wp\/v2\/posts\/533\/revisions\/2272"}],"wp:attachment":[{"href":"http:\/\/memoire.mile-end.qc.ca\/fr\/wp-json\/wp\/v2\/media?parent=533"}],"wp:term":[{"taxonomy":"category","embeddable":true,"href":"http:\/\/memoire.mile-end.qc.ca\/fr\/wp-json\/wp\/v2\/categories?post=533"},{"taxonomy":"post_tag","embeddable":true,"href":"http:\/\/memoire.mile-end.qc.ca\/fr\/wp-json\/wp\/v2\/tags?post=533"}],"curies":[{"name":"wp","href":"https:\/\/api.w.org\/{rel}","templated":true}]}}