{"id":5366,"date":"2021-03-02T13:31:49","date_gmt":"2021-03-02T18:31:49","guid":{"rendered":"http:\/\/memoire.mile-end.qc.ca\/?p=5366"},"modified":"2023-09-30T13:20:20","modified_gmt":"2023-09-30T17:20:20","slug":"librairie-de-quartier","status":"publish","type":"post","link":"http:\/\/memoire.mile-end.qc.ca\/fr\/librairie-de-quartier\/","title":{"rendered":"Librairie de quartier"},"content":{"rendered":"<p><em>\u00c0 la fin du mois de f\u00e9vrier 2021, Stephen Welch a annonc\u00e9 la fermeture de sa librairie en raison de la forte hausse de loyer inflig\u00e9e par son propri\u00e9taire, le groupe Shiller Lavy. La nouvelle, qui a \u00e9t\u00e9 re\u00e7ue avec stupeur par de nombreux r\u00e9sidents et r\u00e9sidentes du Mile End, a obtenu un fort impact m\u00e9diatique, comme en t\u00e9moigne <a href=\"https:\/\/www.ledevoir.com\/economie\/596033\/montreal-un-autre-commercant-tombe-au-combat-dans-le-mile-end\">cet article du journal Le Devoir<\/a>. La mobilisation qui a suivi a fait en sorte que la librairie a obtenu un sursis. Cependant, Stephen Welch a annonc\u00e9 sa retraite au cours de l&#8217;\u00e9t\u00e9 2023, entrainant la fermeture de son commerce. Pour honorer sa m\u00e9moire et celle d&#8217;une librairie qui \u00e9tait devenue une institution, M\u00e9moire du Mile End a produit un <a href=\"https:\/\/drive.google.com\/file\/d\/10eoEiUcp0wPyeLdp8j7U7B3Eukb0VjUj\/view?usp=sharing\">livret comm\u00e9moratif<\/a>.<\/em><\/p>\n<p>En 2010, dans le cadre de son blogue \u00ab\u00a0<a href=\"http:\/\/mileendings.blogspot.com\/\">Mile Endings<\/a> \u00bb, Sarah Gilbert d\u00e9crivait bien toute l&#8217;importance de la librairie S.W. Welch. (Photos : Sarah Gilbert. Traduction : H\u00e9l\u00e8ne Faribault.)<\/p>\n<p><img loading=\"lazy\" class=\"alignnone size-medium wp-image-5369\" src=\"http:\/\/memoire.mile-end.qc.ca\/wp-content\/uploads\/DSCN4977.JPG-600x575.jpg\" alt=\"\" width=\"600\" height=\"575\" srcset=\"http:\/\/memoire.mile-end.qc.ca\/wp-content\/uploads\/DSCN4977.JPG-600x575.jpg 600w, http:\/\/memoire.mile-end.qc.ca\/wp-content\/uploads\/DSCN4977.JPG-768x736.jpg 768w, http:\/\/memoire.mile-end.qc.ca\/wp-content\/uploads\/DSCN4977.JPG-1024x982.jpg 1024w, http:\/\/memoire.mile-end.qc.ca\/wp-content\/uploads\/DSCN4977.JPG.jpg 1600w\" sizes=\"(max-width: 600px) 100vw, 600px\" \/><\/p>\n<p>S.W. Welch est l\u2019oracle de la rue Saint-Viateur.<\/p>\n<p>Derri\u00e8re le comptoir o\u00f9 s\u2019empilent les livres, il fait des d\u00e9clarations\u00a0: \u00ab\u00a0Rebus reviendra, je peux vous le dire d\u00e8s maintenant\u00a0\u00bb, dit-il en parlant du d\u00e9tective retrait\u00e9 de l\u2019auteur Ian Rankin. Il affirme aussi\u00a0: \u00ab\u00a0Harry Potter reviendra\u00a0\u00bb.<\/p>\n<p>Conna\u00eetrait-il quelque chose que nous ignorons?<\/p>\n<p>La r\u00e9ponse est oui.<\/p>\n<div id=\"attachment_5367\" style=\"width: 610px\" class=\"wp-caption alignnone\"><img aria-describedby=\"caption-attachment-5367\" loading=\"lazy\" class=\"size-medium wp-image-5367\" src=\"http:\/\/memoire.mile-end.qc.ca\/wp-content\/uploads\/DSCN4819-600x426.jpg\" alt=\"\" width=\"600\" height=\"426\" srcset=\"http:\/\/memoire.mile-end.qc.ca\/wp-content\/uploads\/DSCN4819-600x426.jpg 600w, http:\/\/memoire.mile-end.qc.ca\/wp-content\/uploads\/DSCN4819-768x546.jpg 768w, http:\/\/memoire.mile-end.qc.ca\/wp-content\/uploads\/DSCN4819-1024x728.jpg 1024w, http:\/\/memoire.mile-end.qc.ca\/wp-content\/uploads\/DSCN4819.jpg 1600w\" sizes=\"(max-width: 600px) 100vw, 600px\" \/><p id=\"caption-attachment-5367\" class=\"wp-caption-text\">Stephen Welch, 2010.<\/p><\/div>\n<p>Il garde une boule de cristal lumineuse sur le dessus du comptoir, mails il n\u2019en a pas besoin pour faire ses pr\u00e9dictions.<\/p>\n<p>Un jour de semaine, il y a peu de temps, le t\u00e9l\u00e9phone ne cessait de sonner et les personnes au bout du fil le poussaient \u00e0 leur fournir des \u00e9valuations instantan\u00e9es. \u00ab\u00a0\u00c7a me surprendrait que ce livre ait une quelconque valeur\u00a0\u00bb, dit-il \u00e0 quelqu\u2019un.<\/p>\n<p>\u00ab\u00a0\u00c7a me tue que je dise \u00e0 quelqu\u2019un que son livre ne vaut rien et qu\u2019il ne veut pas \u00e9couter. Je ne suis pas le dieu de la vente de livres, mais mon opinion est celle de quelqu\u2019un qui s\u2019int\u00e9resse aux livres depuis trente ans et qui a une assez bonne id\u00e9e de la valeur des livres. C\u2019est un instinct bas\u00e9 sur des ann\u00e9es d\u2019exp\u00e9rience. Par la suite, ils me demanderont\u00a0:\u00a0\u00ab Y a-t-il quelqu\u2019un d\u2019autre que je pourrais appeler?\u00a0\u00bb S.W Welch secoue la t\u00eate en se moquant d\u2019eux.<\/p>\n<p>\u00ab\u00a0Je poss\u00e8de un certain degr\u00e9 d\u2019arrogance et d\u2019ego\u00a0\u00bb, ajoute-t-il en souriant.<\/p>\n<p>\u00ab\u00a0Le probl\u00e8me courant en \u00e9tant un libraire de livres usag\u00e9s ou anciens, c\u2019est que les livres des gens sont empreints d\u2019amour et d\u2019int\u00e9r\u00eat personnel. Supposons que vous avez beaucoup de livres, mais que malheureusement, vous \u00eates d\u00e9c\u00e9d\u00e9. Votre fille m\u2019appelle pour que je jette un coup d\u2019\u0153il aux livres en pensant \u201fCe livre \u00e9tait sur la table de chevet de ma m\u00e8re durant des ann\u00e9es. Elle l\u2019adorait, elle l\u2019a m\u00eame apport\u00e9 en \u00c9gypte.\u201d C\u2019est alors que S.W. fait son entr\u00e9e et d\u00e9clare\u00a0:\u00a0\u201fJe ne paie pas pour les sentiments.\u201d \u00bb<\/p>\n<p>Stephen Wesley Welch parle souvent de lui \u00e0 la troisi\u00e8me personne, pour mettre une distance entre lui et son \u00e9valuation. Ses six\u00a0pieds\u00a0six\u00a0pouces et ses 340\u00a0livres en font une pr\u00e9sence imposante et s\u00e9rieuse. \u00ab\u00a0Jeune, je pesais 165\u00a0livres. Je suis rendu gras\u00a0\u00bb, dit-il en haussant les \u00e9paules et en jetant le bl\u00e2me sur sa vie s\u00e9dentaire. \u00ab\u00a0D\u00e8s que j\u2019ai commenc\u00e9 \u00e0 prendre du poids, les gens me respectaient davantage.\u00a0\u00bb<\/p>\n<p>Un client qui regardait autour a demand\u00e9 \u00e0 voir quelques livres d\u2019art qui se trouvaient dans la vitrine. (Une autre d\u00e9claration de S.W.\u00a0: \u00ab\u00a0Les libraires vivent gr\u00e2ce \u00e0 leur vitrine.\u00a0\u00bb)<\/p>\n<div id=\"attachment_5368\" style=\"width: 610px\" class=\"wp-caption alignnone\"><img aria-describedby=\"caption-attachment-5368\" loading=\"lazy\" class=\"size-medium wp-image-5368\" src=\"http:\/\/memoire.mile-end.qc.ca\/wp-content\/uploads\/DSCN4864.JPG-600x450.jpg\" alt=\"\" width=\"600\" height=\"450\" srcset=\"http:\/\/memoire.mile-end.qc.ca\/wp-content\/uploads\/DSCN4864.JPG-600x450.jpg 600w, http:\/\/memoire.mile-end.qc.ca\/wp-content\/uploads\/DSCN4864.JPG-768x576.jpg 768w, http:\/\/memoire.mile-end.qc.ca\/wp-content\/uploads\/DSCN4864.JPG-1024x768.jpg 1024w, http:\/\/memoire.mile-end.qc.ca\/wp-content\/uploads\/DSCN4864.JPG.jpg 1600w\" sizes=\"(max-width: 600px) 100vw, 600px\" \/><p id=\"caption-attachment-5368\" class=\"wp-caption-text\">Photo : Sarah Gilbert.<\/p><\/div>\n<p>\u00ab\u00a0Nous avons beaucoup aim\u00e9 notre repas hier soir, Leo\u00a0\u00bb, lui dit S.W. en r\u00e9cup\u00e9rant les livres. \u00ab\u00a0La prochaine fois, ne met pas autant d\u2019huile sur la pieuvre.\u00a0\u00bb Le libraire et Leo le restaurateur \u00e9changent de la marchandise contre des services, des livres contre des repas. \u00ab\u00a0Tu sais comment devenir millionnaire en \u00e9tant libraire ? rigole Leo. Commence avec deux millions.\u00a0\u00bb S.W r\u00e9plique\u00a0:\u00a0\u00ab\u00a0Vous voulez faire rouler une petite librairie ? Commencez avec une grosse.\u00a0\u00bb<\/p>\n<p>C\u2019est ce qu\u2019il a fait. La vieille boutique S.W. Welch sur la Main \u00e9tait plus large et plus profonde, avec plus d\u2019espace pour les livres. Mais l\u2019espace du Mile End semble plus chaleureux. Trois ans apr\u00e8s son d\u00e9m\u00e9nagement, on dirait que Welch y a toujours v\u00e9cu, accompagn\u00e9 d\u2019un groupe permanent de fureteurs tranquilles et une ou deux personnes \u00e9cras\u00e9es sur le vieux sofa.<\/p>\n<p>Quelqu\u2019un entre en demandant <em>Le livre de Pi<\/em>, de Yann Martel. Un \u00e9tudiant \u00e0 la recherche de <em>The Magic Mountain<\/em>, le trouve sur une table. Quelqu\u2019un d\u2019autre s\u2019informe d\u2019un titre d\u2019Asimov et un autre encore de <em>Kitchen Confidential<\/em> qu\u2019il a vu en vitrine. Les acheteurs paient les livres de poche de Carl Hiaasen et de Saul Bellow et l\u2019\u00e9dition en couverture rigide de George Steiner. S.W. se l\u00e8ve pour prendre des livres dans un pr\u00e9sentoir, se rassoit dans le petit espace derri\u00e8re le comptoir et se fait un espresso dans la minuscule cafeti\u00e8re \u00e0 port\u00e9e de son coude.<\/p>\n<p>Le comptoir est jonch\u00e9 de ses outils de travail\u00a0: une bo\u00eete de chiffons, une tasse remplie de crayons, des couteaux tout usage et une bouteille de colle Elmer.<\/p>\n<p>La porte grin\u00e7ante laisse entrer son lot de clients r\u00e9guliers, y compris un homme qui sent l\u2019alcool et qui veut vendre des CD qu\u2019il a probablement trouv\u00e9s dans les poubelles. S.W. lui en ach\u00e8te 20 en disant\u00a0:\u00a0\u00ab\u00a0J\u2019esp\u00e8re que c\u2019est du pur profit pour vous\u00a0\u00bb, m\u00eame s\u2019il ne vend aucun CD dans la boutique.<\/p>\n<p>\u00ab\u00a0Il est rendu \u00e0 l\u2019\u00e9tape juste avant d\u2019\u00eatre sans-abri\u00a0\u00bb, dit S.W. qui aime venir en aide aux gens qui vivent en dehors de l\u2019\u00e9conomie traditionnelle, comme les collectionneurs qui ratissent les ventes de d\u00e9barras et les bazars d\u2019\u00e9glises pour lui apporter des livres.<\/p>\n<p>Chaque client qui passe la porte a un commentaire sur la nouvelle coupe de cheveux et la barbe de S.W. En homme imposant avec une moustache blanche, il affirme qu\u2019il veut \u00e9viter ainsi les comparaisons saisonni\u00e8res avec le p\u00e8re No\u00ebl.<\/p>\n<p>\u00ab\u00a0J\u2019aime rencontrer les gens, mais dans le fond, je suis plut\u00f4t g\u00ean\u00e9\u00a0\u00bb, avoue S.W.<\/p>\n<p>Beany Peterson, l\u2019\u00e9pouse de S.W. depuis 35 ans, confirme cette r\u00e9v\u00e9lation. \u00ab\u00a0Stephen est g\u00ean\u00e9 au point de\u2026, s\u2019arr\u00eate-t-elle \u00e0 la recherche du mot exact. Il n\u2019ira pas \u00e0 une f\u00eate. Il a horreur des fonctions sociales.\u00a0\u00bb<\/p>\n<p>Elle explique que la seule mani\u00e8re de faire accepter \u00e0 S.W. de venir \u00e0 son 50<sup>e<\/sup> anniversaire a \u00e9t\u00e9 de lui faire tenir le r\u00f4le de barman. \u00ab\u00a0S\u2019il peut s\u2019asseoir derri\u00e8re un comptoir en faisant quelque chose et que les gens viennent \u00e0 lui, il sera heureux.\u00a0\u00bb<\/p>\n<p>Derri\u00e8re le comptoir du magasin, S.W. remarque\u00a0:\u00a0\u00ab\u00a0Je suis dans ma zone de confort ici. Je suis en contr\u00f4le.\u00a0\u00bb Dans cette zone, il bavarde amicalement \u00e0 propos de Beany, un libraire de l\u2019Institut neurologique de Montr\u00e9al et son partenaire au magasin; il parle de ses fils, Andrew et Patrick, de la maison familiale au Nouveau-Brunswick, de la conserverie de sardine de son grand-p\u00e8re, de ses \u00e9piceries et ses restaurants favoris, de sa perte de poids de 80 livres l\u2019an dernier, de ce qu\u2019il fera pour le souper (des moules ce soir, un r\u00f4ti de porc cuit lentement demain), du yogourt grec sans gras, des photos qu\u2019il a prises r\u00e9cemment, de son appareil photo, et bien s\u00fbr de livres.<\/p>\n<p>\u00ab\u00a0Je m\u2019int\u00e9resse aux plus petits d\u00e9tails de chaque livre\u00a0\u00bb, dit-il en sortant un livre de poche d\u2019une centaine d\u2019ann\u00e9es qu\u2019il a achet\u00e9 r\u00e9cemment, intitul\u00e9 <em>Kenya: Britain\u2019s Youngest and Most Attractive Colony<\/em>. \u00ab\u00a0C\u2019est une mine de renseignements int\u00e9ressants.\u00a0\u00bb Il ma\u00eetrise certains trucs du m\u00e9tier.<\/p>\n<p>\u00ab\u00a0J\u2019avoue qu\u2019il y a beaucoup de bluff. Lorsqu\u2019il s\u2019agit d\u2019acheter des livres, la premi\u00e8re chose est de ne montrer aucun int\u00e9r\u00eat. Les livres ne sont que des gadgets que vous vendez \u00e0 des acheteurs de gadgets.\u00a0\u00bb<\/p>\n<p>Au magasin, un client sort Dorothy Parker, e.e. cummings et Langston Hughes d\u2019un sac \u00e0 dos. \u00ab\u00a0Douze dollars pour ceux-l\u00e0\u00a0\u00bb, c\u2019est le verdict qui vient de derri\u00e8re le comptoir.<\/p>\n<p>Les \u00e9tag\u00e8res sont pleines, il y a des chariots remplis de livres et des bo\u00eetes sur le sol, mais la marchandise n\u2019arr\u00eate pas d\u2019arriver. \u00ab\u00a0Je ne me plains pas, dit S.W. Je d\u00e9penserais jusqu\u2019\u00e0 mes derniers sous sur des livres.\u00a0\u00bb<\/p>\n<p>&nbsp;<\/p>\n<p>&nbsp;<\/p>","protected":false},"excerpt":{"rendered":"<p>\u00c0 la fin du mois de f\u00e9vrier 2021, Stephen Welch a annonc\u00e9 la fermeture de sa librairie en raison de la forte hausse de loyer inflig\u00e9e par son propri\u00e9taire, le groupe Shiller Lavy. La nouvelle, qui a \u00e9t\u00e9 re\u00e7ue avec stupeur par de nombreux r\u00e9sidents et r\u00e9sidentes du Mile End, a obtenu un fort impact [&hellip;]<\/p>\n","protected":false},"author":9,"featured_media":0,"comment_status":"open","ping_status":"open","sticky":false,"template":"","format":"standard","meta":[],"categories":[36],"tags":[34],"_links":{"self":[{"href":"http:\/\/memoire.mile-end.qc.ca\/fr\/wp-json\/wp\/v2\/posts\/5366"}],"collection":[{"href":"http:\/\/memoire.mile-end.qc.ca\/fr\/wp-json\/wp\/v2\/posts"}],"about":[{"href":"http:\/\/memoire.mile-end.qc.ca\/fr\/wp-json\/wp\/v2\/types\/post"}],"author":[{"embeddable":true,"href":"http:\/\/memoire.mile-end.qc.ca\/fr\/wp-json\/wp\/v2\/users\/9"}],"replies":[{"embeddable":true,"href":"http:\/\/memoire.mile-end.qc.ca\/fr\/wp-json\/wp\/v2\/comments?post=5366"}],"version-history":[{"count":8,"href":"http:\/\/memoire.mile-end.qc.ca\/fr\/wp-json\/wp\/v2\/posts\/5366\/revisions"}],"predecessor-version":[{"id":6112,"href":"http:\/\/memoire.mile-end.qc.ca\/fr\/wp-json\/wp\/v2\/posts\/5366\/revisions\/6112"}],"wp:attachment":[{"href":"http:\/\/memoire.mile-end.qc.ca\/fr\/wp-json\/wp\/v2\/media?parent=5366"}],"wp:term":[{"taxonomy":"category","embeddable":true,"href":"http:\/\/memoire.mile-end.qc.ca\/fr\/wp-json\/wp\/v2\/categories?post=5366"},{"taxonomy":"post_tag","embeddable":true,"href":"http:\/\/memoire.mile-end.qc.ca\/fr\/wp-json\/wp\/v2\/tags?post=5366"}],"curies":[{"name":"wp","href":"https:\/\/api.w.org\/{rel}","templated":true}]}}