{"id":5429,"date":"2021-04-15T16:27:23","date_gmt":"2021-04-15T20:27:23","guid":{"rendered":"http:\/\/memoire.mile-end.qc.ca\/?p=5429"},"modified":"2021-09-30T21:32:35","modified_gmt":"2021-10-01T01:32:35","slug":"les-debuts-du-comite-des-citoyens-du-mile-end","status":"publish","type":"post","link":"http:\/\/memoire.mile-end.qc.ca\/fr\/les-debuts-du-comite-des-citoyens-du-mile-end\/","title":{"rendered":"Les d\u00e9buts du Comit\u00e9 des citoyens du Mile End"},"content":{"rendered":"<p><em>Le Mile End a connu plusieurs comit\u00e9s de citoyens au fil des ans. Au d\u00e9but du XXe si\u00e8cle, des r\u00e9sidents se regroupent pour pr\u00e9server le caract\u00e8re exclusivement r\u00e9sidentiel de l\u2019avenue du Parc et s\u2019opposent \u00e0 la multiplication des commerces et des d\u00e9bits de boisson. En 1967, celui qu\u2019on surnomme \u00ab&nbsp;le pr\u00eatre des pauvres&nbsp;\u00bb, Hubert Falardeau, cr\u00e9e un nouveau comit\u00e9 de citoyens, de concert avec des militants de l\u2019Action sociale \u00e9tudiante. Il s\u2019agit de d\u00e9fendre les int\u00e9r\u00eats de ceux et celles qui vivent dans un quartier alors consid\u00e9r\u00e9 comme l\u2019un des plus d\u00e9favoris\u00e9s de Montr\u00e9al.<\/em><\/p>\n<p><em>Le comit\u00e9 actuel a \u00e9t\u00e9 cr\u00e9\u00e9 par des jeunes m\u00e8res de famille en 1982. Avec celui de Milton-Parc, c\u2019est probablement l\u2019un des plus anciens comit\u00e9s de citoyens toujours actif \u00e0 Montr\u00e9al. Ses premi\u00e8res revendications portent sur la qualit\u00e9 de vie dans un quartier alors d\u00e9laiss\u00e9 par les autorit\u00e9s municipales. L\u2019action du comit\u00e9 se concentre initialement sur la partie nord-ouest du Mile End&nbsp;: il d\u00e9finit les fronti\u00e8res de son territoire par la rue Hutchison du c\u00f4t\u00e9 ouest, le boulevard Saint-Laurent \u00e0 l\u2019est, et les avenues Van Horne et Laurier au nord et au sud. <\/em><\/p>\n<p><em>En 1985\u20131986, l\u2019administration municipale entreprend la r\u00e9forme de son plan de zonage commercial. Celui-ci aurait compl\u00e8tement transform\u00e9 la vocation des rues Fairmount et Saint-Viateur. Le Comit\u00e9 des citoyens organise alors une vaste consultation publique et recueille des dizaines de t\u00e9moignages des r\u00e9sidents du quartier. L\u2019exercice conduit \u00e0 un m\u00e9moire qui d\u00e9fend le caract\u00e8re original de ces rues et explique leur r\u00f4le dans l\u2019identit\u00e9 du Mile End.<\/em><\/p>\n<p>Le Comit\u00e9 des citoyens se pr\u00e9occupe d\u2019abord surtout d&#8217;enjeux li\u00e9s \u00e0 la qualit\u00e9 de vie dans le quartier&nbsp;: propret\u00e9 des rues et des ruelles, embellissement et cr\u00e9ation d&#8217;espaces verts, densit\u00e9 de la circulation automobile. Ce dernier th\u00e8me est celui qui mobilise initialement le plus d\u2019\u00e9nergies, car l&#8217;ouest du Mile End est enclav\u00e9 entre deux art\u00e8res de transit \u00e0 haute densit\u00e9 de circulation, l&#8217;avenue du Parc et le boulevard Saint-Laurent. Le Comit\u00e9 r\u00e9affirme le caract\u00e8re r\u00e9sidentiel des rues du quartier, face \u00e0 des automobilistes qui les utilisent comme des raccourcis \u00e0 haute vitesse pour contourner les bouchons de circulation sur les art\u00e8res principales.<\/p>\n<p>\u00c0 la suite de graves accidents impliquant des enfants, le Comit\u00e9 demande la pi\u00e9tonisation de la petite rue Groll, entre Jeanne-Mance et Saint-Urbain, et l&#8217;installation d&#8217;arr\u00eats aux diff\u00e9rentes intersections de la rue Saint-Viateur. Dans tous les cas, les militantes se heurtent d\u2019abord \u00e0 l&#8217;opposition des ing\u00e9nieurs municipaux qui estiment que de telles mesures nuisent \u00e0 la fluidit\u00e9 de la circulation automobile. Une premi\u00e8re victoire est obtenue en 1985, lorsque Groll est pi\u00e9tonnis\u00e9e et que des panneaux d\u2019arr\u00eat sont install\u00e9s \u00e0 ses intersections.<\/p>\n<div id=\"attachment_5431\" style=\"width: 387px\" class=\"wp-caption alignnone\"><img aria-describedby=\"caption-attachment-5431\" loading=\"lazy\" class=\"size-medium wp-image-5431\" src=\"http:\/\/memoire.mile-end.qc.ca\/wp-content\/uploads\/1985_05_29-LSL-Groll-1-377x600.jpg\" alt=\"\" width=\"377\" height=\"600\" srcset=\"http:\/\/memoire.mile-end.qc.ca\/wp-content\/uploads\/1985_05_29-LSL-Groll-1-377x600.jpg 377w, http:\/\/memoire.mile-end.qc.ca\/wp-content\/uploads\/1985_05_29-LSL-Groll-1-768x1224.jpg 768w, http:\/\/memoire.mile-end.qc.ca\/wp-content\/uploads\/1985_05_29-LSL-Groll-1-643x1024.jpg 643w, http:\/\/memoire.mile-end.qc.ca\/wp-content\/uploads\/1985_05_29-LSL-Groll-1.jpg 866w\" sizes=\"(max-width: 377px) 100vw, 377px\" \/><p id=\"caption-attachment-5431\" class=\"wp-caption-text\">Liaison Saint-Louis, 29 mai 1985<\/p><\/div>\n<p>Cette m\u00eame ann\u00e9e, la Ville de Montr\u00e9al entreprend une vaste r\u00e9forme de son plan de zonage commercial et r\u00e9sidentiel. Dans le Mile End, il pr\u00e9voit que les rues Fairmount et Saint-Viateur vont devenir exclusivement r\u00e9sidentielles (les commerces existants conservent des droits acquis, sauf en cas d&#8217;incendie), tandis que le caract\u00e8re commercial et non r\u00e9sidentiel de l&#8217;avenue du Parc et du boulevard Saint-Laurent est renforc\u00e9. Le Comit\u00e9 m\u00e8ne alors une vaste consultation qui lui permet de d\u00e9finir sa vision du quartier. Il en r\u00e9sulte un m\u00e9moire, r\u00e9dig\u00e9 par Elaine C\u00f4t\u00e9, Diane Lasnier et Claudine Schirardin, <em>La parole des r\u00e9sidents<\/em>. Il est d\u00e9pos\u00e9 en mai 1986 lors des audiences publiques sur le nouveau plan. Le chapitre d&#8217;introduction, intitul\u00e9 \u00ab&nbsp;notre village&nbsp;\u00bb, en r\u00e9sume tout le programme&nbsp;:<\/p>\n<blockquote><p>Nous habitons le Mile End, mais nous pouvons dire tout aussi bien que le Mile End nous habite, car notre quartier, mieux encore, notre village est bien sp\u00e9cial et bien attachant. [\u2026]<\/p>\n<p>La rue Saint-Viateur est \u00e0 notre avis, et sans contredit, la \u00ab&nbsp;Main Street&nbsp;\u00bb du village, son noyau \u00e9motif et en ce sens-l\u00e0, vital. Les rues Bernard et Fairmount servent toutes deux de cadre nord et sud, desservant plus particuli\u00e8rement les populations qui leur sont limitrophes. [\u2026] Nos rues r\u00e9sidentielles vivent depuis toujours en harmonie avec elles&nbsp;; elles d\u00e9pendent d&#8217;ailleurs toutes des unes des autres et elles se refl\u00e8tent les unes dans les autres.<\/p>\n<p>Ces rues regorgent de magasins de toutes sortes, de la petite \u00e9choppe de cordonnier \u00e0 la pharmacie de grande surface, en passant par les agences de voyage, salles de billard, boutiques de tissus et les poissonneries, boutiques kasher, etc<a href=\"#_ftn1\" name=\"_ftnref1\">[1]<\/a>.<\/p>\n<div id=\"attachment_5432\" style=\"width: 458px\" class=\"wp-caption alignnone\"><img aria-describedby=\"caption-attachment-5432\" loading=\"lazy\" class=\"size-medium wp-image-5432\" src=\"http:\/\/memoire.mile-end.qc.ca\/wp-content\/uploads\/CCME_1986-448x600.jpeg\" alt=\"\" width=\"448\" height=\"600\" srcset=\"http:\/\/memoire.mile-end.qc.ca\/wp-content\/uploads\/CCME_1986-448x600.jpeg 448w, http:\/\/memoire.mile-end.qc.ca\/wp-content\/uploads\/CCME_1986-768x1028.jpeg 768w, http:\/\/memoire.mile-end.qc.ca\/wp-content\/uploads\/CCME_1986-765x1024.jpeg 765w\" sizes=\"(max-width: 448px) 100vw, 448px\" \/><p id=\"caption-attachment-5432\" class=\"wp-caption-text\">La page couverture du m\u00e9moire pr\u00e9par\u00e9 par le Comit\u00e9 des citoyens du Mile End, mai 1986.<\/p><\/div><\/blockquote>\n<p>Le comit\u00e9 s&#8217;oppose donc, au nom de cette vision villageoise, au reclassement r\u00e9sidentiel des rues Fairmount et Saint-Viateur. Il consid\u00e8re que ce sont les hauts lieux des commerces de proximit\u00e9 destin\u00e9s aux r\u00e9sidents du quartier. Le comit\u00e9 craint de plus que limiter les zones commerciales \u00e0 l&#8217;avenue du Parc et au boulevard Saint-Laurent ne laisse place qu&#8217;\u00e0 des grandes surfaces anonymes et sans \u00e2me&nbsp;: \u00ab&nbsp;nous refusons de vivre dans un secteur exclusivement r\u00e9sidentiel qui serait ceintur\u00e9 par des rues \u00e0 grands commerces. Nous avons choisi de vivre dans ce quartier justement pour son h\u00e9t\u00e9rog\u00e9n\u00e9it\u00e9 et ses m\u00e9langes.&nbsp;\u00bb Et cette h\u00e9t\u00e9rog\u00e9n\u00e9it\u00e9 revendiqu\u00e9e, c&#8217;est d&#8217;abord sa multiethnicit\u00e9. Selon le comit\u00e9, c&#8217;est ce qui diff\u00e9rencie fondamentalement le Mile End d&#8217;Outremont ou encore du Plateau Mont-Royal voisin&nbsp;:<\/p>\n<blockquote><p>Ce quartier refl\u00e8te une diversit\u00e9 \u00e9tonnante d&#8217;o\u00f9 transpara\u00eet l&#8217;esprit si particulier de ses r\u00e9sidents. On est d&#8217;abord frapp\u00e9 par la diversit\u00e9 de nos origines ethniques qui recouvrent facilement tous les continents [\u2026]. Ce bout du Mile End est, depuis le d\u00e9but du si\u00e8cle, le premier point de chute des nouveaux immigrants, et il le demeure encore aujourd&#8217;hui. Sur nos rues nous entendons toutes sortes de langues, croisons des personnes de toutes les races et couleurs&nbsp;; plusieurs religions se c\u00f4toient et diff\u00e9rentes cultures traditionnelles et modernes vivent les unes \u00e0 c\u00f4t\u00e9 des autres. En harmonie. [\u2026] Familles grecques et vietnamiennes, ha\u00eftiennes ou hassidiques, vieux couples polonais, jeunes qu\u00e9b\u00e9cois et italiens. [\u2026]<\/p>\n<p>Est-ce l&#8217;ensemble de nos m\u00e9langes, ou l&#8217;\u00e9troitesse de nos rues, ou la proximit\u00e9 des maisons et appartements&nbsp;; ou est-ce un peu tout cela ensemble, ou tout \u00e0 fait autre chose, qui explique la chaleur et la sympathie qui se d\u00e9gage de par chez nous\u00a0? Les gens se connaissent, parfois tr\u00e8s bien&nbsp;; les enfants jouent et se chamaillent et grandissent ensemble&nbsp;; les voisins se parlent ou se disputent&nbsp;: ils s&#8217;ignorent rarement. On trouve des r\u00e9seaux de sociabilit\u00e9 entre amis et familles, des circuits d&#8217;entraide&nbsp;; les petits bistrots et clubs servent de lieux de rencontre, tout comme les magasins d&#8217;ailleurs [\u2026] En un mot, notre quartier est un village, plein de vie et de couleurs, plein d&#8217;activit\u00e9s et de monde que nous aimons c\u00f4toyer et conna\u00eetre.<\/p><\/blockquote>\n<p>La Ville de Montr\u00e9al fait alors face aux pressions de promoteurs qui veulent transformer l\u2019avenue du Parc et le boulevard Saint-Laurent dans le Mile End en \u00ab&nbsp;destinations&nbsp;\u00bb commerciales. Du c\u00f4t\u00e9 de l\u2019avenue du Parc, les bars, restaurants et bo\u00eetes de nuit se multiplient depuis le d\u00e9but des ann\u00e9es 1980&nbsp;: un promoteur veut m\u00eame transformer le th\u00e9\u00e2tre Rialto, aujourd\u2019hui un monument historique class\u00e9, en centre commercial haut de gamme, \u00ab&nbsp;l\u2019Atrium du Parc.&nbsp;\u00bb Le nouveau zonage permettrait aux commerces de prendre de l\u2019expansion en r\u00e9cup\u00e9rant l&#8217;espace des appartements situ\u00e9s au-dessus du rez-de-chauss\u00e9e des \u00e9difices de l\u2019avenue, h\u00e9ritage de la p\u00e9riode o\u00f9 celle-ci \u00e9tait exclusivement r\u00e9sidentielle. Quelques rues plus \u00e0 l\u2019est, d\u2019autres investisseurs veulent cr\u00e9er, entre Laurier et Saint-Viateur, \u00ab&nbsp;Le village du Milieu&nbsp;\u00bb&nbsp;: leur ambition est de faire de cette portion du boulevard Saint-Laurent, alors \u00e0 l\u2019abandon, un haut-lieu de la vie nocturne montr\u00e9alaise et m\u00eame d\u2019y attirer le \u00ab&nbsp;jet-set international.&nbsp;\u00bb<\/p>\n<p>Le Comit\u00e9 des citoyens s\u2019oppose \u00e0 cette vision. Il r\u00e9plique que la sp\u00e9culation d\u00e9loge les petits commerces qui servent le voisinage depuis des d\u00e9cennies et qui donnent au quartier sa couleur unique&nbsp;: \u00ab&nbsp;nous ne pouvons accepter des projets de d\u00e9veloppement \u00e9conomique \u2013 aussi beaux et chics et modernes qu&#8217;ils soient \u2013 qui tuent l&#8217;esprit multi-ethnique, la r\u00e9alit\u00e9 immigrante et le fondement populaire de ce bout du Mile End.&nbsp;\u00bb Montr\u00e9al tente d\u2019abord de couper la poire en deux en proposant un statut d&#8217;art\u00e8re m\u00e9tropolitaine pour l&#8217;avenue du Parc \u2013 elle invoque les droits acquis ainsi que son caract\u00e8re ethnique \u2013 et en limitant \u00e0 la cat\u00e9gorie desserte de quartier les commerces du boulevard Saint-Laurent, ce qui en limite leur taille. La Ville maintient \u00e9galement le statuquo sur les rues Fairmount et Saint-Viateur.<\/p>\n<p>Le Rassemblement des citoyens de Montr\u00e9al (RCM), qui arrive au pouvoir \u00e0 l\u2019automne 1986, va plus loin en imposant un moratoire sur les nouveaux permis de bars et restaurants boulevard Saint-Laurent, au nord de l\u2019avenue Mont-Royal. Il prot\u00e8ge \u00e9galement la vocation r\u00e9sidentielle des \u00e9tages situ\u00e9s au-dessus du rez-de-chauss\u00e9e des \u00e9difices de l\u2019avenue du Parc. Cependant, c\u2019est surtout la r\u00e9cession du d\u00e9but des ann\u00e9es 1990 qui mettra fin, temporairement du moins, aux ambitions des promoteurs. Une nouvelle phase dans l\u2019\u00e9volution du Mile End s\u2019amorcera \u00e0 partir de 1997, symbolis\u00e9e par l\u2019implantation, cette ann\u00e9e-l\u00e0, de la multinationale fran\u00e7aise Ubisoft dans l\u2019ancienne <a href=\"http:\/\/memoire.mile-end.qc.ca\/edifice-peck\/\">manufacture de v\u00eatements Peck<\/a>.<\/p>\n<p>Le Comit\u00e9 des citoyens poursuivra ses activit\u00e9s tout au long de ces p\u00e9riodes. Il organise, entre 1986 et 1999, \u00ab&nbsp;La Saint-Jean dans le Mile End&nbsp;\u00bb, une c\u00e9l\u00e9bration de la diversit\u00e9 multiethnique du quartier. Le comit\u00e9 lutte \u00e9galement pour la pr\u00e9servation d\u2019institutions de l\u2019avenue du Parc, comme l\u2019<a href=\"http:\/\/memoire.mile-end.qc.ca\/eglise-de-lascension\/\">\u00e9glise de l\u2019Ascension<\/a>, devenue la Biblioth\u00e8que Mordecai-Richler, et le <a href=\"http:\/\/memoire.mile-end.qc.ca\/rialto-cinema\/\">th\u00e9\u00e2tre Rialto<\/a>, ainsi que pour le maintien du <a href=\"http:\/\/memoire.mile-end.qc.ca\/ymca-du-parc\/\">YMCA<\/a> dans le quartier. Une nouvelle g\u00e9n\u00e9ration de militants lancera en 2009 une vaste consultation, \u00ab&nbsp;Le Mile End en chantier&nbsp;\u00bb, centr\u00e9e sur la revitalisation de la partie est du quartier. Elle conduira notamment \u00e0 la cr\u00e9ation du <a href=\"http:\/\/memoire.mile-end.qc.ca\/le-passe-anterieur-du-champ-des-possibles\/\">Champ des possibles<\/a> et aux initiatives pour la pr\u00e9servation des ateliers d\u2019artistes dans les anciennes manufactures. Le comit\u00e9 jouera \u00e9galement le r\u00f4le-clef dans la comm\u00e9moration de la m\u00e9moire de la chanteuse Lhasa de Sela, ce qui conduira \u00e0 renommer le parc Clark de son nom. Nous aborderons ces th\u00e8mes dans de prochains articles.<\/p>\n<p>\u2022 <a href=\"http:\/\/memoire.mile-end.qc.ca\/le-comite-des-citoyens-du-mile-end-annees-1980-1990-la-renaissance-dun-quartier-oublie\/\">Ann\u00e9es 1980-1990 : la renaissance d\u2019un quartier oubli\u00e9<\/a><br \/>\n\u2022 <a href=\"http:\/\/memoire.mile-end.qc.ca\/le-comite-des-citoyens-du-mile-end-les-annees-2000\/\">Ann\u00e9es 2000 : le Mile End en chantier, le parc Lhasa-de Sela, et d&#8217;autres actions<\/a><\/p>\n<hr \/>\n<p><a href=\"#_ftnref1\" name=\"_ftn1\">[1]<\/a> Elaine C\u00f4t\u00e9, Diane Lasnier et Claudine Schirardin, <em>La parole des r\u00e9sidents, <\/em>m\u00e9moire pr\u00e9sent\u00e9 par le Comit\u00e9 des citoyens du quartier Mile-End \u00e0 propos du zonage commercial, mai 1986.<\/p>\n<hr \/>\n<p><a href=\"https:\/\/www.septentrion.qc.ca\/catalogue\/histoire-du-mile-end\" target=\"_blank\" rel=\"noopener\"><img loading=\"lazy\" class=\"alignleft wp-image-4888 size-medium\" src=\"http:\/\/memoire.mile-end.qc.ca\/wp-content\/uploads\/L97828944888981-480x600.jpg\" alt=\"\" width=\"100\" height=\"125\" srcset=\"http:\/\/memoire.mile-end.qc.ca\/wp-content\/uploads\/L97828944888981-480x600.jpg 480w, http:\/\/memoire.mile-end.qc.ca\/wp-content\/uploads\/L97828944888981.jpg 720w\" sizes=\"(max-width: 100px) 100vw, 100px\" \/><\/a>Ce texte est une version adapt\u00e9e d&#8217;un extrait de l&#8217;<em><a href=\"https:\/\/www.septentrion.qc.ca\/catalogue\/histoire-du-mile-end\" target=\"_blank\" rel=\"noopener\">Histoire du Mile End<\/a><\/em>, par Yves Desjardins, \u00c9ditions du Septentrion, 2017. Avec l&#8217;aimable permission de l&#8217;\u00e9diteur.<\/p>","protected":false},"excerpt":{"rendered":"<p>Le Mile End a connu plusieurs comit\u00e9s de citoyens au fil des ans. Au d\u00e9but du XXe si\u00e8cle, des r\u00e9sidents se regroupent pour pr\u00e9server le caract\u00e8re exclusivement r\u00e9sidentiel de l\u2019avenue du Parc et s\u2019opposent \u00e0 la multiplication des commerces et des d\u00e9bits de boisson. En 1967, celui qu\u2019on surnomme \u00ab&nbsp;le pr\u00eatre des pauvres&nbsp;\u00bb, Hubert Falardeau, [&hellip;]<\/p>\n","protected":false},"author":5,"featured_media":0,"comment_status":"open","ping_status":"open","sticky":false,"template":"","format":"standard","meta":[],"categories":[25],"tags":[],"_links":{"self":[{"href":"http:\/\/memoire.mile-end.qc.ca\/fr\/wp-json\/wp\/v2\/posts\/5429"}],"collection":[{"href":"http:\/\/memoire.mile-end.qc.ca\/fr\/wp-json\/wp\/v2\/posts"}],"about":[{"href":"http:\/\/memoire.mile-end.qc.ca\/fr\/wp-json\/wp\/v2\/types\/post"}],"author":[{"embeddable":true,"href":"http:\/\/memoire.mile-end.qc.ca\/fr\/wp-json\/wp\/v2\/users\/5"}],"replies":[{"embeddable":true,"href":"http:\/\/memoire.mile-end.qc.ca\/fr\/wp-json\/wp\/v2\/comments?post=5429"}],"version-history":[{"count":22,"href":"http:\/\/memoire.mile-end.qc.ca\/fr\/wp-json\/wp\/v2\/posts\/5429\/revisions"}],"predecessor-version":[{"id":5715,"href":"http:\/\/memoire.mile-end.qc.ca\/fr\/wp-json\/wp\/v2\/posts\/5429\/revisions\/5715"}],"wp:attachment":[{"href":"http:\/\/memoire.mile-end.qc.ca\/fr\/wp-json\/wp\/v2\/media?parent=5429"}],"wp:term":[{"taxonomy":"category","embeddable":true,"href":"http:\/\/memoire.mile-end.qc.ca\/fr\/wp-json\/wp\/v2\/categories?post=5429"},{"taxonomy":"post_tag","embeddable":true,"href":"http:\/\/memoire.mile-end.qc.ca\/fr\/wp-json\/wp\/v2\/tags?post=5429"}],"curies":[{"name":"wp","href":"https:\/\/api.w.org\/{rel}","templated":true}]}}