{"id":5718,"date":"2021-10-28T12:11:22","date_gmt":"2021-10-28T16:11:22","guid":{"rendered":"http:\/\/memoire.mile-end.qc.ca\/?p=5718"},"modified":"2022-06-24T21:13:35","modified_gmt":"2022-06-25T01:13:35","slug":"visite-a-pied-a-la-recherche-du-mile-end-irlandais","status":"publish","type":"post","link":"http:\/\/memoire.mile-end.qc.ca\/fr\/visite-a-pied-a-la-recherche-du-mile-end-irlandais\/","title":{"rendered":"Visite \u00e0 pied\u00a0: \u00c0 la recherche du Mile End irlandais"},"content":{"rendered":"<p><div id=\"attachment_5719\" style=\"width: 1034px\" class=\"wp-caption alignnone\"><img aria-describedby=\"caption-attachment-5719\" loading=\"lazy\" class=\"size-large wp-image-5719\" src=\"http:\/\/memoire.mile-end.qc.ca\/wp-content\/uploads\/IMG_6628-1024x768.jpeg\" alt=\"\" width=\"1024\" height=\"768\" srcset=\"http:\/\/memoire.mile-end.qc.ca\/wp-content\/uploads\/IMG_6628-1024x768.jpeg 1024w, http:\/\/memoire.mile-end.qc.ca\/wp-content\/uploads\/IMG_6628-600x450.jpeg 600w, http:\/\/memoire.mile-end.qc.ca\/wp-content\/uploads\/IMG_6628-768x576.jpeg 768w\" sizes=\"(max-width: 1024px) 100vw, 1024px\" \/><p id=\"caption-attachment-5719\" class=\"wp-caption-text\">Le Mile End et le mont Royal vus du viaduc Rosemont\u2013Van Horne, juin 2020 \/ photo Justin Bur<\/p><\/div><\/p>\n<p>En 1915, l\u2019\u00e9glise St. Michael\u2019s dans le Mile End pouvait se vanter d\u2019\u00eatre la paroisse catholique anglophone la plus nombreuse de la ville de Montr\u00e9al. Au fil des d\u00e9cennies suivantes, cette population a d\u00e9m\u00e9nag\u00e9 vers d\u2019autres quartiers. L\u2019\u00e9glise St. Michael\u2019s a fusionn\u00e9 avec une mission polonaise en 1969 et aujourd\u2019hui, les gens sont souvent surpris d\u2019apprendre que l\u2019\u00e9glise ait d\u00e9j\u00e0 \u00e9t\u00e9 irlandaise.<\/p>\n<p><strong>Nouvelle visite<\/strong> \u2013 aucune inscription n\u00e9cessaire, pr\u00e9sentez-vous simplement au point de d\u00e9part.<br \/>\n<strong>Date et heure<\/strong>: <strong>samedi 25<\/strong> juin 2022, <strong>13 h 30<\/strong><br \/>\n<strong>Lieu<\/strong>: <strong>m\u00e9tro Laurier<\/strong>, sortie Laurier, \u00e0 l&#8217;intersection de la rue Rivard (place du Coteau-Saint-Louis)<br \/>\nLangues: anglais et fran\u00e7ais<br \/>\nFin: \u00c9glise St. Michael&#8217;s avant 15 h<\/p>\n<hr \/>\n<p>M\u00e9moire du Mile End part \u00e0 la recherche du Mile End irlandais. Avec le soutien du projet Appartenance et identit\u00e9 du <a href=\"https:\/\/qahn.org\/\">R\u00e9seau du patrimoine anglophone du Qu\u00e9bec<\/a> (RPAQ\/QAHN) [1], nous avons entam\u00e9 un processus de recherches visant \u00e0 d\u00e9couvrir l\u2019h\u00e9ritage irlandaise du quartier et la dispersion de la communaut\u00e9 apr\u00e8s la Seconde Guerre mondiale.<\/p>\n<p>Venez participer \u00e0 notre premi\u00e8re visite \u00e0 pied du Mile End irlandais, vendredi 29 octobre. Rendez-vous \u00e0 16 h, avenue Shamrock \u00e0 l\u2019intersection de la rue Saint-Dominique, une rue au sud de Jean-Talon et une rue \u00e0 l\u2019ouest de la boulangerie Premi\u00e8re moisson du march\u00e9 Jean-Talon. La promenade se terminera \u00e0 la station Laurier avant 18 h.<\/p>\n<p><a href=\"mailto:info@mile-end.qc.ca\">\u00c9crivez-nous<\/a> si vous avez des histoires, des images ou des souvenirs du Mile End irlandais \u2013 si vous ou votre famille avez \u00e9t\u00e9 paroissiens de St. Michael\u2019s ou \u00e9l\u00e8ves dans ses \u00e9coles, si vous avez des souvenirs d\u2019\u00e9v\u00e9nements ou de lieux d\u2019importance.<\/p>\n<p><strong>Date et heure<\/strong>: <strong>vendredi 29<\/strong> octobre 2021, <strong>16 h<\/strong><br \/>\n<strong>Lieu<\/strong>: <strong>avenue Shamrock<\/strong> \u00e0 l&#8217;intersection de la rue Saint-Dominique (place Shamrock, pr\u00e8s du march\u00e9 Jean-Talon)<br \/>\nLangues: anglais et fran\u00e7ais<br \/>\nFin: station de m\u00e9tro Laurier avant 18 h<\/p>\n<p><a href=\"https:\/\/www.eventbrite.ca\/e\/billets-irish-mile-end-walk-visite-a-pied-du-mile-end-irlandais-200994809887\">R\u00e9servation Eventbrite<\/a>\u00a0gratuite (recommand\u00e9e)<\/p>\n<p>[1] Le projet Appartenance et identit\u00e9 re\u00e7oit son financement du Secr\u00e9tariat aux relations avec les Qu\u00e9b\u00e9cois d\u2019expression anglaise du gouvernement du Qu\u00e9bec.<\/p>","protected":false},"excerpt":{"rendered":"<p>En 1915, l\u2019\u00e9glise St. Michael\u2019s dans le Mile End pouvait se vanter d\u2019\u00eatre la paroisse catholique anglophone la plus nombreuse de la ville de Montr\u00e9al. Au fil des d\u00e9cennies suivantes, cette population a d\u00e9m\u00e9nag\u00e9 vers d\u2019autres quartiers. L\u2019\u00e9glise St. Michael\u2019s a fusionn\u00e9 avec une mission polonaise en 1969 et aujourd\u2019hui, les gens sont souvent surpris [&hellip;]<\/p>\n","protected":false},"author":2,"featured_media":0,"comment_status":"open","ping_status":"open","sticky":false,"template":"","format":"standard","meta":[],"categories":[1,5],"tags":[],"_links":{"self":[{"href":"http:\/\/memoire.mile-end.qc.ca\/fr\/wp-json\/wp\/v2\/posts\/5718"}],"collection":[{"href":"http:\/\/memoire.mile-end.qc.ca\/fr\/wp-json\/wp\/v2\/posts"}],"about":[{"href":"http:\/\/memoire.mile-end.qc.ca\/fr\/wp-json\/wp\/v2\/types\/post"}],"author":[{"embeddable":true,"href":"http:\/\/memoire.mile-end.qc.ca\/fr\/wp-json\/wp\/v2\/users\/2"}],"replies":[{"embeddable":true,"href":"http:\/\/memoire.mile-end.qc.ca\/fr\/wp-json\/wp\/v2\/comments?post=5718"}],"version-history":[{"count":7,"href":"http:\/\/memoire.mile-end.qc.ca\/fr\/wp-json\/wp\/v2\/posts\/5718\/revisions"}],"predecessor-version":[{"id":5839,"href":"http:\/\/memoire.mile-end.qc.ca\/fr\/wp-json\/wp\/v2\/posts\/5718\/revisions\/5839"}],"wp:attachment":[{"href":"http:\/\/memoire.mile-end.qc.ca\/fr\/wp-json\/wp\/v2\/media?parent=5718"}],"wp:term":[{"taxonomy":"category","embeddable":true,"href":"http:\/\/memoire.mile-end.qc.ca\/fr\/wp-json\/wp\/v2\/categories?post=5718"},{"taxonomy":"post_tag","embeddable":true,"href":"http:\/\/memoire.mile-end.qc.ca\/fr\/wp-json\/wp\/v2\/tags?post=5718"}],"curies":[{"name":"wp","href":"https:\/\/api.w.org\/{rel}","templated":true}]}}