{"id":5803,"date":"2022-03-01T11:28:31","date_gmt":"2022-03-01T16:28:31","guid":{"rendered":"http:\/\/memoire.mile-end.qc.ca\/?p=5803"},"modified":"2022-11-18T11:34:01","modified_gmt":"2022-11-18T16:34:01","slug":"conference-a-la-recherche-du-mile-end-irlandais","status":"publish","type":"post","link":"http:\/\/memoire.mile-end.qc.ca\/fr\/conference-a-la-recherche-du-mile-end-irlandais\/","title":{"rendered":"Conf\u00e9rence\u00a0: \u00c0 la recherche du Mile End irlandais"},"content":{"rendered":"<p><div id=\"attachment_5719\" style=\"width: 1034px\" class=\"wp-caption alignnone\"><img aria-describedby=\"caption-attachment-5719\" loading=\"lazy\" class=\"size-large wp-image-5719\" src=\"http:\/\/memoire.mile-end.qc.ca\/wp-content\/uploads\/IMG_6628-1024x768.jpeg\" alt=\"\" width=\"1024\" height=\"768\" srcset=\"http:\/\/memoire.mile-end.qc.ca\/wp-content\/uploads\/IMG_6628-1024x768.jpeg 1024w, http:\/\/memoire.mile-end.qc.ca\/wp-content\/uploads\/IMG_6628-600x450.jpeg 600w, http:\/\/memoire.mile-end.qc.ca\/wp-content\/uploads\/IMG_6628-768x576.jpeg 768w\" sizes=\"(max-width: 1024px) 100vw, 1024px\" \/><p id=\"caption-attachment-5719\" class=\"wp-caption-text\">Le Mile End et le mont Royal vus du viaduc Rosemont\u2013Van Horne, juin 2020 \/ photo Justin Bur<\/p><\/div><\/p>\n<p>En 1915, l\u2019\u00e9glise St. Michael\u2019s dans le Mile End pouvait se vanter d\u2019\u00eatre la paroisse catholique anglophone la plus nombreuse de la ville de Montr\u00e9al. Au fil des d\u00e9cennies suivantes, cette population a d\u00e9m\u00e9nag\u00e9 vers d\u2019autres quartiers. L\u2019\u00e9glise St. Michael\u2019s a fusionn\u00e9 avec une mission polonaise en 1969 et aujourd\u2019hui, les gens sont souvent surpris d\u2019apprendre que l\u2019\u00e9glise ait d\u00e9j\u00e0 \u00e9t\u00e9 irlandaise.<\/p>\n<p>M\u00e9moire du Mile End part \u00e0 la recherche du Mile End irlandais. Avec le soutien du projet Appartenance et identit\u00e9 du <a href=\"https:\/\/qahn.org\/\">R\u00e9seau du patrimoine anglophone du Qu\u00e9bec<\/a> (RPAQ\/QAHN) [1], nous avons entam\u00e9 un processus de recherches visant \u00e0 d\u00e9couvrir l\u2019h\u00e9ritage irlandais du quartier et la dispersion de la communaut\u00e9 apr\u00e8s la Seconde Guerre mondiale.<\/p>\n<p>Dans cette conf\u00e9rence, Justin Bur parlera du promoteur immobilier James Baxter, du club athl\u00e9tique Shamrock et son stade de crosse, et bien s\u00fbr de la paroisse St. Michael \u2013 sans oublier les <a href=\"http:\/\/memoire.mile-end.qc.ca\/les-soeurs-mcnulty-et-le-mile-end\/\">familles d&#8217;origine irlandaise qui n&#8217;\u00e9taient pas catholiques<\/a>. On tentera de comprendre les raisons de la disparition de la communaut\u00e9 irlandaise du Mile End. Et il y aura m\u00eame une <a href=\"https:\/\/www.encyclopedia-titanica.org\/titanic-victim\/quigg-baxter.html\">histoire d&#8217;amour sur le Titanic<\/a>, m\u00eame si sa connexion avec notre sujet est p\u00e9riph\u00e9rique\u2026<\/p>\n<p><strong>Date et heure<\/strong>: <strong>dimanche 13<\/strong> mars 2022, <strong>14 h<\/strong><br \/>\n<strong>Lieu<\/strong>: <strong>Biblioth\u00e8que Mordecai-Richler<\/strong> du Mile End, 5434 avenue du Parc<br \/>\nLangues: conf\u00e9rence en fran\u00e7ais, p\u00e9riode de questions bilingue<br \/>\nPlaces limit\u00e9es, <a href=\"https:\/\/forms.gle\/wErqBdm7MXk9ALeT7\">r\u00e9servation obligatoire<\/a><\/p>\n<p>Note: la conf\u00e9rence sera enregistr\u00e9e et il sera possible de la visionner en diff\u00e9r\u00e9. <strong><a href=\"https:\/\/drive.google.com\/file\/d\/1_UHwFWOAn3DUbKB0BXPV7-X88aEWR1it\/view?usp=sharing\">Vid\u00e9o de la conf\u00e9rence<\/a><\/strong><\/p>\n<p>Justin Bur est membre du conseil d&#8217;administration de M\u00e9moire du Mile End, doctorant en \u00e9tudes urbaines \u00e0 l&#8217;UQAM et guide touristique de Montr\u00e9al.<\/p>\n<p>[1] Le projet Appartenance et identit\u00e9 re\u00e7oit son financement du Secr\u00e9tariat aux relations avec les Qu\u00e9b\u00e9cois d\u2019expression anglaise du gouvernement du Qu\u00e9bec.<\/p>\n<table>\n<tbody>\n<tr>\n<td style=\"width: 50%;\"><img loading=\"lazy\" class=\"wp-image-5808 aligncenter\" src=\"http:\/\/memoire.mile-end.qc.ca\/wp-content\/uploads\/QAHN-20-anniversary-Transparency-logo-outl-600x384.png\" alt=\"\" width=\"300\" height=\"192\" srcset=\"http:\/\/memoire.mile-end.qc.ca\/wp-content\/uploads\/QAHN-20-anniversary-Transparency-logo-outl-600x384.png 600w, http:\/\/memoire.mile-end.qc.ca\/wp-content\/uploads\/QAHN-20-anniversary-Transparency-logo-outl-768x491.png 768w, http:\/\/memoire.mile-end.qc.ca\/wp-content\/uploads\/QAHN-20-anniversary-Transparency-logo-outl-1024x655.png 1024w, http:\/\/memoire.mile-end.qc.ca\/wp-content\/uploads\/QAHN-20-anniversary-Transparency-logo-outl.png 1055w\" sizes=\"(max-width: 300px) 100vw, 300px\" \/><\/td>\n<td style=\"width: 50%;\"><img loading=\"lazy\" class=\"wp-image-5809 aligncenter\" src=\"http:\/\/memoire.mile-end.qc.ca\/wp-content\/uploads\/SRQEA-transparency.png\" alt=\"\" width=\"300\" height=\"104\" \/><\/td>\n<\/tr>\n<\/tbody>\n<\/table>\n<p><\/p>","protected":false},"excerpt":{"rendered":"<p>En 1915, l\u2019\u00e9glise St. Michael\u2019s dans le Mile End pouvait se vanter d\u2019\u00eatre la paroisse catholique anglophone la plus nombreuse de la ville de Montr\u00e9al. Au fil des d\u00e9cennies suivantes, cette population a d\u00e9m\u00e9nag\u00e9 vers d\u2019autres quartiers. L\u2019\u00e9glise St. Michael\u2019s a fusionn\u00e9 avec une mission polonaise en 1969 et aujourd\u2019hui, les gens sont souvent surpris [&hellip;]<\/p>\n","protected":false},"author":2,"featured_media":5719,"comment_status":"open","ping_status":"open","sticky":false,"template":"","format":"standard","meta":[],"categories":[1,3],"tags":[],"_links":{"self":[{"href":"http:\/\/memoire.mile-end.qc.ca\/fr\/wp-json\/wp\/v2\/posts\/5803"}],"collection":[{"href":"http:\/\/memoire.mile-end.qc.ca\/fr\/wp-json\/wp\/v2\/posts"}],"about":[{"href":"http:\/\/memoire.mile-end.qc.ca\/fr\/wp-json\/wp\/v2\/types\/post"}],"author":[{"embeddable":true,"href":"http:\/\/memoire.mile-end.qc.ca\/fr\/wp-json\/wp\/v2\/users\/2"}],"replies":[{"embeddable":true,"href":"http:\/\/memoire.mile-end.qc.ca\/fr\/wp-json\/wp\/v2\/comments?post=5803"}],"version-history":[{"count":8,"href":"http:\/\/memoire.mile-end.qc.ca\/fr\/wp-json\/wp\/v2\/posts\/5803\/revisions"}],"predecessor-version":[{"id":5824,"href":"http:\/\/memoire.mile-end.qc.ca\/fr\/wp-json\/wp\/v2\/posts\/5803\/revisions\/5824"}],"wp:featuredmedia":[{"embeddable":true,"href":"http:\/\/memoire.mile-end.qc.ca\/fr\/wp-json\/wp\/v2\/media\/5719"}],"wp:attachment":[{"href":"http:\/\/memoire.mile-end.qc.ca\/fr\/wp-json\/wp\/v2\/media?parent=5803"}],"wp:term":[{"taxonomy":"category","embeddable":true,"href":"http:\/\/memoire.mile-end.qc.ca\/fr\/wp-json\/wp\/v2\/categories?post=5803"},{"taxonomy":"post_tag","embeddable":true,"href":"http:\/\/memoire.mile-end.qc.ca\/fr\/wp-json\/wp\/v2\/tags?post=5803"}],"curies":[{"name":"wp","href":"https:\/\/api.w.org\/{rel}","templated":true}]}}