{"id":5815,"date":"2022-03-23T09:26:52","date_gmt":"2022-03-23T13:26:52","guid":{"rendered":"http:\/\/memoire.mile-end.qc.ca\/?p=5815"},"modified":"2022-05-24T21:08:27","modified_gmt":"2022-05-25T01:08:27","slug":"conference-lavenue-du-parc-a-travers-le-temps","status":"publish","type":"post","link":"http:\/\/memoire.mile-end.qc.ca\/fr\/conference-lavenue-du-parc-a-travers-le-temps\/","title":{"rendered":"Conf\u00e9rence\u00a0: L&#8217;avenue du Parc \u00e0 travers le temps"},"content":{"rendered":"<p><div id=\"attachment_5816\" style=\"width: 610px\" class=\"wp-caption alignnone\"><img aria-describedby=\"caption-attachment-5816\" loading=\"lazy\" class=\"wp-image-5816 size-medium\" src=\"http:\/\/memoire.mile-end.qc.ca\/wp-content\/uploads\/6283266940_17a4319968_k_d-600x390.jpg\" alt=\"\" width=\"600\" height=\"390\" srcset=\"http:\/\/memoire.mile-end.qc.ca\/wp-content\/uploads\/6283266940_17a4319968_k_d-600x390.jpg 600w, http:\/\/memoire.mile-end.qc.ca\/wp-content\/uploads\/6283266940_17a4319968_k_d-768x499.jpg 768w, http:\/\/memoire.mile-end.qc.ca\/wp-content\/uploads\/6283266940_17a4319968_k_d-1024x665.jpg 1024w, http:\/\/memoire.mile-end.qc.ca\/wp-content\/uploads\/6283266940_17a4319968_k_d.jpg 2048w\" sizes=\"(max-width: 600px) 100vw, 600px\" \/><p id=\"caption-attachment-5816\" class=\"wp-caption-text\">Avenue du Parc, \u00e0 l&#8217;intersection de l&#8217;avenue du Mont-Royal, 21 octobre 1912. [<a href=\"https:\/\/www.flickr.com\/photos\/thomasfisherlibrary\/6283266940\/\">Thomas Fisher Rare Book Library<\/a>]<\/p><\/div>\u00ab Rue principale \u00bb du Mile End, l\u2019avenue du Parc a d\u2019abord \u00e9t\u00e9 con\u00e7ue comme un boulevard r\u00e9sidentiel de prestige r\u00e9serv\u00e9 aux classes ais\u00e9es. \u00c0 partir de 1914, elle doit composer avec de multiples r\u00f4les : avenue \u00e0 la fois commerciale et r\u00e9sidentielle; p\u00f4le identitaire pour diverses communaut\u00e9s ethniques; lieu de rendez-vous de la vie nocturne montr\u00e9alaise, et voie de transit \u00e0 haute densit\u00e9 de circulation.<\/p>\n<p>La conf\u00e9rence fera le point sur nos r\u00e9centes recherches concernant son histoire : elles d\u00e9montrent que la cohabitation entre ces diff\u00e9rentes vocations, m\u00eame si elle n\u2019a pas toujours \u00e9t\u00e9 facile, conf\u00e8re son caract\u00e8re particulier \u00e0 une avenue qu\u2019on a qualifi\u00e9e de \u00ab toute croche, mais avec une \u00e2me. \u00bb<\/p>\n<p>Par <strong>Yves Desjardins<\/strong>, administrateur de M\u00e9moire du Mile End et historien.<br \/>\nAuteur de <em>Histoire du Mile End<\/em> (\u00e9ditions du Septentrion, 2017), <em>Le Qu\u00e9bec \u00e0 l&#8217;ouvrage<\/em> (aux \u00e9ditions Cardinal, 2021) et coauteur du <em>Dictionnaire historique du Plateau Mont-Royal<\/em> (aux \u00e9ditions \u00c9cosoci\u00e9t\u00e9, 2017).<\/p>\n<p><strong>Dimanche 10 avril<\/strong> 2022, <strong>14 h<br \/>\n<\/strong>Sur place \u00e0 la <strong>Biblioth\u00e8que Mordecai-Richler<\/strong> (salle de conf\u00e9rences), 5434 avenue du Parc.<br \/>\n<strong>Le port du masque est obligatoire.<br \/>\n<\/strong>Inscription recommand\u00e9e en ligne <a href=\"https:\/\/forms.gle\/vLjebuQkjA4zhNWA9\" target=\"_blank\" rel=\"nofollow noopener\">https:\/\/forms.gle\/vLjebuQkjA4zhNWA9<\/a> ou par t\u00e9l\u00e9phone au 514 872-2141.<\/p>\n<p>Note: la conf\u00e9rence sera enregistr\u00e9e et il sera possible de la visionner en diff\u00e9r\u00e9. <strong><a href=\"https:\/\/drive.google.com\/file\/d\/1AIsHcRuIsZzPTBw7WMoWVEueFJnvjNjn\/view?usp=sharing\">Vid\u00e9o de la conf\u00e9rence<\/a><\/strong><\/p>","protected":false},"excerpt":{"rendered":"<p>\u00ab Rue principale \u00bb du Mile End, l\u2019avenue du Parc a d\u2019abord \u00e9t\u00e9 con\u00e7ue comme un boulevard r\u00e9sidentiel de prestige r\u00e9serv\u00e9 aux classes ais\u00e9es. \u00c0 partir de 1914, elle doit composer avec de multiples r\u00f4les : avenue \u00e0 la fois commerciale et r\u00e9sidentielle; p\u00f4le identitaire pour diverses communaut\u00e9s ethniques; lieu de rendez-vous de la vie [&hellip;]<\/p>\n","protected":false},"author":2,"featured_media":0,"comment_status":"open","ping_status":"open","sticky":false,"template":"","format":"standard","meta":[],"categories":[1,3],"tags":[],"_links":{"self":[{"href":"http:\/\/memoire.mile-end.qc.ca\/fr\/wp-json\/wp\/v2\/posts\/5815"}],"collection":[{"href":"http:\/\/memoire.mile-end.qc.ca\/fr\/wp-json\/wp\/v2\/posts"}],"about":[{"href":"http:\/\/memoire.mile-end.qc.ca\/fr\/wp-json\/wp\/v2\/types\/post"}],"author":[{"embeddable":true,"href":"http:\/\/memoire.mile-end.qc.ca\/fr\/wp-json\/wp\/v2\/users\/2"}],"replies":[{"embeddable":true,"href":"http:\/\/memoire.mile-end.qc.ca\/fr\/wp-json\/wp\/v2\/comments?post=5815"}],"version-history":[{"count":3,"href":"http:\/\/memoire.mile-end.qc.ca\/fr\/wp-json\/wp\/v2\/posts\/5815\/revisions"}],"predecessor-version":[{"id":5832,"href":"http:\/\/memoire.mile-end.qc.ca\/fr\/wp-json\/wp\/v2\/posts\/5815\/revisions\/5832"}],"wp:attachment":[{"href":"http:\/\/memoire.mile-end.qc.ca\/fr\/wp-json\/wp\/v2\/media?parent=5815"}],"wp:term":[{"taxonomy":"category","embeddable":true,"href":"http:\/\/memoire.mile-end.qc.ca\/fr\/wp-json\/wp\/v2\/categories?post=5815"},{"taxonomy":"post_tag","embeddable":true,"href":"http:\/\/memoire.mile-end.qc.ca\/fr\/wp-json\/wp\/v2\/tags?post=5815"}],"curies":[{"name":"wp","href":"https:\/\/api.w.org\/{rel}","templated":true}]}}