{"id":583,"date":"2011-05-09T10:12:30","date_gmt":"2011-05-09T14:12:30","guid":{"rendered":"http:\/\/mile-end.qc.ca\/?p=583"},"modified":"2013-12-27T20:41:26","modified_gmt":"2013-12-28T01:41:26","slug":"visite-a-pied-le-mile-end-ouest-assemblee-generale","status":"publish","type":"post","link":"http:\/\/memoire.mile-end.qc.ca\/fr\/visite-a-pied-le-mile-end-ouest-assemblee-generale\/","title":{"rendered":"Visite \u00e0 pied: Le Mile End ouest \u2013 Assembl\u00e9e g\u00e9n\u00e9rale"},"content":{"rendered":"<p><strong><em>M\u00e9moire du Mile End* vous invite \u00e0 ses prochaines activit\u00e9s\u00a0:<\/em><\/strong><\/p>\n<p>&nbsp;<\/p>\n<p><strong>1. VISITE \u00c0 PIED\u00a0: LE MILE END OUEST<\/strong><\/p>\n<p><strong><em>Susan Bronson, architecte et historienne<\/em><\/strong><\/p>\n<p><strong>D\u00e9couvrez la riche histoire de l\u2019Ouest du Mile End (entre la rue Hutchison et le boulevard Saint-Laurent), incluant le terrain des expositions agricoles et industrielles du 19<sup>e<\/sup> si\u00e8cle et des maisons en rang\u00e9e, des \u00e9difices de vocation mixte et des lieux de culte datant du d\u00e9but du 20<sup>e<\/sup> si\u00e8cle, sans mentionner les multiples personnages et communaut\u00e9s culturelles qui ont transform\u00e9 ce paysage urbain vernaculaire unique au fil du temps. <\/strong><\/p>\n<p><em>Date et heure\u00a0:<br \/>\n<\/em><strong>Le samedi 14 mai 2011, 14 h 00 \u00e0 16 h 30, beau temps, mauvais temps<\/strong><\/p>\n<p><em>Lieu du d\u00e9part\u00a0:<br \/>\n<\/em><strong>Angle sud-est de l\u2019avenue du Parc et de l\u2019avenue du Mont-Royal (autobus 80, 97 ou 11, m\u00e9tro Mont-Royal)<\/strong><\/p>\n<p><em>Lieu de la fin\u00a0:<br \/>\n<\/em><strong>Angle de l\u2019avenue du Parc et de la rue Bernard<\/strong><\/p>\n<p><em>Co\u00fbt\u00a0:<br \/>\n<\/em><strong>12 $ par personne<\/strong><\/p>\n<p><em>Langue\u00a0:<br \/>\n<\/em><strong>En fran\u00e7ais (les d\u00e9tails de la visite en anglais du dimanche 15 mai 2011 <a href=\"\/2011\/05\/walking-tour-western-mile-end-\u2013-and-annual-general-meeting\/?lang=en\">se trouvent ici<\/a><\/strong><strong>)<\/strong><\/p>\n<p><em>R\u00e9servations\u00a0:<br \/>\n<\/em><strong>Pas n\u00e9cessaires<\/strong><\/p>\n<p><em><br \/>\n<\/em><\/p>\n<p><strong>2. ASSEMBL\u00c9E G\u00c9N\u00c9RALE ANNUELLE DE M\u00c9MOIRE DU MILE END<\/strong><\/p>\n<p><strong><em>Le mercredi 18 mai 2011 \u00e0 18 h 00<\/em><\/strong><\/p>\n<p><strong><em>Chez Al-Boutik, 148 rue Fairmount Ouest, Montr\u00e9al<\/em><\/strong><\/p>\n<p><strong>Au cours de l\u2019assembl\u00e9e, il y aura pr\u00e9sentation du bilan des activit\u00e9s de l\u2019ann\u00e9e 2010, le plan d\u2019action 2011 et on proc\u00e9dera \u00e0 l\u2019\u00e9lection du conseil d\u2019administration.\u00a0Un go\u00fbter aux saveurs du Sahara sera servi. Les abonn\u00e9s de cette liste sont invit\u00e9s \u00e0 participer \u00e0 l\u2019assembl\u00e9e g\u00e9n\u00e9rale et peuvent devenir membres de M\u00e9moire du Mile End s\u2019ils le souhaitent, sans frais. L\u2019<a href=\"http:\/\/memoire.mile-end.qc.ca\/wp-content\/uploads\/MME-odj-AGA-110518.doc\">ordre du jour<\/a> de l\u2019assembl\u00e9e et le <a href=\"http:\/\/memoire.mile-end.qc.ca\/wp-content\/uploads\/MME-pv-AGF-7-fevrier-2010_prel.doc\">proc\u00e8s-verbal<\/a> de l\u2019assembl\u00e9e g\u00e9n\u00e9rale de fondation du 7 f\u00e9vrier 2010 seront disponibles sur le site internet (<a href=\"http:\/\/memoire.mile-end.qc.ca\/\">www.mile-end.qc.ca<\/a>) et sur demande.<\/strong><\/p>\n<p><em>R\u00e9servations\u00a0(obligatoires):<br \/>\n<\/em><strong>Pri\u00e8re de nous aviser avant le 16 mai 2011 de votre intention d\u2019\u00eatre pr\u00e9sent(e)\u00a0: <\/strong><strong><a title=\"mailto:jrzubalik@gmail.com\" href=\"mailto:jrzubalik@gmail.com\">jrzubalik@gmail.com<\/a>.<\/strong><\/p>\n<p><em>Langues\u00a0:<br \/>\n<\/em><strong>Pr\u00e9sentation en fran\u00e7ais et discussion en fran\u00e7ais et en anglais.<\/strong><\/p>\n<p><strong><em>* M\u00e9moire du Mile End<\/em><\/strong> est un organisme \u00e0 but non lucratif d\u00e9di\u00e9 au patrimoine, \u00e0 l\u2019histoire et \u00e0 la culture du quartier Mile End. <a href=\"http:\/\/memoire.mile-end.qc.ca\/wp-content\/uploads\/MME-PROG.activites2011.pdf\">T\u00e9l\u00e9charger le programme r\u00e9vis\u00e9 des activit\u00e9s de M\u00e9moire du Mile End en 2011<\/a>.\u00a0<strong> <\/strong><\/p>","protected":false},"excerpt":{"rendered":"<p>M\u00e9moire du Mile End* vous invite \u00e0 ses prochaines activit\u00e9s\u00a0: &nbsp; 1. VISITE \u00c0 PIED\u00a0: LE MILE END OUEST Susan Bronson, architecte et historienne D\u00e9couvrez la riche histoire de l\u2019Ouest du Mile End (entre la rue Hutchison et le boulevard Saint-Laurent), incluant le terrain des expositions agricoles et industrielles du 19e si\u00e8cle et des maisons [&hellip;]<\/p>\n","protected":false},"author":4,"featured_media":0,"comment_status":"closed","ping_status":"open","sticky":false,"template":"","format":"standard","meta":[],"categories":[5],"tags":[],"_links":{"self":[{"href":"http:\/\/memoire.mile-end.qc.ca\/fr\/wp-json\/wp\/v2\/posts\/583"}],"collection":[{"href":"http:\/\/memoire.mile-end.qc.ca\/fr\/wp-json\/wp\/v2\/posts"}],"about":[{"href":"http:\/\/memoire.mile-end.qc.ca\/fr\/wp-json\/wp\/v2\/types\/post"}],"author":[{"embeddable":true,"href":"http:\/\/memoire.mile-end.qc.ca\/fr\/wp-json\/wp\/v2\/users\/4"}],"replies":[{"embeddable":true,"href":"http:\/\/memoire.mile-end.qc.ca\/fr\/wp-json\/wp\/v2\/comments?post=583"}],"version-history":[{"count":1,"href":"http:\/\/memoire.mile-end.qc.ca\/fr\/wp-json\/wp\/v2\/posts\/583\/revisions"}],"predecessor-version":[{"id":2265,"href":"http:\/\/memoire.mile-end.qc.ca\/fr\/wp-json\/wp\/v2\/posts\/583\/revisions\/2265"}],"wp:attachment":[{"href":"http:\/\/memoire.mile-end.qc.ca\/fr\/wp-json\/wp\/v2\/media?parent=583"}],"wp:term":[{"taxonomy":"category","embeddable":true,"href":"http:\/\/memoire.mile-end.qc.ca\/fr\/wp-json\/wp\/v2\/categories?post=583"},{"taxonomy":"post_tag","embeddable":true,"href":"http:\/\/memoire.mile-end.qc.ca\/fr\/wp-json\/wp\/v2\/tags?post=583"}],"curies":[{"name":"wp","href":"https:\/\/api.w.org\/{rel}","templated":true}]}}