{"id":5912,"date":"2022-11-04T00:00:43","date_gmt":"2022-11-04T04:00:43","guid":{"rendered":"http:\/\/memoire.mile-end.qc.ca\/?p=5912"},"modified":"2022-11-04T00:00:43","modified_gmt":"2022-11-04T04:00:43","slug":"mount-royal-cinema","status":"publish","type":"post","link":"http:\/\/memoire.mile-end.qc.ca\/fr\/mount-royal-cinema\/","title":{"rendered":"Mount Royal (cin\u00e9ma)"},"content":{"rendered":"<p><div id=\"attachment_5914\" style=\"width: 800px\" class=\"wp-caption alignnone\"><img aria-describedby=\"caption-attachment-5914\" loading=\"lazy\" class=\"size-large wp-image-5914\" src=\"http:\/\/memoire.mile-end.qc.ca\/wp-content\/uploads\/2731047-790x1024.jpg\" alt=\"\" width=\"790\" height=\"1024\" srcset=\"http:\/\/memoire.mile-end.qc.ca\/wp-content\/uploads\/2731047-790x1024.jpg 790w, http:\/\/memoire.mile-end.qc.ca\/wp-content\/uploads\/2731047-463x600.jpg 463w, http:\/\/memoire.mile-end.qc.ca\/wp-content\/uploads\/2731047-768x996.jpg 768w, http:\/\/memoire.mile-end.qc.ca\/wp-content\/uploads\/2731047.jpg 1157w\" sizes=\"(max-width: 790px) 100vw, 790px\" \/><p id=\"caption-attachment-5914\" class=\"wp-caption-text\">Le cin\u00e9ma Mount Royal, dessin de l&#8217;architecte J.-Arthur Godin. La Presse, 27 septembre 1913 \/ Albums Massicotte, <a href=\"https:\/\/numerique.banq.qc.ca\/patrimoine\/details\/52327\/2081054\">BAnQ<\/a><\/p><\/div><\/p>\n<p>Le Mount Royal, situ\u00e9 au 215 avenue Laurier Ouest entre l\u2019avenue de l\u2019Esplanade et la rue Jeanne-Mance, a compt\u00e9 parmi les premiers cin\u00e9mas du Mile End, avec le <a href=\"http:\/\/memoire.mile-end.qc.ca\/verdi-cinema\/\">Verdi<\/a>. Ouvert en octobre 1913, il offrait une programmation en anglais. Comme le cin\u00e9ma Dominion (aujourd&#8217;hui La Tulipe) construit en m\u00eame temps sur l\u2019avenue Papineau, il a \u00e9t\u00e9 con\u00e7u par l\u2019architecte Joseph-Arthur Godin.<\/p>\n<p>Exploit\u00e9 par des g\u00e9rants ind\u00e9pendants, il subit t\u00f4t la concurrence du palace plus prestigieux de l\u2019avenue du Parc, le <a href=\"http:\/\/memoire.mile-end.qc.ca\/regent-cinema\/\">Regent<\/a> (1916), qui fait partie du circuit de United Amusement. Peu avant l\u2019ouverture du <a href=\"http:\/\/memoire.mile-end.qc.ca\/rialto-cinema\/\">Rialto<\/a>, le propri\u00e9taire du Mount Royal, sous pression, en c\u00e8de le contr\u00f4le \u00e0 United (octobre 1924). Le Mount Royal se sp\u00e9cialise pendant les ann\u00e9es 1930 dans la pr\u00e9sentation de films en yiddish, refl\u00e9tant la composition d\u00e9mographique du quartier. Il pr\u00e9sente m\u00eame en 1934 <em>Road to Life<\/em>, le premier film parlant produit en Union sovi\u00e9tique.<\/p>\n<p>Gr\u00e2ce \u00e0 l\u2019arriv\u00e9e d\u2019une nouvelle population juive au Mile End \u00e0 partir de la fin des ann\u00e9es 1940, celle des survivants des camps de concentration nazis, le Mount Royal conna\u00eet un deuxi\u00e8me souffle. Le th\u00e9\u00e2tre est r\u00e9nov\u00e9 en 1949 et rebaptis\u00e9 cin\u00e9ma Avon. \u00c0 partir de 1952, il devient \u00ab international \u00bb et, en plus du cin\u00e9ma, il propose des concerts et des spectacles de vaudeville en yiddish.<\/p>\n<div id=\"attachment_5913\" style=\"width: 450px\" class=\"wp-caption alignnone\"><img aria-describedby=\"caption-attachment-5913\" loading=\"lazy\" class=\"size-full wp-image-5913\" src=\"http:\/\/memoire.mile-end.qc.ca\/wp-content\/uploads\/Cinema-Avon_1946.png\" alt=\"\" width=\"440\" height=\"551\" \/><p id=\"caption-attachment-5913\" class=\"wp-caption-text\">La nouvelle marquise du cin\u00e9ma Avon. La Presse, 14 octobre 1949<\/p><\/div>\n<p>Apr\u00e8s la fermeture du cin\u00e9ma en 1958, l\u2019\u00e9difice conna\u00eet diff\u00e9rentes vocations, notamment celles de restaurant et d\u2019entrep\u00f4t, et abrite m\u00eame bri\u00e8vement les studios de la station de t\u00e9l\u00e9vision CFCF (1961). Il dispara\u00eet dans les ann\u00e9es 1970, et le terrain demeure vacant pendant plusieurs ann\u00e9es. Un \u00e9difice qui abrite des commerces au rez-de-chauss\u00e9e et des condominiums aux \u00e9tages occupe son emplacement depuis 1998.<\/p>\n<hr \/>\n<p>Recherche et r\u00e9daction\u00a0: Yves Desjardins et Justin Bur<\/p>\n<p><a href=\"http:\/\/ecosociete.org\/livres\/dictionnaire-historique-du-plateau-mont-royal\"><img loading=\"lazy\" class=\"alignleft wp-image-4283\" src=\"http:\/\/memoire.mile-end.qc.ca\/wp-content\/uploads\/DHPMR.jpg\" alt=\"Dictionnaire historique du Plateau Mont-Royal\" width=\"100\" height=\"127\" \/><\/a>Extrait du <a href=\"http:\/\/ecosociete.org\/livres\/dictionnaire-historique-du-plateau-mont-royal\">Dictionnaire historique du Plateau Mont-Royal<\/a> (\u00c9cosoci\u00e9t\u00e9, 2017) avec l&#8217;aimable autorisation de l&#8217;\u00e9diteur<\/p>","protected":false},"excerpt":{"rendered":"<p>Le Mount Royal, situ\u00e9 au 215 avenue Laurier Ouest entre l\u2019avenue de l\u2019Esplanade et la rue Jeanne-Mance, a compt\u00e9 parmi les premiers cin\u00e9mas du Mile End, avec le Verdi. Ouvert en octobre 1913, il offrait une programmation en anglais. Comme le cin\u00e9ma Dominion (aujourd&#8217;hui La Tulipe) construit en m\u00eame temps sur l\u2019avenue Papineau, il a [&hellip;]<\/p>\n","protected":false},"author":3,"featured_media":5913,"comment_status":"open","ping_status":"open","sticky":false,"template":"","format":"standard","meta":[],"categories":[41],"tags":[],"_links":{"self":[{"href":"http:\/\/memoire.mile-end.qc.ca\/fr\/wp-json\/wp\/v2\/posts\/5912"}],"collection":[{"href":"http:\/\/memoire.mile-end.qc.ca\/fr\/wp-json\/wp\/v2\/posts"}],"about":[{"href":"http:\/\/memoire.mile-end.qc.ca\/fr\/wp-json\/wp\/v2\/types\/post"}],"author":[{"embeddable":true,"href":"http:\/\/memoire.mile-end.qc.ca\/fr\/wp-json\/wp\/v2\/users\/3"}],"replies":[{"embeddable":true,"href":"http:\/\/memoire.mile-end.qc.ca\/fr\/wp-json\/wp\/v2\/comments?post=5912"}],"version-history":[{"count":1,"href":"http:\/\/memoire.mile-end.qc.ca\/fr\/wp-json\/wp\/v2\/posts\/5912\/revisions"}],"predecessor-version":[{"id":5915,"href":"http:\/\/memoire.mile-end.qc.ca\/fr\/wp-json\/wp\/v2\/posts\/5912\/revisions\/5915"}],"wp:featuredmedia":[{"embeddable":true,"href":"http:\/\/memoire.mile-end.qc.ca\/fr\/wp-json\/wp\/v2\/media\/5913"}],"wp:attachment":[{"href":"http:\/\/memoire.mile-end.qc.ca\/fr\/wp-json\/wp\/v2\/media?parent=5912"}],"wp:term":[{"taxonomy":"category","embeddable":true,"href":"http:\/\/memoire.mile-end.qc.ca\/fr\/wp-json\/wp\/v2\/categories?post=5912"},{"taxonomy":"post_tag","embeddable":true,"href":"http:\/\/memoire.mile-end.qc.ca\/fr\/wp-json\/wp\/v2\/tags?post=5912"}],"curies":[{"name":"wp","href":"https:\/\/api.w.org\/{rel}","templated":true}]}}