{"id":5965,"date":"2023-02-01T14:02:50","date_gmt":"2023-02-01T19:02:50","guid":{"rendered":"http:\/\/memoire.mile-end.qc.ca\/?p=5965"},"modified":"2023-03-21T13:10:26","modified_gmt":"2023-03-21T17:10:26","slug":"conference-les-jardins-guilbault","status":"publish","type":"post","link":"http:\/\/memoire.mile-end.qc.ca\/fr\/conference-les-jardins-guilbault\/","title":{"rendered":"Conf\u00e9rence : Les jardins Guilbault"},"content":{"rendered":"<p><\/p>\n<h1><strong>Les jardins Guilbault : \u00c9blouir les Montr\u00e9alais<\/strong><\/h1>\n<h2>Conf\u00e9rence de Bernard Vall\u00e9e<br \/>\nDimanche 12 f\u00e9vrier \u00e0 14h<\/h2>\n<p><div id=\"attachment_5966\" style=\"width: 488px\" class=\"wp-caption alignnone\"><img aria-describedby=\"caption-attachment-5966\" loading=\"lazy\" class=\"size-medium wp-image-5966\" src=\"http:\/\/memoire.mile-end.qc.ca\/wp-content\/uploads\/1862-08-16-Hippozoonomadon-Minerve-478x600.jpg\" alt=\"\" width=\"478\" height=\"600\" srcset=\"http:\/\/memoire.mile-end.qc.ca\/wp-content\/uploads\/1862-08-16-Hippozoonomadon-Minerve-478x600.jpg 478w, http:\/\/memoire.mile-end.qc.ca\/wp-content\/uploads\/1862-08-16-Hippozoonomadon-Minerve-768x964.jpg 768w, http:\/\/memoire.mile-end.qc.ca\/wp-content\/uploads\/1862-08-16-Hippozoonomadon-Minerve.jpg 800w\" sizes=\"(max-width: 478px) 100vw, 478px\" \/><p id=\"caption-attachment-5966\" class=\"wp-caption-text\">Affiche publicitaire de l&#8217;hippozoonomadon de passage au jardin Guilbault en 1862. La Minerve, 16 ao\u00fbt 1862 [BAnQ]<\/p><\/div>Comment la population montr\u00e9alaise du XIXe si\u00e8cle, nouvellement citadine, c\u00e9l\u00e9brait-elle la nature en ville ? Comment s&#8217;amusait-elle en s&#8217;ouvrant aux curiosit\u00e9s du monde quand le Plateau Mont-Royal \u00e9tait d&#8217;abord pour elle une destination loisir ?<\/p>\n<p>Apr\u00e8s avoir occup\u00e9 plusieurs sites dans les faubourgs autour de la ville depuis 1831, le jardin botanique et zoologique de Joseph-\u00c9douard Guilbault s&#8217;installe en 1862 pr\u00e8s de la rue Saint-Laurent, au sud de l\u2019actuelle avenue des Pins. Il va y r\u00e9unir des attractions, y organiser des f\u00eates et y accueillir spectacles, concerts et cirques qui vont cohabiter avec les expositions botaniques, une m\u00e9nagerie et un mus\u00e9e de curiosit\u00e9s.<\/p>\n<p>Notre conf\u00e9rencier, <strong>Bernard Vall\u00e9e<\/strong>, de <a href=\"https:\/\/mile-end.us3.list-manage.com\/track\/click?u=4cadf217616806f17615f4183&amp;id=92d08e13e0&amp;e=b37ef262b8\" target=\"_blank\" rel=\"noopener\">Montr\u00e9al Explorations<\/a>, a une formation en architecture et s\u2019implique dans la d\u00e9fense du droit au logement et du patrimoine populaire dans le Plateau Mont-Royal. Depuis 40 ans, il d\u00e9veloppe des circuits historiques, patrimoniaux et d\u2019analyse urbaine. Il a \u00e9t\u00e9 un des fondateurs du Collectif d&#8217;animation urbaine L&#8217;Autre Montr\u00e9al et est membre du Conseil du patrimoine de Montr\u00e9al.<\/p>\n<p><strong>Dimanche 12 f\u00e9vrier 2023,<\/strong> <strong>14 h<\/strong><br \/>\n<strong>Biblioth\u00e8que Mordecai-Richler<\/strong> (salle de conf\u00e9rences), 5434 avenue du Parc, H2V 4G7<br \/>\nVeuillez noter que le conf\u00e9rencier donnera sa pr\u00e9sentation en webdiffusion.<\/p>\n<p>\u00c9v\u00e9nement gratuit. <!--Inscription r\u00e9command\u00e9e mais non obligatoire: <a href=\"https:\/\/mile-end.us3.list-manage.com\/track\/click?u=4cadf217616806f17615f4183&amp;id=d4400cbdad&amp;e=b37ef262b8\" target=\"_blank\" rel=\"noopener\">EventBrite<\/a>--><\/p>\n<p><a href=\"https:\/\/drive.google.com\/file\/d\/1gVgYwOxQfVSR_IfrjWBV7e4_2v3ZO3UK\/view?usp=share_link\"><strong>Vid\u00e9o de la conf\u00e9rence<\/strong><\/a><\/p>","protected":false},"excerpt":{"rendered":"<p>Les jardins Guilbault : \u00c9blouir les Montr\u00e9alais Conf\u00e9rence de Bernard Vall\u00e9e Dimanche 12 f\u00e9vrier \u00e0 14h Comment la population montr\u00e9alaise du XIXe si\u00e8cle, nouvellement citadine, c\u00e9l\u00e9brait-elle la nature en ville ? Comment s&#8217;amusait-elle en s&#8217;ouvrant aux curiosit\u00e9s du monde quand le Plateau Mont-Royal \u00e9tait d&#8217;abord pour elle une destination loisir ? Apr\u00e8s avoir occup\u00e9 plusieurs [&hellip;]<\/p>\n","protected":false},"author":3,"featured_media":0,"comment_status":"open","ping_status":"open","sticky":false,"template":"","format":"standard","meta":[],"categories":[1,3],"tags":[],"_links":{"self":[{"href":"http:\/\/memoire.mile-end.qc.ca\/fr\/wp-json\/wp\/v2\/posts\/5965"}],"collection":[{"href":"http:\/\/memoire.mile-end.qc.ca\/fr\/wp-json\/wp\/v2\/posts"}],"about":[{"href":"http:\/\/memoire.mile-end.qc.ca\/fr\/wp-json\/wp\/v2\/types\/post"}],"author":[{"embeddable":true,"href":"http:\/\/memoire.mile-end.qc.ca\/fr\/wp-json\/wp\/v2\/users\/3"}],"replies":[{"embeddable":true,"href":"http:\/\/memoire.mile-end.qc.ca\/fr\/wp-json\/wp\/v2\/comments?post=5965"}],"version-history":[{"count":2,"href":"http:\/\/memoire.mile-end.qc.ca\/fr\/wp-json\/wp\/v2\/posts\/5965\/revisions"}],"predecessor-version":[{"id":5988,"href":"http:\/\/memoire.mile-end.qc.ca\/fr\/wp-json\/wp\/v2\/posts\/5965\/revisions\/5988"}],"wp:attachment":[{"href":"http:\/\/memoire.mile-end.qc.ca\/fr\/wp-json\/wp\/v2\/media?parent=5965"}],"wp:term":[{"taxonomy":"category","embeddable":true,"href":"http:\/\/memoire.mile-end.qc.ca\/fr\/wp-json\/wp\/v2\/categories?post=5965"},{"taxonomy":"post_tag","embeddable":true,"href":"http:\/\/memoire.mile-end.qc.ca\/fr\/wp-json\/wp\/v2\/tags?post=5965"}],"curies":[{"name":"wp","href":"https:\/\/api.w.org\/{rel}","templated":true}]}}